{"id":113716,"date":"2025-05-20T07:07:11","date_gmt":"2025-05-20T07:07:11","guid":{"rendered":"https:\/\/www.europesays.com\/fr\/113716\/"},"modified":"2025-05-20T07:07:11","modified_gmt":"2025-05-20T07:07:11","slug":"wauquiez-ou-retailleau-comment-ont-vote-les-electeurs-republicains-dile-de-france","status":"publish","type":"post","link":"https:\/\/www.europesays.com\/fr\/113716\/","title":{"rendered":"Wauquiez ou Retailleau\u00a0: comment ont vot\u00e9 les \u00e9lecteurs R\u00e9publicains d&rsquo;Ile-de-France"},"content":{"rendered":"<p><a href=\"https:\/\/94.citoyens.com\/2025\/ile-de-france-pourquoi-les-chiffres-du-chomage-des-jeunes-explose-dans-tous-les-departements,30-04-2025.html\" title=\"Ile-de-France\u00a0: pourquoi les chiffres du ch\u00f4mage des jeunes explosent dans tous les d\u00e9partements\" class=\"visuel\" target=\"_blank\" rel=\"noopener\"> <img decoding=\"async\" src=\"https:\/\/www.europesays.com\/fr\/wp-content\/uploads\/2025\/05\/france-travail-champigny-380x173.jpg\"  class=\"attachment-home-article wp-post-image lazyload\" alt=\"Ile-de-France\u00a0: pourquoi les chiffres du ch\u00f4mage des jeunes explosent dans tous les d\u00e9partements\"\/>  \u00a9 CD\t <\/a> <a href=\"https:\/\/94.citoyens.com\/2025\/ile-de-france-pourquoi-les-chiffres-du-chomage-des-jeunes-explose-dans-tous-les-departements,30-04-2025.html\" title=\"Ile-de-France\u00a0: pourquoi les chiffres du ch\u00f4mage des jeunes explosent dans tous les d\u00e9partements\" target=\"_blank\" rel=\"noopener\"> Ile-de-France\u00a0: pourquoi les chiffres du ch\u00f4mage des jeunes explosent dans tous les d\u00e9partements\t<\/a><\/p>\n<p>Entre la fin 2024 et le premier trimestre 2025, le ch\u00f4mage des moins de 25 ans a bondi de 28,13% en Ile-de-France, et m\u00eame de pr\u00e8s de 35% en Seine-Saint-Denis. Dans l\u2019ensemble, le ch\u00f4mage des cat\u00e9gories ABC (c\u2019est \u00e0 dire les demandeurs d\u2019emploi tenus de rechercher un poste), a augment\u00e9 de 5,33% d\u2019un trimestre sur\u2026<\/p>\n<p><a href=\"https:\/\/94.citoyens.com\/2025\/geopolitique-de-leau-en-ile-de-france-le-modele-eau-de-paris-etend-son-influence,23-03-2025.html\" title=\"G\u00e9opolitique de l\u2019eau\u00a0en Ile-de-France\u00a0: le mod\u00e8le Eau de Paris \u00e9tend son influence\" class=\"visuel\" target=\"_blank\" rel=\"noopener\"> <img decoding=\"async\" src=\"https:\/\/www.europesays.com\/fr\/wp-content\/uploads\/2025\/04\/eau-de-paris-seine-bievre-cachan-cd-380x173.jpg\"  class=\"attachment-home-article wp-post-image lazyload\" alt=\"G\u00e9opolitique de l\u2019eau\u00a0en Ile-de-France\u00a0: le mod\u00e8le Eau de Paris \u00e9tend son influence\"\/>  \u00a9 CD\t <\/a> <a class=\"lien-icone-article-payant\" href=\"https:\/\/94.citoyens.com\/gestion-abonnement\/paiement-abonnement?level=1\" title=\"Article r\u00e9serv\u00e9 aux abonn\u00e9s\" target=\"_blank\" rel=\"noopener\">  <img decoding=\"async\" class=\"icone-article-payant\" alt=\"Article r\u00e9serv\u00e9 aux abonn\u00e9s\" src=\"https:\/\/www.europesays.com\/fr\/wp-content\/uploads\/2025\/04\/sans_contour_32x32_couleur_originale.png\"\/>  <\/a> <a href=\"https:\/\/94.citoyens.com\/2025\/geopolitique-de-leau-en-ile-de-france-le-modele-eau-de-paris-etend-son-influence,23-03-2025.html\" title=\"G\u00e9opolitique de l\u2019eau\u00a0en Ile-de-France\u00a0: le mod\u00e8le Eau de Paris \u00e9tend son influence\" target=\"_blank\" rel=\"noopener\"> G\u00e9opolitique de l\u2019eau\u00a0en Ile-de-France\u00a0: le mod\u00e8le Eau de Paris \u00e9tend son influence\t<\/a><\/p>\n<p>Plut\u00f4t que du Champagne, de l\u2019eau claire en carafe. C\u2019est ainsi qu\u2019Eau de Paris, l\u2019\u00e9tablissement public en charge de la production et distribution de l\u2019eau dans la capitale, a arros\u00e9 son contrat avec de nouvelles r\u00e9gies publiques ce jeudi 20 mars. L\u2019enjeu : l\u2019approvisionnement en eau, mais, aussi, une approche \u00e9cologique et de gouvernance qui\u2026<\/p>\n<p><a href=\"https:\/\/94.citoyens.com\/2025\/bruno-retailleau-vient-faire-campagne-a-maisons-alfort,31-03-2025.html\" title=\"Bruno Retailleau vient faire campagne \u00e0 Maisons-Alfort\" class=\"visuel\" target=\"_blank\" rel=\"noopener\"> <img decoding=\"async\" src=\"https:\/\/www.europesays.com\/fr\/wp-content\/uploads\/2025\/05\/bruno-retailleau-photo-jean-baptiste-doat-wcc-380x173.jpg\"  class=\"attachment-home-article wp-post-image lazyload\" alt=\"Bruno Retailleau vient faire campagne \u00e0 Maisons-Alfort\"\/>  \u00a9 WCC Jean-Baptiste Doat  <\/a>  <img decoding=\"async\" class=\"icone-article-payant\" alt=\"Article r\u00e9serv\u00e9 aux abonn\u00e9s\" src=\"https:\/\/www.europesays.com\/fr\/wp-content\/uploads\/2025\/04\/sans_contour_32x32_couleur_originale.png\"\/>  <a href=\"https:\/\/94.citoyens.com\/2025\/bruno-retailleau-vient-faire-campagne-a-maisons-alfort,31-03-2025.html\" title=\"Bruno Retailleau vient faire campagne \u00e0 Maisons-Alfort\" target=\"_blank\" rel=\"noopener\"> Bruno Retailleau vient faire campagne \u00e0 Maisons-Alfort\t<\/a><\/p>\n<p>En campagne pour la pr\u00e9sidence des R\u00e9publicains, le ministre de l\u2019int\u00e9rieur est attendu \u00e0 Maisons-Alfort ce 1er avril, o\u00f9 il arrive en terrain conquis \u00e0 droite. A gauche, un collectif d\u00e9nonce sa politique vis-\u00e0-vis des \u00e9trangers.<\/p>\n<p><a href=\"https:\/\/94.citoyens.com\/2025\/seine-saint-denis-les-deputes-lfi-interpellent-le-prefet-sur-un-presume-fichage-detrangers,11-04-2025.html\" title=\"Seine-Saint-Denis : les d\u00e9put\u00e9s LFI interpellent le pr\u00e9fet sur un pr\u00e9sum\u00e9 fichage d\u2019\u00e9trangers\" class=\"visuel\" target=\"_blank\" rel=\"noopener\"> <img decoding=\"async\" src=\"https:\/\/www.europesays.com\/fr\/wp-content\/uploads\/2025\/05\/eric-coquerel-wwccdrutchy-2017-380x173.jpg\"  class=\"attachment-home-article wp-post-image lazyload\" alt=\"Seine-Saint-Denis : les d\u00e9put\u00e9s LFI interpellent le pr\u00e9fet sur un pr\u00e9sum\u00e9 fichage d\u2019\u00e9trangers\"\/>  \u00a9  WWCC Drutchy 2017\t <\/a>  <img decoding=\"async\" class=\"icone-article-payant\" alt=\"Article r\u00e9serv\u00e9 aux abonn\u00e9s\" src=\"https:\/\/www.europesays.com\/fr\/wp-content\/uploads\/2025\/04\/sans_contour_32x32_couleur_originale.png\"\/>  <a href=\"https:\/\/94.citoyens.com\/2025\/seine-saint-denis-les-deputes-lfi-interpellent-le-prefet-sur-un-presume-fichage-detrangers,11-04-2025.html\" title=\"Seine-Saint-Denis : les d\u00e9put\u00e9s LFI interpellent le pr\u00e9fet sur un pr\u00e9sum\u00e9 fichage d\u2019\u00e9trangers\" target=\"_blank\" rel=\"noopener\"> Seine-Saint-Denis : les d\u00e9put\u00e9s LFI interpellent le pr\u00e9fet sur un pr\u00e9sum\u00e9 fichage d\u2019\u00e9trangers\t<\/a><\/p>\n<p>Sept d\u00e9put\u00e9s LFI de Seine-Saint-Denis ont interpell\u00e9 jeudi le pr\u00e9fet du d\u00e9partement sur une pr\u00e9sum\u00e9e note de service \u00e0 l\u2019attention des services d\u00e9partementaux de police afin que soit signal\u00e9e toute garde \u00e0 vue de ressortissant \u00e9tranger, document r\u00e9v\u00e9l\u00e9 par le m\u00e9dia Les Jours.<\/p>\n","protected":false},"excerpt":{"rendered":"\u00a9 CD Ile-de-France\u00a0: pourquoi les chiffres du ch\u00f4mage des jeunes explosent dans tous les d\u00e9partements Entre la fin&hellip;\n","protected":false},"author":2,"featured_media":113717,"comment_status":"","ping_status":"","sticky":false,"template":"","format":"standard","meta":{"footnotes":""},"categories":[1592],"tags":[1111,11,1013,9968,22330,1936,7935,1777,674,1011,27,3314,662,5639,6319,3228,7088,12,626,25,1937,1945,2292,1938],"class_list":{"0":"post-113716","1":"post","2":"type-post","3":"status-publish","4":"format-standard","5":"has-post-thumbnail","7":"category-ile-de-france","8":"tag-actu","9":"tag-actualites","10":"tag-bruno-retailleau","11":"tag-departement","12":"tag-electeurs","13":"tag-essonne","14":"tag-est-parisien","15":"tag-eu","16":"tag-europe","17":"tag-fr","18":"tag-france","19":"tag-hauts-de-seine","20":"tag-ile-de-france","21":"tag-laurent-wauquiez","22":"tag-les-republicains","23":"tag-lr","24":"tag-ministre-de-linterieur","25":"tag-news","26":"tag-paris","27":"tag-republique-francaise","28":"tag-seine-et-marne","29":"tag-seine-saint-denis","30":"tag-val-doise","31":"tag-yvelines"},"share_on_mastodon":{"url":"https:\/\/pubeurope.com\/@fr\/114538902049668041","error":""},"_links":{"self":[{"href":"https:\/\/www.europesays.com\/fr\/wp-json\/wp\/v2\/posts\/113716","targetHints":{"allow":["GET"]}}],"collection":[{"href":"https:\/\/www.europesays.com\/fr\/wp-json\/wp\/v2\/posts"}],"about":[{"href":"https:\/\/www.europesays.com\/fr\/wp-json\/wp\/v2\/types\/post"}],"author":[{"embeddable":true,"href":"https:\/\/www.europesays.com\/fr\/wp-json\/wp\/v2\/users\/2"}],"replies":[{"embeddable":true,"href":"https:\/\/www.europesays.com\/fr\/wp-json\/wp\/v2\/comments?post=113716"}],"version-history":[{"count":0,"href":"https:\/\/www.europesays.com\/fr\/wp-json\/wp\/v2\/posts\/113716\/revisions"}],"wp:featuredmedia":[{"embeddable":true,"href":"https:\/\/www.europesays.com\/fr\/wp-json\/wp\/v2\/media\/113717"}],"wp:attachment":[{"href":"https:\/\/www.europesays.com\/fr\/wp-json\/wp\/v2\/media?parent=113716"}],"wp:term":[{"taxonomy":"category","embeddable":true,"href":"https:\/\/www.europesays.com\/fr\/wp-json\/wp\/v2\/categories?post=113716"},{"taxonomy":"post_tag","embeddable":true,"href":"https:\/\/www.europesays.com\/fr\/wp-json\/wp\/v2\/tags?post=113716"}],"curies":[{"name":"wp","href":"https:\/\/api.w.org\/{rel}","templated":true}]}}