{"id":113718,"date":"2025-05-20T07:08:10","date_gmt":"2025-05-20T07:08:10","guid":{"rendered":"https:\/\/www.europesays.com\/fr\/113718\/"},"modified":"2025-05-20T07:08:10","modified_gmt":"2025-05-20T07:08:10","slug":"cable-c1-idfm-en-appelle-aux-artistes-pour-habiller-les-pylones","status":"publish","type":"post","link":"https:\/\/www.europesays.com\/fr\/113718\/","title":{"rendered":"C\u00e2ble C1 : IDFM en appelle aux artistes pour habiller les pyl\u00f4nes"},"content":{"rendered":"<p><img loading=\"lazy\" decoding=\"async\" alt=\"\u00a9 DR - L\u2019appel \u00e0 projets vise \u00e0 habiller les socles de plusieurs pyl\u00f4nes.\u00a0\" data-zoom-src=\"https:\/\/www.europesays.com\/fr\/wp-content\/uploads\/2025\/05\/initial-cable-c1.jpg\" data-zoomable=\"\" height=\"702\" src=\"https:\/\/www.europesays.com\/fr\/wp-content\/uploads\/2025\/05\/initial-cable-c1.jpg\" width=\"1248\"\/>  <\/p>\n<p class=\"article-desc\">\u00a9 DR &#8211; L\u2019appel \u00e0 projets vise \u00e0 habiller les socles de plusieurs pyl\u00f4nes.\u00a0 <\/p>\n<p>Alors que le premier <a href=\"https:\/\/mesinfos.fr\/94000-creteil\/telepherique-le-cable-a-ete-choisi-pour-reduire-drastiquement-les-vibrations-217482.html\" rel=\"noopener\" target=\"_blank\">t\u00e9l\u00e9ph\u00e9rique<\/a> urbain d\u2019\u00cele-de-France entre en phase d\u2019essais techniques, <strong>\u00cele-de-France Mobilit\u00e9s<\/strong> (IDFM) lance un appel \u00e0 projets d\u2019art urbain pour habiller les socles de plusieurs de ses pyl\u00f4nes. Pour rappel, le <strong>C\u00e2ble C1 <\/strong>reliera <strong>Cr\u00e9teil <\/strong>\u00e0 <strong>Villeneuve-Saint-Georges<\/strong> d\u00e8s la fin de l\u2019ann\u00e9e et desservira cinq stations sur 4,5\u202fkm. <\/p>\n<p>Ouvert jusqu\u2019au 10 juin, cet appel s\u2019adresse aux artistes, collectifs ou associations, invit\u00e9s \u00e0 proposer des \u0153uvres qui viendront ancrer ce nouvel \u00e9quipement dans le paysage du <strong>Val-de-Marne<\/strong>. <\/p>\n<p> Le design \u00e9pur\u00e9 des pyl\u00f4nes du C\u00e2ble C1 <\/p>\n<p>Pens\u00e9 d\u00e8s l\u2019origine pour s\u2019int\u00e9grer le plus possible \u00e0 son environnement, le <a class=\"invalid-link\" href=\"https:\/\/mesinfos.fr\/C%C3%A2ble%20C1%20:%20le%20d%C3%A9roulage%20du%20c%C3%A2ble%20du%20premier%20t%C3%A9l%C3%A9ph%C3%A9rique%20francilien%20termin%C3%A9\" rel=\"noopener\" target=\"_blank\">C\u00e2ble C1<\/a> se distingue par le <strong>design \u00e9pur\u00e9 <\/strong>de ses <strong>pyl\u00f4nes<\/strong>, avec l\u2019objectif de minimiser leur impact visuel. Certains pyl\u00f4nes reposent sur des socles en b\u00e9ton, lorsqu\u2019ils sont install\u00e9s \u00e0 proximit\u00e9 des voies de circulation.<\/p>\n<p>Ce dispositif \u201canti-collision\u201d de v\u00e9hicules est laiss\u00e9 mis \u00e0 la disposition des artistes pour am\u00e9liorer encore davantage leur insertion dans le paysage. \u201cL\u2019art urbain, par sa dimension d\u00e9mocratique, a vocation \u00e0 valoriser le territoire et \u00e0 inscrire ces socles dans le quotidien des riverains\u201d, souligne IDFM. <\/p>\n<p>Cinq socles sont concern\u00e9s\u202f: deux \u00e0 <strong>Cr\u00e9teil<\/strong>, deux \u00e0 <strong>Villeneuve-Saint-Georges<\/strong> et un au centre de formation des sapeurs-pompiers de Paris. Les candidatures sont \u00e0 d\u00e9poser sur le site d\u2019\u00cele-de-France Mobilit\u00e9s. Un jury r\u00e9unissant \u00e9lus locaux et partenaires s\u00e9lectionnera les projets laur\u00e9ats cet \u00e9t\u00e9. <\/p>\n<p>Le dossier de candidature est accessible sur le site d\u2019<a class=\"invalid-link\" href=\"https:\/\/mesinfos.fr\/www.iledefrance-mobilites.fr\/le-reseau\/projets\/cablec1\/appel-a-projets-art-urbain-socles-pylones-c1\" rel=\"noopener\" target=\"_blank\">IDFM<\/a>.\u00a0<\/p>\n","protected":false},"excerpt":{"rendered":"\u00a9 DR &#8211; L\u2019appel \u00e0 projets vise \u00e0 habiller les socles de plusieurs pyl\u00f4nes.\u00a0 Alors que le premier&hellip;\n","protected":false},"author":2,"featured_media":113719,"comment_status":"","ping_status":"","sticky":false,"template":"","format":"standard","meta":{"footnotes":""},"categories":[1592],"tags":[1111,11,1777,674,1011,27,662,7690,12,626,25],"class_list":{"0":"post-113718","1":"post","2":"type-post","3":"status-publish","4":"format-standard","5":"has-post-thumbnail","7":"category-ile-de-france","8":"tag-actu","9":"tag-actualites","10":"tag-eu","11":"tag-europe","12":"tag-fr","13":"tag-france","14":"tag-ile-de-france","15":"tag-mobilitu00e9","16":"tag-news","17":"tag-paris","18":"tag-republique-francaise"},"share_on_mastodon":{"url":"https:\/\/pubeurope.com\/@fr\/114538905909448442","error":""},"_links":{"self":[{"href":"https:\/\/www.europesays.com\/fr\/wp-json\/wp\/v2\/posts\/113718","targetHints":{"allow":["GET"]}}],"collection":[{"href":"https:\/\/www.europesays.com\/fr\/wp-json\/wp\/v2\/posts"}],"about":[{"href":"https:\/\/www.europesays.com\/fr\/wp-json\/wp\/v2\/types\/post"}],"author":[{"embeddable":true,"href":"https:\/\/www.europesays.com\/fr\/wp-json\/wp\/v2\/users\/2"}],"replies":[{"embeddable":true,"href":"https:\/\/www.europesays.com\/fr\/wp-json\/wp\/v2\/comments?post=113718"}],"version-history":[{"count":0,"href":"https:\/\/www.europesays.com\/fr\/wp-json\/wp\/v2\/posts\/113718\/revisions"}],"wp:featuredmedia":[{"embeddable":true,"href":"https:\/\/www.europesays.com\/fr\/wp-json\/wp\/v2\/media\/113719"}],"wp:attachment":[{"href":"https:\/\/www.europesays.com\/fr\/wp-json\/wp\/v2\/media?parent=113718"}],"wp:term":[{"taxonomy":"category","embeddable":true,"href":"https:\/\/www.europesays.com\/fr\/wp-json\/wp\/v2\/categories?post=113718"},{"taxonomy":"post_tag","embeddable":true,"href":"https:\/\/www.europesays.com\/fr\/wp-json\/wp\/v2\/tags?post=113718"}],"curies":[{"name":"wp","href":"https:\/\/api.w.org\/{rel}","templated":true}]}}