{"id":113726,"date":"2025-05-20T07:12:08","date_gmt":"2025-05-20T07:12:08","guid":{"rendered":"https:\/\/www.europesays.com\/fr\/113726\/"},"modified":"2025-05-20T07:12:08","modified_gmt":"2025-05-20T07:12:08","slug":"pres-dun-millier-de-taxis-en-colere-ont-manifeste-lundi-a-paris-64-interpellations","status":"publish","type":"post","link":"https:\/\/www.europesays.com\/fr\/113726\/","title":{"rendered":"Pr\u00e8s d\u2019un millier de taxis \u00ab\u00a0en col\u00e8re\u00a0\u00bb ont manifest\u00e9 lundi \u00e0 Paris, 64 interpellations"},"content":{"rendered":"<p class=\"paragraph text_align_left\">\u00ab Notre col\u00e8re fera l\u2019histoire \u00bb, avait pr\u00e9venu la F\u00e9d\u00e9ration nationale des taxis (FNDT) dans son appel au rassemblement. Pr\u00e8s d\u2019un millier de taxis <a href=\"https:\/\/www.leparisien.fr\/paris-75\/circulation-a-paris-a-quoi-sattendre-avec-les-operations-escargots-des-taxis-19-05-2025-ERXX6EZRZ5AN5DJV7M4IVKBVWU.php\" target=\"_blank\" rel=\"noreferrer nofollow noopener\">se sont rassembl\u00e9s lundi<\/a> \u00e0 Paris pour protester contre les nouvelles conditions tarifaires sur le transport de malades, et des tensions sont survenues en fin d\u2019apr\u00e8s-midi pour lesquelles 64 personnes ont \u00e9t\u00e9 interpell\u00e9es, selon la pr\u00e9fecture de police.<\/p>\n<p class=\"paragraph text_align_left\">Quelque 970 taxis \u00e9taient pr\u00e9sents dans la capitale pour une manifestation nationale contre les nouvelles conditions tarifaires du transport sanitaire et la concurrence des VTC.<\/p>\n<p class=\"paragraph text_align_left\"><a href=\"https:\/\/www.leparisien.fr\/info-paris-ile-de-france-oise\/transports\/on-est-capable-dorganiser-des-roulements-les-taxis-en-colere-se-disent-prets-a-continuer-a-manifester-a-paris-19-05-2025-XN6AMGAV75G2XKGSSHD5L7Q3YU.php\" target=\"_blank\" rel=\"noreferrer nofollow noopener\">Rassembl\u00e9s d\u00e8s 6 heures du matin<\/a> en haut du boulevard Raspail (VIe, VIIe et XIVe arrondissement), au carrefour avec le Boulevard Saint-Germain, des chauffeurs ont laiss\u00e9 leur col\u00e8re s\u2019exprimer. Des premiers incidents ont \u00e9clat\u00e9 en fin de matin\u00e9e avec des pneus et des palettes incendi\u00e9s sur la voie publique, d\u2019apr\u00e8s la pr\u00e9fecture de police (PP) de Paris.<\/p>\n<p>Fumig\u00e8nes et gaz lacrymog\u00e8ne<\/p>\n<p class=\"paragraph text_align_left\">En milieu d\u2019apr\u00e8s-midi, vers 16 heures, 250 chauffeurs ont tent\u00e9 de remonter le boulevard Raspail \u00e0 pied avec des fumig\u00e8nes et ont \u00e9t\u00e9 stopp\u00e9s apr\u00e8s usage de gaz lacrymog\u00e8ne par les forces de l\u2019ordre, a relat\u00e9 la PP.<\/p>\n<p class=\"paragraph text_align_left\">Certains souhaitant rejoindre l\u2019h\u00f4tel Matignon ont \u00e9galement \u00e9t\u00e9 bloqu\u00e9s par les forces de l\u2019ordre, a pr\u00e9cis\u00e9 la pr\u00e9fecture, indiquant que 64 interpellations ont \u00e9t\u00e9 effectu\u00e9es pour d\u00e9gradations, violences volontaires et participation \u00e0 un groupement en vue de commettre des d\u00e9gradations et des violences.<\/p>\n<p class=\"paragraph text_align_left\">Selon la pr\u00e9fecture, tandis que les manifestants ont commenc\u00e9 \u00e0 quitter les lieux du rassemblement vers 18h45, 532 v\u00e9hicules \u00e9taient encore pr\u00e9sents en d\u00e9but de soir\u00e9e, peu apr\u00e8s 20 heures.<\/p>\n<p class=\"paragraph text_align_left\">Cette mobilisation intervient dans le cadre d\u2019un mouvement de protestation contre un projet de nouvelle tarification impos\u00e9e par la Caisse primaire d\u2019assurance maladie (Cnam) sur les transports de malades aux chauffeurs conventionn\u00e9s.<\/p>\n<p class=\"paragraph text_align_left\">Si cette mesure venait \u00e0 \u00eatre approuv\u00e9e par le gouvernement pour entrer en vigueur le 1er octobre 2025, les taxis seraient r\u00e9mun\u00e9r\u00e9s sur la base d\u2019un forfait de prise en charge et d\u2019une <a href=\"https:\/\/www.leparisien.fr\/economie\/budget-impots-retraites-depenses-de-sante-ou-trouver-40-milliards-deuros-14-04-2025-CBO65N4UYFB3JD3B5YZ5DLYFE4.php\" target=\"_blank\" rel=\"noreferrer nofollow noopener\">tarification kilom\u00e9trique<\/a> align\u00e9e sur le tarif fix\u00e9 dans chaque d\u00e9partement. Selon la pr\u00e9sidente de la F\u00e9d\u00e9ration nationale du taxi, Emmanuelle Cordier, les entreprises perdraient \u00ab entre 30 et 40 % \u00bb de leur chiffre d\u2019affaires actuel.<\/p>\n","protected":false},"excerpt":{"rendered":"\u00ab Notre col\u00e8re fera l\u2019histoire \u00bb, avait pr\u00e9venu la F\u00e9d\u00e9ration nationale des taxis (FNDT) dans son appel au&hellip;\n","protected":false},"author":2,"featured_media":113671,"comment_status":"","ping_status":"","sticky":false,"template":"","format":"standard","meta":{"footnotes":""},"categories":[1888],"tags":[11,1777,674,1011,27,1944,12,626,25],"class_list":{"0":"post-113726","1":"post","2":"type-post","3":"status-publish","4":"format-standard","5":"has-post-thumbnail","7":"category-paris","8":"tag-actualites","9":"tag-eu","10":"tag-europe","11":"tag-fr","12":"tag-france","13":"tag-ma-ville","14":"tag-news","15":"tag-paris","16":"tag-republique-francaise"},"share_on_mastodon":{"url":"https:\/\/pubeurope.com\/@fr\/114538921536277120","error":""},"_links":{"self":[{"href":"https:\/\/www.europesays.com\/fr\/wp-json\/wp\/v2\/posts\/113726","targetHints":{"allow":["GET"]}}],"collection":[{"href":"https:\/\/www.europesays.com\/fr\/wp-json\/wp\/v2\/posts"}],"about":[{"href":"https:\/\/www.europesays.com\/fr\/wp-json\/wp\/v2\/types\/post"}],"author":[{"embeddable":true,"href":"https:\/\/www.europesays.com\/fr\/wp-json\/wp\/v2\/users\/2"}],"replies":[{"embeddable":true,"href":"https:\/\/www.europesays.com\/fr\/wp-json\/wp\/v2\/comments?post=113726"}],"version-history":[{"count":0,"href":"https:\/\/www.europesays.com\/fr\/wp-json\/wp\/v2\/posts\/113726\/revisions"}],"wp:featuredmedia":[{"embeddable":true,"href":"https:\/\/www.europesays.com\/fr\/wp-json\/wp\/v2\/media\/113671"}],"wp:attachment":[{"href":"https:\/\/www.europesays.com\/fr\/wp-json\/wp\/v2\/media?parent=113726"}],"wp:term":[{"taxonomy":"category","embeddable":true,"href":"https:\/\/www.europesays.com\/fr\/wp-json\/wp\/v2\/categories?post=113726"},{"taxonomy":"post_tag","embeddable":true,"href":"https:\/\/www.europesays.com\/fr\/wp-json\/wp\/v2\/tags?post=113726"}],"curies":[{"name":"wp","href":"https:\/\/api.w.org\/{rel}","templated":true}]}}