{"id":1137279,"date":"2026-08-19T23:14:25","date_gmt":"2026-08-19T23:14:25","guid":{"rendered":"https:\/\/www.europesays.com\/fr\/1137279\/"},"modified":"2026-08-19T23:14:25","modified_gmt":"2026-08-19T23:14:25","slug":"le-summer-dance-caps-un-stage-international-de-danse","status":"publish","type":"post","link":"https:\/\/www.europesays.com\/fr\/1137279\/","title":{"rendered":"Le Summer dance caps, un stage international de danse"},"content":{"rendered":"<p>Du 24 au 28 ao\u00fbt, Lav\u00e9rune et l\u2019association La Capsule vibreront au rythme du Summer dance caps, un stage de cinq jours de danse intense ouverts aux enfants, ados et adultes.<\/p>\n<p>Plus d\u2019une dizaine de disciplines seront propos\u00e9es dans les diff\u00e9rents espaces du complexe sportif : jazz, modern\u2019jazz, contemporain, hip-hop, Pilates, Munz Floor, Animal Flow, Postural Ball, stretching ou Gold Dance.<\/p>\n<p>Le stage r\u00e9unira une \u00e9quipe de professeurs reconnus, dont Alain Gruttadauria, Tatiana Seguin, Bastien Nozeran, Nicolas Ricchini, Claire Pernette, Ana\u00efs Lheureux, la compagnie Capsule Temporelle et bien d\u2019autres.<\/p>\n<p>Une formule compl\u00e8te est d\u00e9di\u00e9e aux enfants de 8 \u00e0 12 ans, tandis que les adultes pourront composer leur semaine selon leurs envies.<\/p>\n<p>Des \u00ab\u00a0after class\u00a0\u00bb en soir\u00e9e prolongeront les journ\u00e9es avec percussions corporelles et com\u00e9die musicale. Un rendez-vous incontournable pour d\u00e9couvrir, progresser et vivre une semaine de danse unique.<\/p>\n<p>Les inscriptions sont ouvertes. Pour plus d\u2019informations <a href=\"http:\/\/www.summerdancecaps.com\" target=\"_blank\" rel=\"nofollow noopener\">www.summerdancecaps.com<\/a>.<\/p>\n<p>Correspondant Midi Libre : 06 80 70 21 42<\/p>\n","protected":false},"excerpt":{"rendered":"Du 24 au 28 ao\u00fbt, Lav\u00e9rune et l\u2019association La Capsule vibreront au rythme du Summer dance caps, un&hellip;\n","protected":false},"author":2,"featured_media":1137280,"comment_status":"","ping_status":"","sticky":false,"template":"","format":"standard","meta":{"footnotes":"","_share_on_mastodon":"0"},"categories":[9599],"tags":[1111,11,872,5972,1777,674,1011,27,7089,78320,2208,12,2680,25],"class_list":["post-1137279","post","type-post","status-publish","format-standard","has-post-thumbnail","category-montpellier","tag-actu","tag-actualites","tag-culture-et-loisirs","tag-danse","tag-eu","tag-europe","tag-fr","tag-france","tag-herault","tag-laverune","tag-montpellier","tag-news","tag-occitanie","tag-republique-francaise"],"share_on_mastodon":{"url":"https:\/\/pubeurope.com\/@fr\/117124717833715040","error":""},"_links":{"self":[{"href":"https:\/\/www.europesays.com\/fr\/wp-json\/wp\/v2\/posts\/1137279","targetHints":{"allow":["GET"]}}],"collection":[{"href":"https:\/\/www.europesays.com\/fr\/wp-json\/wp\/v2\/posts"}],"about":[{"href":"https:\/\/www.europesays.com\/fr\/wp-json\/wp\/v2\/types\/post"}],"author":[{"embeddable":true,"href":"https:\/\/www.europesays.com\/fr\/wp-json\/wp\/v2\/users\/2"}],"replies":[{"embeddable":true,"href":"https:\/\/www.europesays.com\/fr\/wp-json\/wp\/v2\/comments?post=1137279"}],"version-history":[{"count":0,"href":"https:\/\/www.europesays.com\/fr\/wp-json\/wp\/v2\/posts\/1137279\/revisions"}],"wp:featuredmedia":[{"embeddable":true,"href":"https:\/\/www.europesays.com\/fr\/wp-json\/wp\/v2\/media\/1137280"}],"wp:attachment":[{"href":"https:\/\/www.europesays.com\/fr\/wp-json\/wp\/v2\/media?parent=1137279"}],"wp:term":[{"taxonomy":"category","embeddable":true,"href":"https:\/\/www.europesays.com\/fr\/wp-json\/wp\/v2\/categories?post=1137279"},{"taxonomy":"post_tag","embeddable":true,"href":"https:\/\/www.europesays.com\/fr\/wp-json\/wp\/v2\/tags?post=1137279"}],"curies":[{"name":"wp","href":"https:\/\/api.w.org\/{rel}","templated":true}]}}