{"id":113729,"date":"2025-05-20T07:14:09","date_gmt":"2025-05-20T07:14:09","guid":{"rendered":"https:\/\/www.europesays.com\/fr\/113729\/"},"modified":"2025-05-20T07:14:09","modified_gmt":"2025-05-20T07:14:09","slug":"vladimir-poutine-cherche-a-gagner-du-temps-estime-la-diplomate-sylvie-bermann-sur-rtl","status":"publish","type":"post","link":"https:\/\/www.europesays.com\/fr\/113729\/","title":{"rendered":"\u00ab\u00a0Vladimir Poutine cherche \u00e0 gagner du temps\u00a0\u00bb, estime la diplomate Sylvie Bermann sur RTL"},"content":{"rendered":"<p class=\"article-p mdl\">Deux heures et cinq minutes. C&rsquo;est le temps qu&rsquo;a dur\u00e9 l&rsquo;\u00e9change t\u00e9l\u00e9phonique entre Donald Trump et Vladimir Poutine ce lundi 19 mai. Une conversation tr\u00e8s longue qui a \u00e9t\u00e9\u00a0<a class=\"link\" href=\"https:\/\/www.rtl.fr\/actu\/international\/guerre-en-ukraine-vladimir-poutine-dit-avoir-eu-plus-de-deux-heures-de-conversation-de-utile-avec-donald-trump-7900506839\" title=\"Guerre en Ukraine : Vladimir Poutine dit avoir eu une conversation &quot;utile&quot; avec Donald Trump\" target=\"_blank\" rel=\"nofollow noopener\">qualifi\u00e9e d'\u00a0\u00bbutile\u00a0\u00bb par le dirigeant russe<\/a>.\u00a0<\/p>\n<p class=\"article-p mdl\">Donald Trump a affirm\u00e9 que la Russie et l&rsquo;Ukraine allaient \u00ab\u00a0d\u00e9marrer imm\u00e9diatement des n\u00e9gociations en vue d&rsquo;un cessez-le-feu, et de mani\u00e8re plus importante, en vue d&rsquo;une fin \u00e0 la guerre\u00a0\u00bb. De son c\u00f4t\u00e9, Vladimir Poutine a parl\u00e9 de \u00ab\u00a0m\u00e9morandum\u00a0\u00bb avec l&rsquo;Ukraine concernant <strong>un possible trait\u00e9 de paix <\/strong>tout en appelant Kiev \u00e0 des compromis.\u00a0<\/p>\n<p class=\"article-p mdl\">Comment expliquer cette diff\u00e9rence d&rsquo;interpr\u00e9tations de\u00a0<a class=\"link\" href=\"https:\/\/www.rtl.fr\/actu\/international\/guerre-en-ukraine-ce-qu-il-faut-retenir-de-l-echange-entre-vladimir-poutine-et-donald-trump-7900506913\" title=\"Guerre en Ukraine : ce qu\u2019il faut retenir de l\u2019\u00e9change entre Vladimir Poutine et Donald Trump\" target=\"_blank\" rel=\"nofollow noopener\">l&rsquo;\u00e9change\u00a0<\/a>? \u00ab\u00a0La diff\u00e9rence, c&rsquo;est la temporalit\u00e9. Donald Trump est press\u00e9 alors que Vladimir Poutine cherche \u00e0 gagner du temps\u00a0\u00bb, explique Sylvie Bermann, ancienne ambassadrice de France en Russie.<\/p>\n<p class=\"article-p mdl\">\u00ab\u00a0En r\u00e9alit\u00e9 [Vladimir Poutine, ndlr] a le sentiment d&rsquo;\u00eatre gagnant sur le terrain, mais en m\u00eame temps il n&rsquo;a pas occup\u00e9 toutes les r\u00e9gions qu&rsquo;il a annex\u00e9es. Donc je pense que s&rsquo;il pouvait effectivement gagner davantage de terrain, \u00e7a serait dans son avantage dans la n\u00e9gociation\u00a0\u00bb, ajoute la diplomate sur RTL.<br \/><a class=\"link\" href=\"https:\/\/www.rtl.fr\/sujet\/donald-trump\" rel=\"nofollow noopener\" target=\"_blank\">Donald Trump<\/a>\u00a0peut-il parvenir \u00e0 faire plier Vladimir Poutine ? Pour Sylvie Bermann, c&rsquo;est impossible : \u00ab\u00a0personne ne peut lui tordre le bras\u00a0\u00bb. \u00ab\u00a0Cela dit,\u00a0<a class=\"link\" href=\"https:\/\/www.rtl.fr\/sujet\/vladimir-poutine\" rel=\"nofollow noopener\" target=\"_blank\">Vladimir Poutine<\/a>, tous les observateurs russes me disaient, <strong>c&rsquo;est une bo\u00eete noire<\/strong>. C&rsquo;est-\u00e0-dire, vous savez ce qu&rsquo;il fait une fois qu&rsquo;il est pass\u00e9 \u00e0 l&rsquo;acte. Parce qu&rsquo;il y a des d\u00e9clarations, on peut savoir ce qu&rsquo;il pense, mais ce qu&rsquo;il va faire, on ne le sait pas toujours\u00a0\u00bb, conclut-elle.\u00a0<\/p>\n<p>    La r\u00e9daction vous recommande<\/p>\n<p class=\"s-newsletter__title\">\n                L\u2019actualit\u00e9 par la r\u00e9daction de RTL dans votre bo\u00eete mail.\n            <\/p>\n<p class=\"s-newsletter__subtitle\">\n                Gr\u00e2ce \u00e0 votre compte RTL abonnez-vous \u00e0 la newsletter RTL info pour suivre toute l&rsquo;actualit\u00e9 au quotidien\n            <\/p>\n<p>\n                                    Lire la suite\n                                <\/p>\n","protected":false},"excerpt":{"rendered":"Deux heures et cinq minutes. C&rsquo;est le temps qu&rsquo;a dur\u00e9 l&rsquo;\u00e9change t\u00e9l\u00e9phonique entre Donald Trump et Vladimir Poutine&hellip;\n","protected":false},"author":2,"featured_media":113730,"comment_status":"","ping_status":"","sticky":false,"template":"","format":"standard","meta":{"footnotes":""},"categories":[1590],"tags":[11,75,1777,674,107,131,12,362,360,132,220,135,134],"class_list":{"0":"post-113729","1":"post","2":"type-post","3":"status-publish","4":"format-standard","5":"has-post-thumbnail","7":"category-ukraine","8":"tag-actualites","9":"tag-donald-trump","10":"tag-eu","11":"tag-europe","12":"tag-fil-info","13":"tag-guerre-en-ukraine","14":"tag-news","15":"tag-replay","16":"tag-replay-integral","17":"tag-russie","18":"tag-ukraine","19":"tag-vladimir-poutine","20":"tag-volodymyr-zelensky"},"share_on_mastodon":{"url":"https:\/\/pubeurope.com\/@fr\/114538929460886908","error":""},"_links":{"self":[{"href":"https:\/\/www.europesays.com\/fr\/wp-json\/wp\/v2\/posts\/113729","targetHints":{"allow":["GET"]}}],"collection":[{"href":"https:\/\/www.europesays.com\/fr\/wp-json\/wp\/v2\/posts"}],"about":[{"href":"https:\/\/www.europesays.com\/fr\/wp-json\/wp\/v2\/types\/post"}],"author":[{"embeddable":true,"href":"https:\/\/www.europesays.com\/fr\/wp-json\/wp\/v2\/users\/2"}],"replies":[{"embeddable":true,"href":"https:\/\/www.europesays.com\/fr\/wp-json\/wp\/v2\/comments?post=113729"}],"version-history":[{"count":0,"href":"https:\/\/www.europesays.com\/fr\/wp-json\/wp\/v2\/posts\/113729\/revisions"}],"wp:featuredmedia":[{"embeddable":true,"href":"https:\/\/www.europesays.com\/fr\/wp-json\/wp\/v2\/media\/113730"}],"wp:attachment":[{"href":"https:\/\/www.europesays.com\/fr\/wp-json\/wp\/v2\/media?parent=113729"}],"wp:term":[{"taxonomy":"category","embeddable":true,"href":"https:\/\/www.europesays.com\/fr\/wp-json\/wp\/v2\/categories?post=113729"},{"taxonomy":"post_tag","embeddable":true,"href":"https:\/\/www.europesays.com\/fr\/wp-json\/wp\/v2\/tags?post=113729"}],"curies":[{"name":"wp","href":"https:\/\/api.w.org\/{rel}","templated":true}]}}