{"id":11373,"date":"2025-04-08T23:41:21","date_gmt":"2025-04-08T23:41:21","guid":{"rendered":"https:\/\/www.europesays.com\/fr\/11373\/"},"modified":"2025-04-08T23:41:21","modified_gmt":"2025-04-08T23:41:21","slug":"maj-lyon-fin-des-perturbations-dans-le-metro-d-apres-le-malaise-dun-voyageur","status":"publish","type":"post","link":"https:\/\/www.europesays.com\/fr\/11373\/","title":{"rendered":"[MAJ] Lyon : fin des perturbations dans le m\u00e9tro D apr\u00e8s le malaise d&rsquo;un voyageur"},"content":{"rendered":"<p>Ce lundi 7 avril, la ligne D du m\u00e9tro \u00e0 Lyon est interrompue entre Grange Blanche et Gare de V\u00e9nissieux \u00e0 cause d&rsquo;un malaise voyageur.<\/p>\n<p>Article mis \u00e0 jour le 07\/04 \u00e0 18h15<\/p>\n<p>Fin des perturbations dans le m\u00e9tro \u00e0 Lyon<\/p>\n<p>Le trafic a repris sur la ligne D sur m\u00e9tro \u00e0 Lyon. Fin des perturbations d&rsquo;apr\u00e8s les <a class=\"url\" href=\"https:\/\/www.tcl.fr\/se-deplacer\/infos-trafic-accessibilite\/trafic\/line%3Atcl%3AD?date=2507042025\" target=\"_blank\" rel=\"noopener\">TCL<\/a>.<\/p>\n<p>Article mis \u00e0 jour le 07\/04 \u00e0 18h35<\/p>\n<p>La ligne D du m\u00e9tro perturb\u00e9e \u00e0 Lyon<\/p>\n<p>Des <b>perturbations<\/b> dans le <b>m\u00e9tro <\/b>\u00e0 <b>Lyon <\/b>en ce d\u00e9but de semaine.<\/p>\n<p>Les <a class=\"url\" href=\"https:\/\/www.tcl.fr\/se-deplacer\/infos-trafic-accessibilite\/trafic\/line%3Atcl%3AD?date=2507042025\" target=\"_blank\" rel=\"noopener\">TCL<\/a> indiquent que le\u00a0<b>m\u00e9tro D <\/b>circule uniquement entre <b>Grange Blanche et Gare de Vaise &#8211; Georges Collomb.<\/b><\/p>\n<p>Des <b>bus relais<\/b> sont mis en place entre <b>Grange Blanche<\/b> et <b>Gare de V\u00e9nissieux<\/b> pour assurer la continuit\u00e9 du service.<\/p>\n<p>Le retour \u00e0 la normale est estim\u00e9 vers <b>18h35<\/b>.<\/p>\n<p>Plus d&rsquo;informations \u00e0 venir&#8230;<\/p>\n<p><\/p>\n","protected":false},"excerpt":{"rendered":"Ce lundi 7 avril, la ligne D du m\u00e9tro \u00e0 Lyon est interrompue entre Grange Blanche et Gare&hellip;\n","protected":false},"author":2,"featured_media":11374,"comment_status":"","ping_status":"","sticky":false,"template":"","format":"standard","meta":{"footnotes":""},"categories":[1889],"tags":[1111,11,2430,1777,674,1011,27,2428,5428,5429,12,25,5430,5310],"class_list":{"0":"post-11373","1":"post","2":"type-post","3":"status-publish","4":"format-standard","5":"has-post-thumbnail","7":"category-lyon","8":"tag-actu","9":"tag-actualites","10":"tag-auvergne-rhone-alpes","11":"tag-eu","12":"tag-europe","13":"tag-fr","14":"tag-france","15":"tag-lyon","16":"tag-mtro","17":"tag-mtro-d","18":"tag-news","19":"tag-republique-francaise","20":"tag-vnissieux","21":"tag-vaise"},"share_on_mastodon":{"url":"https:\/\/pubeurope.com\/@fr\/114304993671686169","error":""},"_links":{"self":[{"href":"https:\/\/www.europesays.com\/fr\/wp-json\/wp\/v2\/posts\/11373","targetHints":{"allow":["GET"]}}],"collection":[{"href":"https:\/\/www.europesays.com\/fr\/wp-json\/wp\/v2\/posts"}],"about":[{"href":"https:\/\/www.europesays.com\/fr\/wp-json\/wp\/v2\/types\/post"}],"author":[{"embeddable":true,"href":"https:\/\/www.europesays.com\/fr\/wp-json\/wp\/v2\/users\/2"}],"replies":[{"embeddable":true,"href":"https:\/\/www.europesays.com\/fr\/wp-json\/wp\/v2\/comments?post=11373"}],"version-history":[{"count":0,"href":"https:\/\/www.europesays.com\/fr\/wp-json\/wp\/v2\/posts\/11373\/revisions"}],"wp:featuredmedia":[{"embeddable":true,"href":"https:\/\/www.europesays.com\/fr\/wp-json\/wp\/v2\/media\/11374"}],"wp:attachment":[{"href":"https:\/\/www.europesays.com\/fr\/wp-json\/wp\/v2\/media?parent=11373"}],"wp:term":[{"taxonomy":"category","embeddable":true,"href":"https:\/\/www.europesays.com\/fr\/wp-json\/wp\/v2\/categories?post=11373"},{"taxonomy":"post_tag","embeddable":true,"href":"https:\/\/www.europesays.com\/fr\/wp-json\/wp\/v2\/tags?post=11373"}],"curies":[{"name":"wp","href":"https:\/\/api.w.org\/{rel}","templated":true}]}}