{"id":113731,"date":"2025-05-20T07:15:11","date_gmt":"2025-05-20T07:15:11","guid":{"rendered":"https:\/\/www.europesays.com\/fr\/113731\/"},"modified":"2025-05-20T07:15:11","modified_gmt":"2025-05-20T07:15:11","slug":"general-motors-va-stopper-ses-exportations-des-usa-vers-la-chine-20-05-2025-a-0721","status":"publish","type":"post","link":"https:\/\/www.europesays.com\/fr\/113731\/","title":{"rendered":"General Motors va stopper ses exportations des USA vers la Chine &#8211; 20\/05\/2025 \u00e0 07:21"},"content":{"rendered":"<p>        <img fetchpriority=\"high\" decoding=\"async\" src=\"https:\/\/www.europesays.com\/fr\/wp-content\/uploads\/2025\/05\/abb7ddc159f8b4b3ddf4419b0ce185f0-760x449.jpg\" alt=\"L'entr\u00e9e de l'usine autrichienne de General Motors \u00e0 Vienne\" loading=\"eager\" width=\"760\" height=\"449\" style=\"max-width: 100%!important; height: auto;\"\/><\/p>\n<p class=\"c-image-news__legend\">L&rsquo;entr\u00e9e de l&rsquo;usine autrichienne de General Motors \u00e0 Vienne<\/p>\n<p>\n General Motors a d\u00e9clar\u00e9 lundi avoir inform\u00e9 la semaine derni\u00e8re ses employ\u00e9s et ses concessionnaires en charge des exportations vers la Chine qu&rsquo;il arr\u00eaterait d&rsquo;exporter des v\u00e9hicules depuis les Etats-Unis vers la Chine, alors que les n\u00e9gociations commerciales se poursuivent entre Washington et P\u00e9kin.\n<\/p>\n<p>\n D&rsquo;apr\u00e8s un porte-parole de G%, les v\u00e9hicules export\u00e9s des Etats-Unis vers la Chine repr\u00e9sentent moins de 0,1% des volumes vendus par le constructeur am\u00e9ricain sur le march\u00e9 chinois.\n<\/p>\n<p>\n Ford Motor  avait annonc\u00e9 en avril suspendre ses exportations vers la Chine apr\u00e8s l&rsquo;entr\u00e9e en vigueur d&rsquo;imports droits de douane entre les deux plus grandes puissances \u00e9conomiques mondiales.\n<\/p>\n<p>\n (Kalea Hall; version fran\u00e7aise Jean Terzian)<\/p>\n","protected":false},"excerpt":{"rendered":"L&rsquo;entr\u00e9e de l&rsquo;usine autrichienne de General Motors \u00e0 Vienne General Motors a d\u00e9clar\u00e9 lundi avoir inform\u00e9 la semaine&hellip;\n","protected":false},"author":2,"featured_media":113732,"comment_status":"","ping_status":"","sticky":false,"template":"","format":"standard","meta":{"footnotes":""},"categories":[1589],"tags":[400,11,398,408,405,73,1866,403,402,399,404,12,401,406,1864,1865,1863,308,407],"class_list":{"0":"post-113731","1":"post","2":"type-post","3":"status-publish","4":"format-standard","5":"has-post-thumbnail","7":"category-etats-unis","8":"tag-action-cac-40","9":"tag-actualites","10":"tag-bourse-de-paris","11":"tag-boursorama","12":"tag-cotations","13":"tag-etats-unis","14":"tag-etats-unis-damerique","15":"tag-indices-devises","16":"tag-investir","17":"tag-investissement","18":"tag-marche-boursier","19":"tag-news","20":"tag-sicav","21":"tag-trackers","22":"tag-united-states","23":"tag-united-states-of-america","24":"tag-us","25":"tag-usa","26":"tag-warrants"},"share_on_mastodon":{"url":"https:\/\/pubeurope.com\/@fr\/114538933552711673","error":""},"_links":{"self":[{"href":"https:\/\/www.europesays.com\/fr\/wp-json\/wp\/v2\/posts\/113731","targetHints":{"allow":["GET"]}}],"collection":[{"href":"https:\/\/www.europesays.com\/fr\/wp-json\/wp\/v2\/posts"}],"about":[{"href":"https:\/\/www.europesays.com\/fr\/wp-json\/wp\/v2\/types\/post"}],"author":[{"embeddable":true,"href":"https:\/\/www.europesays.com\/fr\/wp-json\/wp\/v2\/users\/2"}],"replies":[{"embeddable":true,"href":"https:\/\/www.europesays.com\/fr\/wp-json\/wp\/v2\/comments?post=113731"}],"version-history":[{"count":0,"href":"https:\/\/www.europesays.com\/fr\/wp-json\/wp\/v2\/posts\/113731\/revisions"}],"wp:featuredmedia":[{"embeddable":true,"href":"https:\/\/www.europesays.com\/fr\/wp-json\/wp\/v2\/media\/113732"}],"wp:attachment":[{"href":"https:\/\/www.europesays.com\/fr\/wp-json\/wp\/v2\/media?parent=113731"}],"wp:term":[{"taxonomy":"category","embeddable":true,"href":"https:\/\/www.europesays.com\/fr\/wp-json\/wp\/v2\/categories?post=113731"},{"taxonomy":"post_tag","embeddable":true,"href":"https:\/\/www.europesays.com\/fr\/wp-json\/wp\/v2\/tags?post=113731"}],"curies":[{"name":"wp","href":"https:\/\/api.w.org\/{rel}","templated":true}]}}