{"id":113735,"date":"2025-05-20T07:17:14","date_gmt":"2025-05-20T07:17:14","guid":{"rendered":"https:\/\/www.europesays.com\/fr\/113735\/"},"modified":"2025-05-20T07:17:14","modified_gmt":"2025-05-20T07:17:14","slug":"le-comite-de-jumelage-de-la-chartre-sur-le-loir-en-sarthe-va-prendre-la-direction-de-syke-en-allemagne","status":"publish","type":"post","link":"https:\/\/www.europesays.com\/fr\/113735\/","title":{"rendered":"Le comit\u00e9 de jumelage de La Chartre-sur-le-Loir en Sarthe va prendre la direction de Syke en Allemagne"},"content":{"rendered":"<p>            Par<br \/>\n        <strong><br \/>\n            <a href=\"https:\/\/actu.fr\/auteur\/manon-delassus\" title=\"Consulter tous les articles de Manon Delassus\" rel=\"nofollow noopener\" target=\"_blank\">Manon Delassus<\/a><br \/>\n        <\/strong><\/p>\n<p>        Publi\u00e9 le<\/p>\n<p>            20 mai 2025 \u00e0 8h06        <\/p>\n<p>Le comit\u00e9 de jumelage de <a href=\"https:\/\/actu.fr\/pays-de-la-loire\/la-chartre-sur-le-loir_72068\" rel=\"nofollow noopener\" target=\"_blank\">La Chartre-sur-le-Loir<\/a> (<a href=\"https:\/\/actu.fr\/pays-de-la-loire\/sarthe_72\" rel=\"nofollow noopener\" target=\"_blank\">Sarthe<\/a>) organise son traditionnel <b>voyage <\/b>vers Syke du mercredi 28\u00a0mai 2025 jusqu\u2019au dimanche 1er\u00a0juin.<\/p>\n<p class=\" wall-content\">Son r\u00f4le consiste \u00e0 proposer des <b>\u00e9changes<\/b> entre la commune sarthoise et cette ville du nord de l\u2019Allemagne. ll fait partie de ces comit\u00e9s ind\u00e9pendants install\u00e9s sur le territoire qui ont vocation \u00e0 r\u00e9unir \u00ab\u2009les peuples fran\u00e7ais et allemands\u2009\u00bb, comme l\u2019indique le Trait\u00e9 de l\u2019Elys\u00e9e sign\u00e9 en 1963.<\/p>\n<p class=\" wall-content\">Au total, 41\u00a0personnes prendront part au voyage et seront log\u00e9es en <b>famille <\/b>d\u2019accueil. Une <b>exp\u00e9rience <\/b>toutefois marqu\u00e9e cette ann\u00e9e par un nombre moindre de volontaires et certaines incompr\u00e9hensions.<\/p>\n<p>Direction Syke pour le comit\u00e9 de jumelage de La-Chartre-sur-le-Loir<\/p>\n<p class=\" wall-content\">Cette ann\u00e9e, de nouveaux accords ont \u00e9t\u00e9 mis en place entre les <b>mairies <\/b>de La Chartre et Syke sans avertir le comit\u00e9 de jumelage.<\/p>\n<p class=\" wall-content\">Ils ont notamment abouti \u00e0 la r\u00e9alisation d\u2019un <b>\u00e9change <\/b>entre le coll\u00e8ge de la commune et le groupe scolaire allemand Louise Chevalier. Un projet d\u2019\u00e9change avec le Maroc est \u00e9galement \u00e9voqu\u00e9 par Michel Dutheil, le maire.<\/p>\n<p>Vid\u00e9os : en ce moment sur Actu<\/p>\n<p class=\" wall-content\">\u00ab\u2009Je suis <b>surpris<\/b> car les comit\u00e9s de jumelage et les mairies sont cens\u00e9s travailler main dans la main\u2009\u00bb, d\u00e9plore R\u00e9gis Breton, pr\u00e9sident du comit\u00e9 de jumelage.<\/p>\n<p class=\" wall-content\">\u00ab\u2009Certaines personnes ont m\u00eame \u00e9t\u00e9 surprises que nous ne soyons pas inclus dans ces <b>projets\u2009<\/b>\u00bb, ajoute-t-il.<\/p>\n<p>Moins de volontaires<\/p>\n<p class=\" wall-content\">Une autre ombre au tableau, le bus partira pour la premi\u00e8re fois sans \u00eatre complet.<\/p>\n<p class=\" wall-content\">\u00ab\u2009J\u2019attribue cette <b>difficult\u00e9 <\/b>\u00e0 trouver des volontaires au <b>co\u00fbt <\/b>du transport qui est de plus en plus accessible de mani\u00e8re g\u00e9n\u00e9rale.<\/p>\n<p class=\" wall-content\">Il y a aussi de plus en plus de familles qui partent en vacances le week-end de l\u2019Ascension\u2009\u00bb, d\u00e9taille R\u00e9gis Breton. \u00ab\u2009Mais \u00e7a aurait pu contenter d\u2019autres personnes\u2009\u00bb, regrette-t-il.<\/p>\n<p class=\" wall-content\">Pour le prochain d\u00e9part qui aura lieu dans deux ans, le pr\u00e9sident esp\u00e8re fonctionner avec un <b>bus <\/b>complet.<\/p>\n<p class=\" wall-content\">\u00ab\u2009Le <b>jumelage <\/b>reste une solution pour visiter l\u2019Allemagne de fa\u00e7on peu on\u00e9reuse, s\u00e9curis\u00e9e et sans avoir \u00e0 se charger de l\u2019organisation du voyage. L\u2019accueil en famille est aussi une exp\u00e9rience unique\u2009\u00bb, poursuit R\u00e9gis Breton.<\/p>\n<p>Un voyage rythm\u00e9<\/p>\n<p class=\" wall-content\">Le groupe prendra le d\u00e9part en bus le mercredi soir pour une arriv\u00e9e en Allemagne le lendemain vers 16\u2009h.<\/p>\n<p class=\" wall-content\">Le <b>retour <\/b>s\u2019effectuera sur la journ\u00e9e du dimanche. Le trajet devrait s\u2019achever vers 22\u2009h. La premi\u00e8re soir\u00e9e s\u2019effectue au sein des familles d\u2019accueil, mais le reste du <b>programme <\/b>est commun \u00e0 tous.<\/p>\n<p class=\" wall-content\">\u00ab\u2009Derri\u00e8re ce voyage, il y a la volont\u00e9 de r\u00e9unir les gens\u2009\u00bb, avance le pr\u00e9sident.<\/p>\n<p class=\" wall-content\"><b>Visite <\/b>de mus\u00e9e, d\u00e9couverte d\u2019une ville aux alentours de Syke, soir\u00e9e festive, et sans oublier la journ\u00e9e <b>sportive<\/b>, sont pr\u00e9vues sur le week-end.<\/p>\n<p class=\" wall-content\">Le comit\u00e9 rassemble des personnes de tout \u00e2ge et de toute <b>profession<\/b>. \u00ab\u2009Il suffit d\u2019\u00eatre curieux\u2009\u00bb, rapporte R\u00e9gis Breton.<\/p>\n<p class=\" wall-content\">Le groupe de cette ann\u00e9e compte pr\u00e8s de cinq coll\u00e9giens.<\/p>\n<p class=\" wall-content\">\u00ab\u2009Depuis deux ou trois \u00e9changes, j\u2019essaye d\u2019ouvrir \u00e0 des <b>\u00e9l\u00e8ves <\/b>et leurs <b>professeurs <\/b>car habituellement il n\u2019y avait que des adultes\u2009\u00bb, reprend-il.<\/p>\n<p class=\" wall-content\">Cette ann\u00e9e, des <b>changements <\/b>au niveau de l\u2019organisation de l\u2019accueil en Allemagne rendent les r\u00e8gles d\u2019encadrement plus strictes, ce qui contraint \u00e0 r\u00e9duire le nombre d\u2019\u00e9l\u00e8ves.<\/p>\n<p class=\" wall-content\">\u00ab\u2009L\u00e0 o\u00f9 j\u2019aurais pu leur garder d\u2019autres places, je les propose \u00e0 d\u2019autres, notamment aux <b>pompiers <\/b>qui sont historiquement li\u00e9s \u00e0 ce jumelage mais qui n\u2019y avaient pas particip\u00e9 depuis longtemps\u2009\u00bb, r\u00e9agit le pr\u00e9sident.<\/p>\n<p class=\" wall-content\">Cinq d\u2019entre eux se sont lanc\u00e9s dans l\u2019aventure pour cette \u00e9dition 2025.<\/p>\n<p class=\" wall-content\">Ils pourront profiter du voyage pour aller d\u00e9couvrir la <b>caserne <\/b>de leurs <b>homologues <\/b>allemands. Une aventure pour le moins enrichissante.<\/p>\n<p>Une aventure humaine<\/p>\n<p class=\" wall-content\">Ce voyage est l\u2019occasion de d\u00e9couvrir le pays <b>voisin <\/b>sous un angle in\u00e9dit.<\/p>\n<p class=\" wall-content\">Et voil\u00e0 52\u00a0ans que cette possibilit\u00e9 existe. Le comit\u00e9 de jumelage r\u00e9alise un \u00e9change annuel dont la destination alterne entre La Chartre-sur-le-Loir et Syke.<\/p>\n<p class=\" wall-content\">\u00ab\u2009Une ann\u00e9e ce sont les Allemands qui viennent nous rendre visite et la suivante, c\u2019est nous qui nous d\u00e9pla\u00e7ons \u00e0 Syke\u2009\u00bb, explique R\u00e9gis Breton. Les voyages sont toujours orient\u00e9s sur le sport.<\/p>\n<p class=\" wall-content\">Ils permettent \u00e9galement de cr\u00e9er du <b>lien<\/b>. Au fil du temps, de v\u00e9ritables <b>amiti\u00e9s <\/b>ont vu le jour entre Fran\u00e7ais et Allemands.<\/p>\n<p class=\" wall-content\">La majorit\u00e9 des <b>participants <\/b>sont des habitu\u00e9s qui viennent retrouver leur correspondant. Et ces m\u00eames familles les re\u00e7oivent quand ils viennent\u2009\u00bb, sourit R\u00e9gis Breton.<\/p>\n<p class=\" wall-content\">Cette aventure am\u00e8ne \u00e0 vivre de v\u00e9ritables temps forts, comme cette r\u00e9union o\u00f9 90\u00a0participants Fran\u00e7ais et Allemands s\u2019\u00e9taient rejoints \u00e0 Paris en 2018 \u00e0 l\u2019occasion des 45\u00a0ans du comit\u00e9.<\/p>\n<p class=\" wall-content\">Pour toutes les personnes qui seraient int\u00e9ress\u00e9es pour recevoir des correspondants en 2026, ou pour participer \u00e0 l\u2019\u00e9change en 2027, il est d\u00e9j\u00e0 possible de prendre <b>contact <\/b>avec le comit\u00e9.<\/p>\n<p class=\" wall-content\">Il est aussi possible de prendre part \u00e0 l\u2019organisation en s\u2019investissant dans le <b>comit\u00e9<\/b>.<\/p>\n<p class=\" wall-content\">\u00ab\u2009Beaucoup de personnes ont travers\u00e9 la <b>fronti\u00e8re <\/b>gr\u00e2ce aux comit\u00e9s de jumelage\u2009\u00bb, conclut le pr\u00e9sident.<\/p>\n<p class=\" wall-content\">Suivez toute l\u2019actualit\u00e9 de vos villes et m\u00e9dias favoris en vous inscrivant \u00e0 <a href=\"https:\/\/moncompte.actu.fr\" title=\"D\u00e9couvez Mon Actu\" rel=\"nofollow noopener\" data-trk=\"{&quot;cta&quot;:{&quot;action&quot;:&quot;https:\\\/\\\/moncompte.actu.fr&quot;,&quot;category&quot;:&quot;mon compte&quot;,&quot;from&quot;:&quot;article footer&quot;,&quot;name&quot;:&quot;Mon actu&quot;,&quot;type&quot;:&quot;cta&quot;}}\" target=\"_blank\">Mon Actu<\/a>.<\/p>\n","protected":false},"excerpt":{"rendered":"Par Manon Delassus Publi\u00e9 le 20 mai 2025 \u00e0 8h06 Le comit\u00e9 de jumelage de La Chartre-sur-le-Loir (Sarthe)&hellip;\n","protected":false},"author":2,"featured_media":113736,"comment_status":"","ping_status":"","sticky":false,"template":"","format":"standard","meta":{"footnotes":""},"categories":[1587],"tags":[11,672,1804,1805,1803,1777,674,1801,1652,12,1802,586],"class_list":{"0":"post-113735","1":"post","2":"type-post","3":"status-publish","4":"format-standard","5":"has-post-thumbnail","7":"category-allemagne","8":"tag-actualites","9":"tag-allemagne","10":"tag-bundesrepublik-deutschland","11":"tag-de","12":"tag-deutschland","13":"tag-eu","14":"tag-europe","15":"tag-germany","16":"tag-loisirs-culture","17":"tag-news","18":"tag-republique-federale-dallemagne","19":"tag-voyage"},"share_on_mastodon":{"url":"https:\/\/pubeurope.com\/@fr\/114538941232453585","error":""},"_links":{"self":[{"href":"https:\/\/www.europesays.com\/fr\/wp-json\/wp\/v2\/posts\/113735","targetHints":{"allow":["GET"]}}],"collection":[{"href":"https:\/\/www.europesays.com\/fr\/wp-json\/wp\/v2\/posts"}],"about":[{"href":"https:\/\/www.europesays.com\/fr\/wp-json\/wp\/v2\/types\/post"}],"author":[{"embeddable":true,"href":"https:\/\/www.europesays.com\/fr\/wp-json\/wp\/v2\/users\/2"}],"replies":[{"embeddable":true,"href":"https:\/\/www.europesays.com\/fr\/wp-json\/wp\/v2\/comments?post=113735"}],"version-history":[{"count":0,"href":"https:\/\/www.europesays.com\/fr\/wp-json\/wp\/v2\/posts\/113735\/revisions"}],"wp:featuredmedia":[{"embeddable":true,"href":"https:\/\/www.europesays.com\/fr\/wp-json\/wp\/v2\/media\/113736"}],"wp:attachment":[{"href":"https:\/\/www.europesays.com\/fr\/wp-json\/wp\/v2\/media?parent=113735"}],"wp:term":[{"taxonomy":"category","embeddable":true,"href":"https:\/\/www.europesays.com\/fr\/wp-json\/wp\/v2\/categories?post=113735"},{"taxonomy":"post_tag","embeddable":true,"href":"https:\/\/www.europesays.com\/fr\/wp-json\/wp\/v2\/tags?post=113735"}],"curies":[{"name":"wp","href":"https:\/\/api.w.org\/{rel}","templated":true}]}}