{"id":1137437,"date":"2026-08-20T01:15:17","date_gmt":"2026-08-20T01:15:17","guid":{"rendered":"https:\/\/www.europesays.com\/fr\/1137437\/"},"modified":"2026-08-20T01:15:17","modified_gmt":"2026-08-20T01:15:17","slug":"feux-incendies-la-russie-depeche-un-bombardier-deau-en-serbie","status":"publish","type":"post","link":"https:\/\/www.europesays.com\/fr\/1137437\/","title":{"rendered":"feux &#8211; Incendies: la Russie d\u00e9p\u00eache un bombardier d&rsquo;eau en Serbie"},"content":{"rendered":"<p class=\"ap-StoryElement ap-StoryElement--mb ap-StoryText\">Plus de 300 pompiers, militaires et des membres d&rsquo;autres services, assist\u00e9s par des h\u00e9licopt\u00e8res, sont engag\u00e9s, mais la surface br\u00fbl\u00e9e ne cesse de s&rsquo;accro\u00eetre.<\/p>\n<p class=\"ap-StoryElement ap-StoryElement--mb ap-StoryText\">\u00ab\u00a0Etant donn\u00e9 qu&rsquo;aucun avion bombardier d&rsquo;eau de cette capacit\u00e9 n&rsquo;est disponible dans le cadre du M\u00e9canisme de protection civile de l&rsquo;Union europ\u00e9enne, l&rsquo;appareil russe (&#8230;) renforcera consid\u00e9rablement nos capacit\u00e9s dans la lutte contre les incendies\u00a0\u00bb, a d\u00e9clar\u00e9 Luka Causic, chef du secteur des situations d&rsquo;urgence du minist\u00e8re serbe, en \u00e9voquant de nombreux incendies qui font des ravages sur le continent.<\/p>\n<p class=\"ap-StoryElement ap-StoryElement--mb ap-StoryText\">La capacit\u00e9 d&rsquo;Iliouchine, avion de transport quadrir\u00e9acteur converti en bombardier d&rsquo;eau, est de 42.000 litres d&rsquo;eau, pr\u00e9cise le minist\u00e8re serbe, \u00e0 savoir une capacit\u00e9 d&rsquo;environ six fois plus importante que celle d&rsquo;un Canadair.<\/p>\n<p class=\"ap-StoryElement ap-StoryElement--mb ap-StoryText\">Des membres d&rsquo;un Centre humanitaire russo-serbe, dont le quartier g\u00e9n\u00e9ral est \u00e0 Nis, ont particip\u00e9 ces derniers jours \u00e0 l&rsquo;extinction du feu dans la zone naturelle pr\u00e8s de Belgrade, selon les autorit\u00e9s serbes.<\/p>\n","protected":false},"excerpt":{"rendered":"Plus de 300 pompiers, militaires et des membres d&rsquo;autres services, assist\u00e9s par des h\u00e9licopt\u00e8res, sont engag\u00e9s, mais la&hellip;\n","protected":false},"author":2,"featured_media":2837,"comment_status":"","ping_status":"","sticky":false,"template":"","format":"standard","meta":{"footnotes":"","_share_on_mastodon":"0"},"categories":[1591],"tags":[11,1129,312,436,1887,1310,12,1885,1886,132,3329],"class_list":["post-1137437","post","type-post","status-publish","format-standard","has-post-thumbnail","category-russie","tag-actualites","tag-climat","tag-diplomatie","tag-environnement","tag-federation-de-russie","tag-incendie","tag-news","tag-russia","tag-russian-federation","tag-russie","tag-serbie"],"share_on_mastodon":{"url":"https:\/\/pubeurope.com\/@fr\/117125193855289641","error":""},"_links":{"self":[{"href":"https:\/\/www.europesays.com\/fr\/wp-json\/wp\/v2\/posts\/1137437","targetHints":{"allow":["GET"]}}],"collection":[{"href":"https:\/\/www.europesays.com\/fr\/wp-json\/wp\/v2\/posts"}],"about":[{"href":"https:\/\/www.europesays.com\/fr\/wp-json\/wp\/v2\/types\/post"}],"author":[{"embeddable":true,"href":"https:\/\/www.europesays.com\/fr\/wp-json\/wp\/v2\/users\/2"}],"replies":[{"embeddable":true,"href":"https:\/\/www.europesays.com\/fr\/wp-json\/wp\/v2\/comments?post=1137437"}],"version-history":[{"count":0,"href":"https:\/\/www.europesays.com\/fr\/wp-json\/wp\/v2\/posts\/1137437\/revisions"}],"wp:featuredmedia":[{"embeddable":true,"href":"https:\/\/www.europesays.com\/fr\/wp-json\/wp\/v2\/media\/2837"}],"wp:attachment":[{"href":"https:\/\/www.europesays.com\/fr\/wp-json\/wp\/v2\/media?parent=1137437"}],"wp:term":[{"taxonomy":"category","embeddable":true,"href":"https:\/\/www.europesays.com\/fr\/wp-json\/wp\/v2\/categories?post=1137437"},{"taxonomy":"post_tag","embeddable":true,"href":"https:\/\/www.europesays.com\/fr\/wp-json\/wp\/v2\/tags?post=1137437"}],"curies":[{"name":"wp","href":"https:\/\/api.w.org\/{rel}","templated":true}]}}