{"id":113748,"date":"2025-05-20T07:24:08","date_gmt":"2025-05-20T07:24:08","guid":{"rendered":"https:\/\/www.europesays.com\/fr\/113748\/"},"modified":"2025-05-20T07:24:08","modified_gmt":"2025-05-20T07:24:08","slug":"pour-son-president-francois-garreau-lalterna-stade-poitevin-est-sur-la-bonne-voie","status":"publish","type":"post","link":"https:\/\/www.europesays.com\/fr\/113748\/","title":{"rendered":"pour son pr\u00e9sident Fran\u00e7ois Garreau, l\u2019Alterna Stade Poitevin \u00ab\u00a0est sur la bonne voie\u00a0\u00bb"},"content":{"rendered":"<p>La saison de l\u2019Alterna Stade Poitevin ne s\u2019est pas officiellement termin\u00e9e samedi soir \u00e0 Grenon. Elle s\u2019est, en r\u00e9alit\u00e9, conclue ce lundi, \u00e0 Lawson-Body, lors d\u2019une soir\u00e9e d\u2019au revoir organis\u00e9e par le club stadiste avec les joueurs, le staff, les salari\u00e9s, les dirigeants, les b\u00e9n\u00e9voles, les abonn\u00e9s, les supporters et tous ceux qui ont suivi les folles aventures de Brett Walsh et ses partenaires lors de cet exercice extraordinaire.<\/p>\n<p>C\u2019est le moins que l\u2019on puisse dire, entre l\u2019arriv\u00e9e de C\u00e9dric Enard, la mise en place d\u2019un nouveau staff avec Dan Lewis, la signature\u00a0&#8211; \u00e9v\u00e9nement d\u2019Earvin Ngapeth, les bons r\u00e9sultats des premiers mois, le d\u00e9part de Dusan Nikolic, celui, ensuite, du double champion olympique apr\u00e8s une magnifique derni\u00e8re sortie pour une premi\u00e8re \u00e0 l\u2019Arena Futuroscope, l\u2019arriv\u00e9e de Bozidar Vucicevic puis celle de Colton Cowell, le petit coup de mou de d\u00e9but d\u2019ann\u00e9e, la qualification pour les play-offs, le recrutement \u00e0 la derni\u00e8re minute de Nik Mujanovic, l\u2019incroyable come-back face \u00e0 Tourcoing en quart de finale, la qualification m\u00e9rit\u00e9e en finale lors d\u2019une demie ma\u00eetris\u00e9e face \u00e0 Chaumont et enfin <a target=\"_self\" href=\"https:\/\/www.lanouvellerepublique.fr\/poitiers\/msl-il-n-y-a-que-la-fin-de-triste-pour-l-alterna-stade-poitevin-1747561572\" rel=\"noopener\">cette d\u00e9faite face au TVB privant l\u2019institution stadiste d\u2019un troisi\u00e8me titre de champion de France.<\/a> \u00ab\u00a0Mais Tours m\u00e9rite amplement son titre et, personnellement, \u00e7a me donne\u00a0juste envie de continuer le travail pour un jour \u00eatre \u00e0 la place du TVB \u00e0 la fin de la saison\u00a0\u00bb, glisse Fran\u00e7ois Garreau.<\/p>\n<p>\u00ab\u00a0Installer Poitiers durablement dans le top\u00a04\u00a0\u00bb<\/p>\n<p>Le pr\u00e9sident de l\u2019Alterna SPVB n\u2019est ni abattu, ni essor\u00e9 apr\u00e8s cette saison hors du commun. Il est en revanche fier du parcours d\u2019un club dont il a pris les r\u00eanes il y a maintenant trois ans. \u00ab\u00a0On sent qu\u2019on est sur la bonne voie. \u00c0 tous les niveaux.\u00a0\u00bb Sportif, d\u2019abord, avec ce retour en finale treize ann\u00e9es apr\u00e8s la derni\u00e8re participation du Stade Poitevin Volley-Ball. Et cela n\u2019a fait que renforcer la confiance de Fran\u00e7ois Garreau et des dirigeants \u00e0 l\u2019\u00e9gard du duo C\u00e9dric Enard\u00a0&#8211; Dan Lewis. \u00ab\u00a0Personne n\u2019avait de doute sur les comp\u00e9tences de C\u00e9dric, assure-t-il. Il a relanc\u00e9 une vraie dynamique. Et Dan a\u00a0r\u00e9volutionn\u00e9 la mani\u00e8re de s\u2019entra\u00eener avec une m\u00e9thode nord-am\u00e9ricaine. Il a fait \u00e9norm\u00e9ment progresser les joueurs.\u00a0\u00bb Il faut maintenant que le club suive pour atteindre l\u2019objectif \u00ab\u00a0d\u2019installer\u00a0Poitiers\u00a0durablement dans le top\u00a04 du championnat\u00a0\u00bb, dixit le dirigeant.<\/p>\n<p>Le tableau de marche de Fran\u00e7ois Garreau est en tout cas suivi depuis sa prise de fonctions. \u00ab\u00a0J\u2019avais fl\u00e9ch\u00e9 trois points. Le premier \u00e9tait de trouver un namer, avec lequel on avance sur beaucoup de projets. C\u2019est le cas avec Alterna, dont on se f\u00e9licite du partenariat tous les jours. Le deuxi\u00e8me \u00e9tait la nomination d\u2019un manager. C\u2019est fait avec C\u00e9dric. Le troisi\u00e8me, c\u2019est la r\u00e9ouverture d\u2019un centre de formation, ce qui sera le cas \u00e0 la rentr\u00e9e prochaine.\u00a0\u00bb <a target=\"_self\" href=\"https:\/\/www.lanouvellerepublique.fr\/poitiers\/rogerio-brizola-de-retour-a-l-alterna-stade-poitevin-1744101187\" rel=\"noopener\">Avec le retour de Rogerio Brizola pour le diriger.<\/a><\/p>\n<p><strong>mouvements<\/strong><\/p>\n<p>Qui reste\u00a0? Qui part\u00a0?<\/p>\n<p>La soir\u00e9e de ce lundi \u00e0 Lawson-Body a r\u00e9pondu \u00e0 ces questions. Brett Walsh, Nik Mujanovic et Thibaut Thoral \u00e9volueront toujours en France, mais plus \u00e0 Poitiers. Byam, Hanzic, Cowell, Michelucci, Howe et Roatta vont \u00e9galement quitter l\u2019Alterna SPVB.<\/p>\n<p>Franco Massimino, Simon Magnin, Thomas Pujol, Tom Cannessant et Simon Gill porteront, eux, toujours le maillot poitevin la saison prochaine. Tout comme Dusan Nikolic dont le retour est d\u00e9j\u00e0 act\u00e9.<\/p>\n<p>Cela n\u2019emp\u00eache pas le club poitevin d\u2019avoir encore beaucoup de travail devant lui. Notamment au niveau de la structuration. Cela va passer par un renforcement de la communication et une r\u00e9flexion autour de la gouvernance. \u00ab\u00a0Le statut associatif n\u2019est plus adapt\u00e9 \u00e0 la PME que nous sommes\u00a0\u00bb, glisse Fran\u00e7ois Garreau. Et cette \u00ab\u00a0PME\u00a0\u00bb devrait pouvoir s\u2019appuyer sur un budget de 2,4\u00a0&#8211; 2,5\u00a0millions d\u2019euros la saison prochaine, avec des partenaires au rendez-vous. \u00ab\u00a0Il y a \u00e9norm\u00e9ment de renouvellements et de nouveaux nous ont rejoints ou nous ont dit qu\u2019ils allaient le faire.\u00a0\u00bb Mais il va quand m\u00eame falloir les accueillir correctement.<\/p>\n<p>Au moins trois matchs \u00e0 l\u2019Arena<\/p>\n<p>Et la salle Lawson-Body et les infrastructures qui l\u2019entourent pourraient, si ce n\u2019est pas d\u00e9j\u00e0 le cas, \u00eatre un facteur limitant. Encore plus avec une Coupe d\u2019Europe \u00e0 disputer alors que cette enceinte n\u2019est pas homologu\u00e9e. \u00ab\u00a0Il va falloir trouver des solutions avec les collectivit\u00e9s. Elles sont \u00e0 l\u2019\u00e9coute et dans le dialogue pour cela.\u00a0\u00c0 ce jour, on a atteint le maximum dans le contexte Lawson-Body actuelle. On ne la quittera pas mais il faut trouver des solutions d\u2019accueil peut \u00eatre diff\u00e9rentes. C\u2019est tr\u00e8s important.\u00a0\u00bb C\u2019est pour cela que l\u2019Alterna SPVB disputera au moins trois matchs \u00e0 l\u2019Arena Futuroscope, fin octobre, fin d\u00e9cembre, et en d\u00e9but d\u2019ann\u00e9e 2026. Mais chaque chose en son temps. Et ce lundi \u00e9tait avant tout consacr\u00e9 aux au revoir\u2026<\/p>\n<p>\u00a0<\/p>\n","protected":false},"excerpt":{"rendered":"La saison de l\u2019Alterna Stade Poitevin ne s\u2019est pas officiellement termin\u00e9e samedi soir \u00e0 Grenon. Elle s\u2019est, en&hellip;\n","protected":false},"author":2,"featured_media":113749,"comment_status":"","ping_status":"","sticky":false,"template":"","format":"standard","meta":{"footnotes":""},"categories":[1417],"tags":[1392,1654,1011,27,1655,1653,60,1584,1470,1469],"class_list":{"0":"post-113748","1":"post","2":"type-post","3":"status-publish","4":"format-standard","5":"has-post-thumbnail","7":"category-volley","8":"tag-a-la-une-local","9":"tag-alterna-stade-poitevin-volley-ball","10":"tag-fr","11":"tag-france","12":"tag-ligue-a","13":"tag-poitiers","14":"tag-sports","15":"tag-vienne","16":"tag-volley","17":"tag-volleyball"},"share_on_mastodon":{"url":"https:\/\/pubeurope.com\/@fr\/114538968717925098","error":""},"_links":{"self":[{"href":"https:\/\/www.europesays.com\/fr\/wp-json\/wp\/v2\/posts\/113748","targetHints":{"allow":["GET"]}}],"collection":[{"href":"https:\/\/www.europesays.com\/fr\/wp-json\/wp\/v2\/posts"}],"about":[{"href":"https:\/\/www.europesays.com\/fr\/wp-json\/wp\/v2\/types\/post"}],"author":[{"embeddable":true,"href":"https:\/\/www.europesays.com\/fr\/wp-json\/wp\/v2\/users\/2"}],"replies":[{"embeddable":true,"href":"https:\/\/www.europesays.com\/fr\/wp-json\/wp\/v2\/comments?post=113748"}],"version-history":[{"count":0,"href":"https:\/\/www.europesays.com\/fr\/wp-json\/wp\/v2\/posts\/113748\/revisions"}],"wp:featuredmedia":[{"embeddable":true,"href":"https:\/\/www.europesays.com\/fr\/wp-json\/wp\/v2\/media\/113749"}],"wp:attachment":[{"href":"https:\/\/www.europesays.com\/fr\/wp-json\/wp\/v2\/media?parent=113748"}],"wp:term":[{"taxonomy":"category","embeddable":true,"href":"https:\/\/www.europesays.com\/fr\/wp-json\/wp\/v2\/categories?post=113748"},{"taxonomy":"post_tag","embeddable":true,"href":"https:\/\/www.europesays.com\/fr\/wp-json\/wp\/v2\/tags?post=113748"}],"curies":[{"name":"wp","href":"https:\/\/api.w.org\/{rel}","templated":true}]}}