{"id":1137519,"date":"2026-08-20T02:19:21","date_gmt":"2026-08-20T02:19:21","guid":{"rendered":"https:\/\/www.europesays.com\/fr\/1137519\/"},"modified":"2026-08-20T02:19:21","modified_gmt":"2026-08-20T02:19:21","slug":"lheure-du-grand-retour-pour-toulouse-federation-francaise-de-football-fff","status":"publish","type":"post","link":"https:\/\/www.europesays.com\/fr\/1137519\/","title":{"rendered":"L&rsquo;heure du grand retour pour Toulouse | F\u00e9d\u00e9ration Fran\u00e7aise de Football (FFF)"},"content":{"rendered":"<p>    <img data-twic-src=\"https:\/\/www.europesays.com\/fr\/wp-content\/uploads\/2026\/08\/814e2d65e851fd3b35fd66257e237ead.jpg\" data-credit=\"Toulouse FC f\u00e9minines\" title=\"Toulouse FC f\u00e9minines\" alt=\"Toulouse FC f\u00e9minines\" class=\"block\"\/>   <\/p>\n<p style=\"font-weight: bold\">Treize ans apr\u00e8s l&rsquo;avoir quitt\u00e9e, le Toulouse FC est de retour dans l&rsquo;\u00e9lite du football fran\u00e7ais. Championnes de Seconde Ligue 2026, les Violettes abordent avec confiance et conviction leur promotion en Arkema Premi\u00e8re Ligue.<\/p>\n<p>Treize ann\u00e9es sont pass\u00e9es, et le Toulouse FC est enfin de retour dans l\u2019\u00e9lite. Promu certes, mais avec un statut de champion, celui de Seconde Ligue 2025-2026. Et avec l\u2019ambition, surtout, de r\u00e9pondre aux attentes de l\u2019Arkema Premi\u00e8re Ligue, sans s\u2019\u00e9terniser sur la question du maintien. Un retour aux affaires marqu\u00e9 par la volont\u00e9 de gagner, tout en continuant de prioriser son ADN formateur et sa philosophie ax\u00e9e sur le jeu.<\/p>\n<p>Cet \u00e9t\u00e9, le T\u00e9F\u00e9C\u00e9 n\u2019a pas ch\u00f4m\u00e9 pour pr\u00e9parer son retour. Treize d\u00e9parts et onze arriv\u00e9es ont rythm\u00e9 le mercato toulousain, qui devrait encore accueillir une recrue. D\u2019un point de vue structurel, le club occitan s\u2019est \u00e9galement renforc\u00e9, garantissant \u00e0 ses joueuses des conditions optimales : staff professionnalis\u00e9, p\u00f4le m\u00e9dical densifi\u00e9 et une nouvelle enceinte \u00e0 leur disposition, La Ram\u00e9e, o\u00f9 elles \u00e9volueront la majeure partie du temps, alors que plusieurs rencontres seront disput\u00e9es au Stadium.<\/p>\n<p>Et en cette fin de pr\u00e9paration, les voyants s&rsquo;affichent au vert pour les Violettes, invaincues en quatre rencontres (trois succ\u00e8s, un match nul). Si les trois premi\u00e8res oppositions face \u00e0 des adversaires modestes -Rodez, Eibar (Espagne) et Albi- sont \u00e0 relativiser, la derni\u00e8re, contre Montpellier (1-1), a prouv\u00e9 que les joueuses d\u2019Antoine G\u00e9rard \u00e9taient pr\u00eates \u00e0 rivaliser avec une formation d\u2019Arkema Premi\u00e8re Ligue. Hasard du calendrier, ce sont d\u2019ailleurs les Montpelli\u00e9raines qu\u2019elles retrouveront lors de la 1re journ\u00e9e de championnat, le samedi 5 septembre (18h00, en direct sur YouTube Arkema Premi\u00e8re Ligue).<\/p>\n<p style=\"text-align: center;\" data-mce-style=\"text-align: center;\"><a href=\"https:\/\/epreuves.fff.fr\/competition\/engagement\/4-arkema-premiere-ligue\/phase\/1\/1\/accueil\" target=\"_blank\" rel=\"noopener nofollow\" data-mce-href=\"https:\/\/epreuves.fff.fr\/competition\/engagement\/4-arkema-premiere-ligue\/phase\/1\/1\/accueil\" data-mce-><strong>L&rsquo;Arkema Premi\u00e8re Ligue sur FFF.fr<\/strong><\/a><\/p>\n<p><img decoding=\"async\" src=\"https:\/\/www.europesays.com\/fr\/wp-content\/uploads\/2026\/08\/43589a1f6ae15a97c7cc9bce29808bdf.jpg\" alt=\"\" data-mce-src=\"https:\/\/www.europesays.com\/fr\/wp-content\/uploads\/2026\/08\/43589a1f6ae15a97c7cc9bce29808bdf.jpg\"\/>Championnes de Seconde Ligue 2025-2026 (photo TOULOUSE FC \/ FACEBOOK).<\/p>\n<p>\u00a0TOULOUSE FC EN BREF\u00a0<\/p>\n<p><strong>Toulouse FC :<\/strong> section f\u00e9minine cr\u00e9\u00e9e en 1980 sous le nom de Toulouse Olympique A\u00e9rospatiale Club (TOAC), dans l&rsquo;\u00e9lite depuis 2026.<br \/><strong>Pr\u00e9sident :<\/strong> Jos\u00e9 Da Silva<br \/><strong>Entra\u00eeneur :<\/strong> Antoine G\u00e9rard (depuis 2020)<br \/><strong>Stades :<\/strong> La Ram\u00e9e \/ Stadium de Toulouse<br \/><strong>Palmar\u00e8s :<\/strong> Coupe de France F\u00e9minine (1999, 2000, 2001, 2002), championnat de D2F (1994, 2012, 2026), championnat de D3F (2024).<\/p>\n<p><strong>D\u00e9parts :<\/strong> Marine Perea (AJ Auxerre), Sol\u00e8ne Champagnac (Havre AC), Louna Lapassouse (FC N\u00fcremberg, ALL), Ga\u00eblle Grillon (Grenoble F38), Ana\u00eblle Anglais (AJ Auxerre), Ilana Yacob, Pauline Monadier (Grenoble F38), Sarah Lambert, Prune Rouland, Laura Riquelme (FC Sion, SUI), Lola Meriz, Pauline Sierra (AS Saint-\u00c9tienne), Sonia Roumiga (LOSC Lille).<\/p>\n<p><strong>Arriv\u00e9es :<\/strong> Luisa Oliveira Bras (FC Metz), Chlo\u00e9 Tapia (AS Saint-\u00c9tienne), Julie Rabanne (FC Nantes), G\u00f6knur G\u00fclery\u00fcz (Fenerbah\u00e7e, TUR), Anna Conesa (LOSC Lille), Alyssa Fernandes (pr\u00eat, Paris SG), Azzurra Gallo (pr\u00eat, Juventus FC, ITA), Christy Gavory (Havre AC), Annalise Rasmussen (pr\u00eat, Juventus FC, ITA), Lina Gay (Dijon FCO).<\/p>\n<p>\u00a0LA SAISON DERNI\u00c8RE EN CHIFFRES\u00a0<\/p>\n<p><strong>1er<\/strong><\/p>\n<p>Classement final (Seconde Ligue)<\/p>\n<p><strong>48<\/strong><\/p>\n<p>Buts marqu\u00e9s, premi\u00e8re attaque<\/p>\n<p><strong>21<\/strong><\/p>\n<p>Buts encaiss\u00e9s, deuxi\u00e8me d\u00e9fense<\/p>\n<p>\u00a0QUESTIONS \u00c0\u2026\u00a0<br \/>Alexandra Atamaniuk : \u00ab Nous n\u2019abandonnerons pas nos principes \u00bb<\/p>\n<p><strong>Douze ans apr\u00e8s, vous allez retrouver l\u2019\u00e9lite, \u00e0 titre personnel. C\u2019est une belle r\u00e9compense apr\u00e8s vos passages en D2 et m\u00eame en D3 ?<\/strong><br \/>Oui, \u00e7a faisait longtemps que j\u2019attendais ce moment. Tr\u00e8s jeune, j\u2019ai \u00e9t\u00e9 confront\u00e9e \u00e0 des contextes difficiles que ce soit \u00e0 Vendenheim ou \u00e0 Saint-\u00c9tienne. Nous jouions le maintien et la notion de plaisir n\u2019\u00e9tait pas vraiment pr\u00e9sente. J\u2019ai alors fait le choix de retourner dans les divisions inf\u00e9rieurs pour reprendre go\u00fbt au jeu qu\u2019est le football, et ressentir des \u00e9motions positives.\u00a0<\/p>\n<p><strong>Avez-vous la sensation qu\u2019\u00e0 31 ans, c\u2019est finalement le moment id\u00e9al, avec toute la maturit\u00e9 acquise au cours de votre parcours ?\u00a0<\/strong><br \/>Clairement, \u00e7a arrive au bon moment. Je ne me suis jamais autant bien sentie physiquement et mentalement sur un terrain de foot. Cela vaut aussi pour ma vie personnelle o\u00f9 je suis pleinement \u00e9panouie. Tout est r\u00e9uni pour que ce retour se passe au mieux.<\/p>\n<p><img decoding=\"async\" src=\"https:\/\/www.europesays.com\/fr\/wp-content\/uploads\/2026\/08\/8915a8cdaa3a749c9f4f049312931ad7.jpg\" alt=\"\" data-mce-src=\"https:\/\/www.europesays.com\/fr\/wp-content\/uploads\/2026\/08\/8915a8cdaa3a749c9f4f049312931ad7.jpg\"\/>La pr\u00e9paration estivale a permis aux Toulousaines d&#8217;emmagasiner un maximum de confiance (photo TOULOUSE FC \/ FACEBOOK).<\/p>\n<p><strong>Toulouse attendait \u00e9galement de revenir en Arkema Premi\u00e8re Ligue depuis plusieurs ann\u00e9es, vous avez fait d\u2019une pierre, deux coups ?<\/strong><br \/>Toulouse m\u00e9rite ce qui lui arrive. Le club nous met dans les meilleures conditions pour obtenir des r\u00e9sultats tout en prenant du plaisir sur le terrain. Un gros travail est effectu\u00e9 pour que la structuration et le d\u00e9veloppement de la section f\u00e9minine soient p\u00e9rennes. Je suis heureuse de revenir en APL avec Toulouse car cela arrive dans de bonnes conditions.<\/p>\n<p><strong>Comment d\u00e9cririez-vous l\u2019identit\u00e9 T\u00e9F\u00e9C\u00e9 ?\u00a0<\/strong><br \/>Que tu sois toulousaine de formation ou non, l&rsquo;identit\u00e9 locale est tr\u00e8s ancr\u00e9e ici. Toutes les joueuses s&rsquo;impr\u00e8gnent des valeurs du club : humilit\u00e9, partage, d\u00e9passement de soi notamment. Notre groupe est constitu\u00e9 de belles personnes, avant d&rsquo;\u00eatre de bonnes footballeuses. Pour ce qui est du foot, nous sommes anim\u00e9es par le jeu offensif, c\u2019est notre marque de fabrique. En Seconde Ligue, nous imposions ce style \u00e0 chacun de nos adversaires, avec la volont\u00e9 d\u2019\u00eatre dangereuses sur chaque situation. Parfois \u00e0 nos d\u00e9pens, notamment lors de la saison 2024-2025 o\u00f9 cela nous a co\u00fbt\u00e9 la mont\u00e9e. Mais nous avons acquis de l\u2019exp\u00e9rience, nous g\u00e9rons mieux le cours des matches, ce qu\u2019on a su d\u00e9montrer tout au long de la saison derni\u00e8re, en remportant le championnat. Nous n\u2019abandonnerons pas nos principes en Arkema Premi\u00e8re Ligue.\u00a0<\/p>\n<blockquote class=\"margin_b30 relative main_text_color small_12 module_blockquote row column\"><p>\u00ab En r\u00e9alit\u00e9, on ne cesse jamais d\u2019y croire (\u00e0 l\u2019\u00c9quipe de France) mais je ne me voile pas la face \u00bb<\/p><\/blockquote>\n<p><strong>Quels sont vos objectifs collectifs et individuels pour cette saison ?<\/strong><br \/>Nous sommes des comp\u00e9titrices et avons d\u00e9velopp\u00e9 une faim de victoires. Chaque match sera jou\u00e9 pour \u00eatre gagn\u00e9, peu importe l\u2019adversaire. Bien \u00e9videmment, il faudra faire preuve d\u2019humilit\u00e9, mais nous sommes ambitieuses. Sur le plan individuel, je veux jouer un maximum et \u00eatre d\u00e9cisive pour l\u2019\u00e9quipe. Si la priorit\u00e9 sera donn\u00e9e au championnat, car nous n\u2019avons pas fait tout ce chemin pour rien, les Coupes nationales auront un r\u00f4le important : elles nous permettront de vivre de belles aventures et ainsi solidifier notre groupe.<\/p>\n<p><strong>Ce n\u2019est un secret pour personne, le Futsal va \u00e9galement occuper une place importante pour vous cette saison, avec l\u2019Euro en ligne de mire\u2026<\/strong><br \/>Oui, c\u2019est un objectif. J\u2019ai vraiment envie d\u2019emmener l\u2019\u00c9quipe de France \u00e0 l\u2019Euro en mars prochain, car la F\u00e9d\u00e9ration investit \u00e9norm\u00e9ment sur le Futsal f\u00e9minin et nous met dans des conditions exceptionnelles. Ce serait un juste retour des choses que de se qualifier. Nous allons rencontrer de gros adversaires lors des qualifications, l\u2019Espagne et l\u2019Italie, des r\u00e9f\u00e9rences mondiales. Nous avons prouv\u00e9 que nous \u00e9tions capables de r\u00e9aliser des exploits <a href=\"https:\/\/www.fff.fr\/article\/16275-la-bretagne-ca-les-gagne-.html\" target=\"_blank\" rel=\"noopener nofollow\" data-mce-href=\"https:\/\/www.fff.fr\/article\/16275-la-bretagne-ca-les-gagne-.html\" data-mce->comme face \u00e0 l\u2019Ukraine<\/a> il y a un peu plus d\u2019un an. J\u2019ai confiance en cette \u00e9quipe, nous croyons en nos chances.<\/p>\n<p><img decoding=\"async\" src=\"https:\/\/www.europesays.com\/fr\/wp-content\/uploads\/2026\/08\/abbba020a760371d391b3c7b1aebba2d.jpg\" alt=\"\" data-mce-src=\"https:\/\/www.europesays.com\/fr\/wp-content\/uploads\/2026\/08\/abbba020a760371d391b3c7b1aebba2d.jpg\"\/>\u00c0\u00a031 ans, Alexandra Atamaniuk est dans la forme de sa vie (photo TOULOUSE FC \/ FACEBOOK).<\/p>\n<p><strong>En parlant d\u2019\u00c9quipe de France, il y a un Mondial au Br\u00e9sil l\u2019\u00e9t\u00e9 prochain. Vous avez \u00e9t\u00e9 championne du monde U17 en 2012 avec Griedge Mbock, Delphine Cascarino ou encore Kadidiatou Diani. On y pense forc\u00e9ment quand on revient en Arkema Premi\u00e8re Ligue ?<\/strong><br \/>Je mentirais en disant que je n\u2019y pense pas. En r\u00e9alit\u00e9, on ne cesse jamais d\u2019y croire mais je ne me voile pas la face : j\u2019ai 31 ans, je n\u2019\u00e9volue pas dans le meilleur club fran\u00e7ais et il y a \u00e9norm\u00e9ment de concurrence. Mes chances sont minces. Maintenant, m\u00eame si je n\u2019y suis pas ferm\u00e9e, il faut savoir prioriser les objectifs accessibles : \u00eatre performante avec Toulouse, et aider l\u2019\u00c9quipe de France \u00e0 se qualifier pour l\u2019Euro de Futsal.<\/p>\n<p><strong>Que peut-on vous souhaiter cette saison ?<\/strong><br \/>Un maximum d&rsquo;\u00e9motions positives et continuer \u00e0 prendre un pied fou sur le terrain comme je le fais depuis plusieurs ann\u00e9es ! De bons r\u00e9sultats avec Toulouse et les Bleues du Futsal passeront forc\u00e9ment par l\u00e0.<\/p>\n<p>Les cinq premi\u00e8res journ\u00e9es du Toulouse FC<\/p>\n<ul>\n<li class=\"light\"><strong>J1 : <\/strong>Montpellier FC<strong> &#8211;<\/strong> <strong>Toulouse FC<\/strong>, samedi 5 septembre 2026 (18h00, YouTube Arkema Premi\u00e8re Ligue)<\/li>\n<li class=\"light\"><strong>J2 : Toulouse FC &#8211;<\/strong> Le Havre AC, samedi 12 septembre 2026 (18h00, YouTube Arkema Premi\u00e8re Ligue)<\/li>\n<li class=\"light\"><strong>J3 :<\/strong> RC Lens &#8211; <strong>Toulouse FC<\/strong>, samedi 19 septembre 2026 (18h00, YouTube Arkema Premi\u00e8re Ligue)<\/li>\n<li class=\"light\"><strong>J4 : <\/strong>OL Lyonnes &#8211; <strong>Toulouse FC<\/strong>, samedi 3 octobre 2026<\/li>\n<li class=\"light\"><strong>J5 :<\/strong> <strong>Toulouse FC<\/strong> &#8211; Paris FC, samedi 17 octobre 2026<\/li>\n<\/ul>\n<p><a href=\"https:\/\/epreuves.fff.fr\/competition\/engagement\/4-arkema-premiere-ligue\/phase\/1\/1\/resultats-et-calendrier\" target=\"_blank\" rel=\"noopener nofollow\" data-mce-href=\"https:\/\/epreuves.fff.fr\/competition\/engagement\/4-arkema-premiere-ligue\/phase\/1\/1\/resultats-et-calendrier\" data-mce-><strong>Le calendrier de la saison 2026-2027<\/strong><\/a>  <\/p>\n","protected":false},"excerpt":{"rendered":"Treize ans apr\u00e8s l&rsquo;avoir quitt\u00e9e, le Toulouse FC est de retour dans l&rsquo;\u00e9lite du football fran\u00e7ais. Championnes de&hellip;\n","protected":false},"author":2,"featured_media":1137520,"comment_status":"","ping_status":"","sticky":false,"template":"","format":"standard","meta":{"footnotes":"","_share_on_mastodon":"0"},"categories":[2816],"tags":[1111,11,1777,674,85,1011,27,12,2680,25,2312],"class_list":["post-1137519","post","type-post","status-publish","format-standard","has-post-thumbnail","category-toulouse","tag-actu","tag-actualites","tag-eu","tag-europe","tag-fff","tag-fr","tag-france","tag-news","tag-occitanie","tag-republique-francaise","tag-toulouse"],"share_on_mastodon":{"url":"https:\/\/pubeurope.com\/@fr\/117125447154027495","error":""},"_links":{"self":[{"href":"https:\/\/www.europesays.com\/fr\/wp-json\/wp\/v2\/posts\/1137519","targetHints":{"allow":["GET"]}}],"collection":[{"href":"https:\/\/www.europesays.com\/fr\/wp-json\/wp\/v2\/posts"}],"about":[{"href":"https:\/\/www.europesays.com\/fr\/wp-json\/wp\/v2\/types\/post"}],"author":[{"embeddable":true,"href":"https:\/\/www.europesays.com\/fr\/wp-json\/wp\/v2\/users\/2"}],"replies":[{"embeddable":true,"href":"https:\/\/www.europesays.com\/fr\/wp-json\/wp\/v2\/comments?post=1137519"}],"version-history":[{"count":0,"href":"https:\/\/www.europesays.com\/fr\/wp-json\/wp\/v2\/posts\/1137519\/revisions"}],"wp:featuredmedia":[{"embeddable":true,"href":"https:\/\/www.europesays.com\/fr\/wp-json\/wp\/v2\/media\/1137520"}],"wp:attachment":[{"href":"https:\/\/www.europesays.com\/fr\/wp-json\/wp\/v2\/media?parent=1137519"}],"wp:term":[{"taxonomy":"category","embeddable":true,"href":"https:\/\/www.europesays.com\/fr\/wp-json\/wp\/v2\/categories?post=1137519"},{"taxonomy":"post_tag","embeddable":true,"href":"https:\/\/www.europesays.com\/fr\/wp-json\/wp\/v2\/tags?post=1137519"}],"curies":[{"name":"wp","href":"https:\/\/api.w.org\/{rel}","templated":true}]}}