{"id":1137535,"date":"2026-08-20T02:30:20","date_gmt":"2026-08-20T02:30:20","guid":{"rendered":"https:\/\/www.europesays.com\/fr\/1137535\/"},"modified":"2026-08-20T02:30:20","modified_gmt":"2026-08-20T02:30:20","slug":"francois-hollande-decu-de-ne-pas-etre-en-couverture-de-paris-match-malgre-la-location-dun-paddle","status":"publish","type":"post","link":"https:\/\/www.europesays.com\/fr\/1137535\/","title":{"rendered":"Fran\u00e7ois Hollande d\u00e9\u00e7u de ne pas \u00eatre en couverture de Paris Match malgr\u00e9 la location d\u2019un paddle"},"content":{"rendered":"<p class=\"wp-block-paragraph\">En vacances dans le sud du pays, Fran\u00e7ois Hollande avait tout pr\u00e9vu pour se faire \u00ab paparazzer \u00bb sur la plage de Cavalaire-sur-Mer et finir, lui aussi, en une de Paris Match. Location d\u2019un paddle, gilet de sauvetage orange fluo avec sifflet et casquette vintage \u00ab Le changement, c\u2019est maintenant \u00bb viss\u00e9e sur la t\u00eate : mais rien ne s\u2019est pass\u00e9 comme pr\u00e9vu, comme en t\u00e9moigne le loueur de paddles : \u00ab Il a pass\u00e9 deux heures \u00e0 essayer de tenir debout. Il a finalement renonc\u00e9 et s\u2019est mis \u00e0 genoux, mais l\u00e0 encore, l\u2019\u00e9quilibre n\u2019\u00e9tait pas au rendez-vous. Il a donc fini assis. \u00bb<\/p>\n<p class=\"wp-block-paragraph\">L\u2019ancien chef de l\u2019\u00c9tat aurait alors multipli\u00e9 les tentatives pour attirer l\u2019attention. Selon plusieurs t\u00e9moins, il aurait simul\u00e9 une noyade \u00e0 quinze m\u00e8tres du bord avant de s\u2019apercevoir qu\u2019il avait pied. Il aurait alors demand\u00e9 \u00e0 Julie Gayet de le rejoindre pour une \u00e9treinte fougueuse dans l\u2019eau, mais l\u2019actrice aurait pr\u00e9f\u00e9r\u00e9 rester sur son transat \u00e0 lire.<\/p>\n<p class=\"wp-block-paragraph\">\u00ab Le plus triste dans cette histoire, c\u2019est qu\u2019il pensait se faire prendre en photo par un paparazzi, mais il ne s\u2019agissait que d\u2019un touriste allemand qui essayait de photographier une mouette derri\u00e8re lui \u00bb, t\u00e9moigne Mireille, une habitu\u00e9e de la plage de Bonporteau. Selon ses proches, Fran\u00e7ois Hollande ne compte pas en rester l\u00e0 et compte bien louer un p\u00e9dalo dans les prochains jours pour en mettre plein la vue aux lecteurs de Paris Match.<\/p>\n","protected":false},"excerpt":{"rendered":"En vacances dans le sud du pays, Fran\u00e7ois Hollande avait tout pr\u00e9vu pour se faire \u00ab paparazzer \u00bb&hellip;\n","protected":false},"author":2,"featured_media":1137536,"comment_status":"","ping_status":"","sticky":false,"template":"","format":"standard","meta":{"footnotes":"","_share_on_mastodon":"0"},"categories":[1888],"tags":[1111,1928,11,1927,2883,1777,674,11615,1011,27,3082,12,1926,626,1925,4048,25],"class_list":["post-1137535","post","type-post","status-publish","format-standard","has-post-thumbnail","category-paris","tag-actu","tag-actu-paris","tag-actualites","tag-actualites-paris","tag-ete","tag-eu","tag-europe","tag-featured","tag-fr","tag-france","tag-francois-hollande","tag-news","tag-news-paris","tag-paris","tag-paris-news","tag-presse","tag-republique-francaise"],"share_on_mastodon":{"url":"https:\/\/pubeurope.com\/@fr\/117125488765710323","error":""},"_links":{"self":[{"href":"https:\/\/www.europesays.com\/fr\/wp-json\/wp\/v2\/posts\/1137535","targetHints":{"allow":["GET"]}}],"collection":[{"href":"https:\/\/www.europesays.com\/fr\/wp-json\/wp\/v2\/posts"}],"about":[{"href":"https:\/\/www.europesays.com\/fr\/wp-json\/wp\/v2\/types\/post"}],"author":[{"embeddable":true,"href":"https:\/\/www.europesays.com\/fr\/wp-json\/wp\/v2\/users\/2"}],"replies":[{"embeddable":true,"href":"https:\/\/www.europesays.com\/fr\/wp-json\/wp\/v2\/comments?post=1137535"}],"version-history":[{"count":0,"href":"https:\/\/www.europesays.com\/fr\/wp-json\/wp\/v2\/posts\/1137535\/revisions"}],"wp:featuredmedia":[{"embeddable":true,"href":"https:\/\/www.europesays.com\/fr\/wp-json\/wp\/v2\/media\/1137536"}],"wp:attachment":[{"href":"https:\/\/www.europesays.com\/fr\/wp-json\/wp\/v2\/media?parent=1137535"}],"wp:term":[{"taxonomy":"category","embeddable":true,"href":"https:\/\/www.europesays.com\/fr\/wp-json\/wp\/v2\/categories?post=1137535"},{"taxonomy":"post_tag","embeddable":true,"href":"https:\/\/www.europesays.com\/fr\/wp-json\/wp\/v2\/tags?post=1137535"}],"curies":[{"name":"wp","href":"https:\/\/api.w.org\/{rel}","templated":true}]}}