{"id":1137542,"date":"2026-08-20T02:34:26","date_gmt":"2026-08-20T02:34:26","guid":{"rendered":"https:\/\/www.europesays.com\/fr\/1137542\/"},"modified":"2026-08-20T02:34:26","modified_gmt":"2026-08-20T02:34:26","slug":"ukraine-volodymyr-zelensky-limoge-une-nouvelle-cadre-de-son-cabinet-dans-une-affaire-de-corruption-2","status":"publish","type":"post","link":"https:\/\/www.europesays.com\/fr\/1137542\/","title":{"rendered":"Ukraine: Volodymyr Zelensky limoge une nouvelle cadre de son cabinet dans une affaire de corruption"},"content":{"rendered":"<p>\n                        Un nouveau scandale de corruption \u00e9clabousse la pr\u00e9sidence de Volodymyr Zelensky. Le pr\u00e9sident ukrainien a limog\u00e9 ce mercredi Iryna Moudra, l&rsquo;une des plus hautes responsables de son cabinet, quelques heures seulement apr\u00e8s l&rsquo;annonce de plusieurs perquisitions visant\u00a0des membres du bureau du pr\u00e9sident et un d\u00e9put\u00e9 ukrainien par les autorit\u00e9s anticorruption ukrainiennes. Iryna Moudra est soup\u00e7onn\u00e9e d&rsquo;avoir particip\u00e9 \u00e0 une op\u00e9ration de blanchiment.        <\/p>\n<p class=\"m-pub-dates\">Publi\u00e9 le : 19\/08\/2026 &#8211; 22:02<\/p>\n<p>    2 min    Temps de lecture\n<\/p>\n<p>Le contexte n&rsquo;arrange rien, puisque le limogeage d&rsquo;Iryna Moudra intervient au lendemain de vives critiques de l&rsquo;ex-ministre de la D\u00e9fense Mykha\u00eflo Fedorov, lui-m\u00eame limog\u00e9 en juillet, qui a d\u00e9nonc\u00e9 la corruption en <strong><a href=\"https:\/\/www.rfi.fr\/fr\/tag\/ukraine\/\" target=\"_self\" class=\"gtm-add-suggested-tag\" rel=\"nofollow noopener\">Ukraine<\/a><\/strong> et appel\u00e9 <strong><a href=\"https:\/\/www.rfi.fr\/fr\/europe\/20260819-ukraine-l-ex-ministre-de-la-d\u00e9fense-mykha\u00eflo-fedorov-demande-d-ouvrir-la-voie-\u00e0-des-\u00e9lections\" target=\"_self\" rel=\"nofollow noopener\">\u00e0 organiser des \u00e9lections pr\u00e9sidentielles<\/a><\/strong>.<\/p>\n<p>Dans la matin\u00e9e de mercredi, l&rsquo;agence anticorruption ukrainienne (Nabu) et le parquet sp\u00e9cialis\u00e9 dans ces affaires (Sapo) avaient annonc\u00e9 sur Telegram mener une \u00ab op\u00e9ration sp\u00e9ciale visant \u00e0 d\u00e9manteler une organisation criminelle qui op\u00e9rait sous la direction d&rsquo;un d\u00e9put\u00e9 ukrainien en exercice et d&rsquo;un ancien d\u00e9put\u00e9, avec la participation de hauts responsables de la pr\u00e9sidence ukrainienne et d&rsquo;autres personnes. \u00bb Dans la foul\u00e9e, Iryna Moudra a \u00e9t\u00e9 d\u00e9mise de ses fonctions.<\/p>\n<p class=\"o-em-consent__content__text\">Pour afficher ce contenu , il est n\u00e9cessaire d&rsquo;autoriser les cookies de mesure d&rsquo;audience et de publicit\u00e9.<\/p>\n<p>        Accepter<br \/>\n        G\u00e9rer mes choix<\/p>\n<p>     Un blanchiment d&rsquo;argent pour payer la caution d&rsquo;un autre accus\u00e9 de corruption <\/p>\n<p>Au\u00a0c\u0153ur de cette affaire tentaculaire, le blanchiment de 150 millions de hryvnias (un peu moins de 3 millions d&rsquo;euros) afin de payer\u00a0la caution d&rsquo;un accus\u00e9 dans une autre affaire de corruption majeure qui avait secou\u00e9 l&rsquo;Ukraine en 2025. Selon les enqu\u00eateurs, cet argent aurait \u00e9t\u00e9 utilis\u00e9 pour faire lib\u00e9rer <strong><a href=\"https:\/\/www.rfi.fr\/fr\/europe\/20251111-ukraine-un-proche-de-volodymyr-zelensky-accus\u00e9-d-orchestrer-un-vaste-syst\u00e8me-de-corruption\" target=\"_self\" rel=\"nofollow noopener\">Herman Haloutchenko<\/a><\/strong>, ancien ministre de la Justice de <strong><a href=\"https:\/\/www.rfi.fr\/fr\/tag\/volodymyr-zelensky\/\" target=\"_self\" class=\"gtm-add-suggested-tag\" rel=\"nofollow noopener\">Volodymyr Zelensky<\/a><\/strong>, poursuivi dans une vaste affaire de d\u00e9tournement de fonds dans le secteur de l&rsquo;\u00e9nergie. Il avait \u00e9t\u00e9 remis en libert\u00e9 en juin.<\/p>\n<p>Et c\u2019est l\u00e0 qu\u2019intervient Iryna Moudra. Selon les enqu\u00eateurs, cette haute responsable de la pr\u00e9sidence a \u00e9t\u00e9 charg\u00e9e de collecter l\u2019argent pour la caution puis de transf\u00e9rer la somme via la banque publique Sense Bank, tout en contournant les contr\u00f4les financiers. L&rsquo;enqu\u00eate vise aussi des dirigeants de cette banque, un d\u00e9put\u00e9, un ancien parlementaire.<\/p>\n<p>La corruption est un probl\u00e8me r\u00e9current en Ukraine depuis de nombreuses ann\u00e9es et plusieurs scandales majeurs ont \u00e9clat\u00e9 depuis le d\u00e9but de l&rsquo;invasion russe en 2022, y compris au sein de l&rsquo;arm\u00e9e. Jusqu&rsquo;\u00e0 pr\u00e9sent, les op\u00e9rations du Nabu et du Sapo ont rarement abouti \u00e0 des condamnations en justice. En 2025, Volodymyr Zelensky avait tent\u00e9 de priver ces deux structures anticorruption de leur ind\u00e9pendance, avant de devoir faire marche arri\u00e8re face \u00e0 la lev\u00e9e de boucliers au sein de la soci\u00e9t\u00e9 civile et chez les alli\u00e9s occidentaux de Kiev.<\/p>\n<p>Dans son dernier classement, Transparency International classe l&rsquo;Ukraine \u00e0 la 104e place sur 182 des \u00c9tats o\u00f9 le trafic d&rsquo;influence p\u00e8se le plus lourd. Et m\u00eame si le pays connait une am\u00e9lioration depuis une dizaine d&rsquo;ann\u00e9es, 87% des Ukrainiens estiment toujours que la corruption est \u00ab trop largement r\u00e9pandue \u00bb. Mais Kiev n&rsquo;est pas rest\u00e9 sans rien faire pour lutter contre les pots-de-vin. Plusieurs bureaux de lutte anti-corruption ont \u00e9t\u00e9 cr\u00e9\u00e9s comme le Nabu et le Sapo, qui instruisent les dossiers, y compris lorsqu&rsquo;ils touchent \u00e0 l&rsquo;appareil d&rsquo;\u00c9tat.\u00a0<\/p>\n<p>En 2025, une loi visant \u00e0 r\u00e9duire leur ind\u00e9pendance avait \u00e9t\u00e9 \u00e0 l&rsquo;origine des premi\u00e8res grandes manifestations depuis le d\u00e9but de l&rsquo;invasion russe, jusqu&rsquo;\u00e0 faire reculer le gouvernement.\u00a0De quoi faire dire \u00e0 l&rsquo;OCDE que l&rsquo;Ukraine a \u00ab accompli des progr\u00e8s significatifs \u00bb contre ces atteintes \u00e0 la probit\u00e9.\u00a0Mais depuis 2022, la guerre est venue aggraver les risques de corruption, entre les contrats militaires et les march\u00e9s confidentiels. Et si l&rsquo;Ukraine s&rsquo;est dot\u00e9e des outils n\u00e9cessaires pour lutter contre les malversations, elle doit encore prouver qu&rsquo;elle peut les utiliser \u00e0 tous les niveaux de la soci\u00e9t\u00e9.<\/p>\n<p>\u00a0<\/p>\n<p class=\"a-read-more\">\u00c0 \u00e9couter aussi<a href=\"https:\/\/www.rfi.fr\/fr\/podcasts\/invit\u00e9-international\/20260819-pour-mykha\u00eflo-fedorov-ex-ministre-de-la-d\u00e9fense-des-\u00e9lections-sont-possibles-en-ukraine\" target=\"_self\" class=\"a-read-more__link\" rel=\"nofollow noopener\">Invit\u00e9 international &#8211; \u00abPour Mykha\u00eflo Fedorov, ex-ministre de la D\u00e9fense, des \u00e9lections sont possibles en Ukraine\u00bb<\/a><\/p>\n","protected":false},"excerpt":{"rendered":"Un nouveau scandale de corruption \u00e9clabousse la pr\u00e9sidence de Volodymyr Zelensky. Le pr\u00e9sident ukrainien a limog\u00e9 ce mercredi&hellip;\n","protected":false},"author":2,"featured_media":1069424,"comment_status":"","ping_status":"","sticky":false,"template":"","format":"standard","meta":{"footnotes":"","_share_on_mastodon":"0"},"categories":[1590],"tags":[11,1770,1777,674,12,220],"class_list":["post-1137542","post","type-post","status-publish","format-standard","has-post-thumbnail","category-ukraine","tag-actualites","tag-corruption","tag-eu","tag-europe","tag-news","tag-ukraine"],"share_on_mastodon":{"url":"https:\/\/pubeurope.com\/@fr\/117125504814271593","error":""},"_links":{"self":[{"href":"https:\/\/www.europesays.com\/fr\/wp-json\/wp\/v2\/posts\/1137542","targetHints":{"allow":["GET"]}}],"collection":[{"href":"https:\/\/www.europesays.com\/fr\/wp-json\/wp\/v2\/posts"}],"about":[{"href":"https:\/\/www.europesays.com\/fr\/wp-json\/wp\/v2\/types\/post"}],"author":[{"embeddable":true,"href":"https:\/\/www.europesays.com\/fr\/wp-json\/wp\/v2\/users\/2"}],"replies":[{"embeddable":true,"href":"https:\/\/www.europesays.com\/fr\/wp-json\/wp\/v2\/comments?post=1137542"}],"version-history":[{"count":0,"href":"https:\/\/www.europesays.com\/fr\/wp-json\/wp\/v2\/posts\/1137542\/revisions"}],"wp:featuredmedia":[{"embeddable":true,"href":"https:\/\/www.europesays.com\/fr\/wp-json\/wp\/v2\/media\/1069424"}],"wp:attachment":[{"href":"https:\/\/www.europesays.com\/fr\/wp-json\/wp\/v2\/media?parent=1137542"}],"wp:term":[{"taxonomy":"category","embeddable":true,"href":"https:\/\/www.europesays.com\/fr\/wp-json\/wp\/v2\/categories?post=1137542"},{"taxonomy":"post_tag","embeddable":true,"href":"https:\/\/www.europesays.com\/fr\/wp-json\/wp\/v2\/tags?post=1137542"}],"curies":[{"name":"wp","href":"https:\/\/api.w.org\/{rel}","templated":true}]}}