{"id":113763,"date":"2025-05-20T07:33:09","date_gmt":"2025-05-20T07:33:09","guid":{"rendered":"https:\/\/www.europesays.com\/fr\/113763\/"},"modified":"2025-05-20T07:33:09","modified_gmt":"2025-05-20T07:33:09","slug":"meuse-carole-nieder-une-artiste-qui-peint-avec-les-agriculteurs-et-leurs-tracteurs","status":"publish","type":"post","link":"https:\/\/www.europesays.com\/fr\/113763\/","title":{"rendered":"Meuse. Carole Nieder, une artiste qui peint avec les agriculteurs\ufeff et leurs tracteurs"},"content":{"rendered":"<p>Le sol immacul\u00e9, d\u00e9nu\u00e9 de toute empreinte apr\u00e8s que la neige est tomb\u00e9e, Carole Nieder arrive avec son masque et son attestation de d\u00e9placement en poche.<\/p>\n<p>\u00ab\u00a0C\u2019\u00e9tait en janvier\u00a02021, j\u2019\u00e9tais seule dans un paysage en noir et blanc\u00a0\u00bb, se rem\u00e9more cette Alsacienne de 35 ans qui d\u00e9couvrait \u00e0 l\u2019\u00e9poque la citadelle de Montm\u00e9dy (Meuse) pour la toute premi\u00e8re fois. Elle qui ne savait pas placer cette commune, de quelque 2\u00a0000 \u00e2mes, sur une carte&#8230;<\/p>\n","protected":false},"excerpt":{"rendered":"Le sol immacul\u00e9, d\u00e9nu\u00e9 de toute empreinte apr\u00e8s que la neige est tomb\u00e9e, Carole Nieder arrive avec son&hellip;\n","protected":false},"author":2,"featured_media":113764,"comment_status":"","ping_status":"","sticky":false,"template":"","format":"standard","meta":{"footnotes":""},"categories":[1358],"tags":[327,1867,1348,1384,1385,23349,1687,1386,58,33,3602,10174,1057,59,2271,1011,27,23348,2661,11058,3456,104],"class_list":{"0":"post-113763","1":"post","2":"type-post","3":"status-publish","4":"format-standard","5":"has-post-thumbnail","7":"category-arts-et-design","8":"tag-agriculture","9":"tag-animaux","10":"tag-arts","11":"tag-arts-and-design","12":"tag-arts-et-design","13":"tag-cc-du-pays-de-montmedy-55a","14":"tag-culture-loisirs","15":"tag-design","16":"tag-divertissement","17":"tag-economie","18":"tag-edition-bar-le-duc","19":"tag-edition-verdun","20":"tag-education","21":"tag-entertainment","22":"tag-exposition-arts-plastiques","23":"tag-fr","24":"tag-france","25":"tag-montmedy","26":"tag-patrimoine-culturel","27":"tag-region-franche-comte","28":"tag-region-lorraine","29":"tag-societe"},"share_on_mastodon":{"url":"https:\/\/pubeurope.com\/@fr\/114539004108892044","error":""},"_links":{"self":[{"href":"https:\/\/www.europesays.com\/fr\/wp-json\/wp\/v2\/posts\/113763","targetHints":{"allow":["GET"]}}],"collection":[{"href":"https:\/\/www.europesays.com\/fr\/wp-json\/wp\/v2\/posts"}],"about":[{"href":"https:\/\/www.europesays.com\/fr\/wp-json\/wp\/v2\/types\/post"}],"author":[{"embeddable":true,"href":"https:\/\/www.europesays.com\/fr\/wp-json\/wp\/v2\/users\/2"}],"replies":[{"embeddable":true,"href":"https:\/\/www.europesays.com\/fr\/wp-json\/wp\/v2\/comments?post=113763"}],"version-history":[{"count":0,"href":"https:\/\/www.europesays.com\/fr\/wp-json\/wp\/v2\/posts\/113763\/revisions"}],"wp:featuredmedia":[{"embeddable":true,"href":"https:\/\/www.europesays.com\/fr\/wp-json\/wp\/v2\/media\/113764"}],"wp:attachment":[{"href":"https:\/\/www.europesays.com\/fr\/wp-json\/wp\/v2\/media?parent=113763"}],"wp:term":[{"taxonomy":"category","embeddable":true,"href":"https:\/\/www.europesays.com\/fr\/wp-json\/wp\/v2\/categories?post=113763"},{"taxonomy":"post_tag","embeddable":true,"href":"https:\/\/www.europesays.com\/fr\/wp-json\/wp\/v2\/tags?post=113763"}],"curies":[{"name":"wp","href":"https:\/\/api.w.org\/{rel}","templated":true}]}}