{"id":1137670,"date":"2026-08-20T04:20:43","date_gmt":"2026-08-20T04:20:43","guid":{"rendered":"https:\/\/www.europesays.com\/fr\/1137670\/"},"modified":"2026-08-20T04:20:43","modified_gmt":"2026-08-20T04:20:43","slug":"a-oslo-la-peintre-feministe-norvegienne-asta-norregaard-enfin-redecouverte","status":"publish","type":"post","link":"https:\/\/www.europesays.com\/fr\/1137670\/","title":{"rendered":"\u00c0 Oslo, la peintre f\u00e9ministe norv\u00e9gienne Asta N\u00f8rregaard enfin r\u00e9d\u00e9couverte"},"content":{"rendered":"<p class=\"editor-content__paragraph\">Quelle surprise en entrant dans<strong> l\u2019exposition d\u2019Asta N\u00f8rregaard <\/strong>(1853\u20131933), dont on connaissait \u00e0 peine le nom, que de tomber nez \u00e0 nez avec <strong>un tableau que l\u2019on reconna\u00eet<\/strong>\u2026 Apr\u00e8s quelques minutes de r\u00e9flexion, la m\u00e9moire nous revient\u00a0: c\u2019est dans les salles de l\u2019exposition d\u00e9di\u00e9e \u00e0 l\u2019automne 2024 \u00e0 <strong>la <\/strong><a href=\"https:\/\/www.beauxarts.com\/expos\/le-charme-delicat-de-la-norvegienne-harriet-backer-expose-a-orsay\/\" target=\"_blank\" rel=\"noopener nofollow\"><strong>Norv\u00e9gienne Harriet Backer<\/strong> au mus\u00e9e d\u2019Orsay<\/a> que l\u2019on avait d\u00e9couvert le charme du petit tableau \u00e0 la lumi\u00e8re tamis\u00e9e<strong> In the Studio<\/strong> (1883).<\/p>\n<p class=\"editor-content__paragraph\">Les deux peintres amies font partie de <strong>cette g\u00e9n\u00e9ration d\u2019artistes scandinaves<\/strong> ayant s\u00e9journ\u00e9 un temps \u00e0 Paris, o\u00f9 se retrouvait, au tournant du si\u00e8cle, toute l\u2019intelligentsia artistique europ\u00e9enne. Asta N\u00f8rregaard expose notoirement <strong>au Salon de Paris<\/strong> en 1881\u00a0et 1882, ainsi qu\u2019\u00e0 <strong>l\u2019Exposition universelle de 1889<\/strong>. Peint au moment de ces succ\u00e8s r\u00e9p\u00e9t\u00e9s,  In the Studio la montre <strong>dans son atelier de Montmartre<\/strong>, palette et pinceau \u00e0 la main, travaillant sur le retable destin\u00e9 \u00e0 l\u2019\u00e9glise de Gj\u00f8vik \u2014 sa premi\u00e8re grande commande publique.<\/p>\n<p>        \u00c0 lire aussi :<br \/>\n        <a class=\"renvoi-explicite__link\" href=\"https:\/\/www.beauxarts.com\/expos\/le-charme-delicat-de-la-norvegienne-harriet-backer-expose-a-orsay\/\" rel=\"nofollow noopener\" target=\"_blank\">Le charme d\u00e9licat de la Norv\u00e9gienne Harriet Backer expos\u00e9 \u00e0 Orsay<\/a><\/p>\n<p>Une \u0153uvre\u00a0trop longtemps oubli\u00e9e<\/p>\n<blockquote class=\"editor-content__blockquote editor-content__blockquote--align-left\">\n<p>\u00ab\u00a0Asta N\u00f8rregaard s\u2019affirme en tant qu\u2019artiste professionnelle, rejetant l\u2019id\u00e9e que pour les femmes, l\u2019art n\u2019est qu\u2019un passe-temps mondain.\u00a0\u00bb<\/p>\n<p>Wenche Volle<\/p>\n<\/blockquote>\n<p class=\"editor-content__paragraph\">\u00ab\u00a0Ce <strong>premier autoportrait<\/strong> connu d\u2019Asta N\u00f8rregaard, qui deviendra par la suite son plus c\u00e9l\u00e8bre, est une des pi\u00e8ces ma\u00eetresses de l\u2019exposition. En se repr\u00e9sentant ainsi, dans son atelier au travail, elle <strong>s\u2019affirme en tant qu\u2019artiste professionnelle<\/strong> et se place sur un pied d\u2019\u00e9galit\u00e9 avec ses contemporains masculins, rejetant l\u2019id\u00e9e que pour les femmes, l\u2019art n\u2019est qu\u2019un passe-temps mondain\u00a0\u00bb, explique Wenche Volle. La conservatrice en chef du <strong>mus\u00e9e national d\u2019Oslo<\/strong> tenait \u00e0 ouvrir le parcours sur ce tableau, qui donne le ton.<\/p>\n<p>    <img loading=\"lazy\" decoding=\"async\" class=\"image__img\" src=\"https:\/\/www.europesays.com\/fr\/wp-content\/uploads\/2026\/08\/web6ee6dfe6-850a-4c9e-bc1f-10d5648eb5b3-964x1288.jpg\" alt=\"Asta N\u00f8rregaard, L\u2019Atelier\" width=\"964\" height=\"1288\"\/><\/p>\n<p>Asta N\u00f8rregaard, L\u2019Atelier, 1883<\/p>\n<p>    i<\/p>\n<p class=\"legende__cartel\">Huile sur toile \u2022 65 \u00d7 50\u00a0cm \u2022 Coll. Norske Selskab\u2019s Art \u2022 Photo Det norske selskab \/ Morten Henden Aamodt<\/p>\n<p class=\"editor-content__paragraph\">Car malgr\u00e9 la qualit\u00e9 que d\u00e9montrent sans difficult\u00e9 les <strong>48 \u0153uvres pr\u00e9sent\u00e9es<\/strong>, le nom d\u2019Asta N\u00f8rregaard a \u00e9t\u00e9 jusqu\u2019\u00e0 aujourd\u2019hui <strong>quasiment enti\u00e8rement oubli\u00e9<\/strong>. Sollicit\u00e9e de son vivant par toutes les grandes familles norv\u00e9giennes pour des portraits, l\u2019artiste p\u00e2tit de cette notori\u00e9t\u00e9 apr\u00e8s son d\u00e9c\u00e8s. \u00ab\u00a0L\u2019attention m\u00e9ticuleuse qu\u2019elle portait au v\u00eatement a fini par lui valoir d\u2019\u00eatre <strong>qualifi\u00e9e de \u2018peintre de mode\u2019<\/strong>\u00a0et on l\u2019a <strong>rel\u00e9gu\u00e9e aux archives de l\u2019histoire de l\u2019art<\/strong>\u00a0\u00bb, d\u00e9taille Wenche Volle.<\/p>\n<p>Portraits des figures f\u00e9ministes de son temps<\/p>\n<p class=\"editor-content__paragraph\">C\u2019est pourtant l\u00e0 tout le brio d\u2019Asta N\u00f8rregaard\u00a0: de faire, d\u2019un m\u00eame coup de pinceau, le <strong>portrait d\u2019une femme et celui d\u2019une robe<\/strong>. Pour l\u2019artiste aux convictions politiques assum\u00e9es, il n\u2019est pas question de devoir trancher entre l\u2019\u00eatre et le para\u00eetre. Outre les <strong>portraits de la haute soci\u00e9t\u00e9<\/strong> qu\u2019elle ex\u00e9cute sur commande pour se financer, elle met aussi \u2013 si ce n\u2019est surtout \u2013 son talent au profit de<strong> ses amies et compagnes f\u00e9ministes<\/strong> qu\u2019elle repr\u00e9sente en majest\u00e9.<\/p>\n<p>    <img loading=\"lazy\" decoding=\"async\" class=\"image__img\" src=\"https:\/\/www.europesays.com\/fr\/wp-content\/uploads\/2026\/08\/8daqad07537e5-8f14-4245-bbf2-eca0e51fa5eb-964x1338.jpg\" alt=\"Asta N\u00f8rregaard, Portrait d\u2019Elisabeth Fearnley\" width=\"964\" height=\"1338\"\/><\/p>\n<p>Asta N\u00f8rregaard, Portrait d\u2019Elisabeth Fearnley, 1892<\/p>\n<p>    i<\/p>\n<p class=\"legende__cartel\">Pastel \u2022 200 \u00d7 155\u00a0cm \u2022 Coll. particuli\u00e8re \u2022 Photo Astrup Fearnley-samlingen \/ \u00d8ystein Thorvaldsen<\/p>\n<p class=\"editor-content__paragraph\">Par\u00e9es de magnifiques robes, dont on a l\u2019impression de pouvoir toucher du doigt les textures de velours, de laine et de soie, <strong>ces femmes aux regards sinc\u00e8res<\/strong> nous apparaissent avec autant de familiarit\u00e9 que de dignit\u00e9. On d\u00e9couvre ainsi les vies et les visages de <strong>Ragna Nielsen<\/strong> (1845\u20131924), leader de l\u2019Association norv\u00e9gienne pour les droits des femmes, ou de <strong>Katti Anker M\u00f8ller<\/strong> (1868\u20131945), dont la d\u00e9fense des m\u00e8res c\u00e9libataires et des enfants n\u00e9s hors mariage a aid\u00e9 \u00e0 \u00e9tablir en 1915\u00a0les lois Castberg, conf\u00e9rant \u00e0 ces derniers le droit \u00e0 l\u2019h\u00e9ritage et obligeant les deux parents \u00e0 subvenir aux besoins de l\u2019enfant.<\/p>\n<p>Au m\u00eame niveau que les grands peintres norv\u00e9giens<\/p>\n<p class=\"editor-content__paragraph\">Asta N\u00f8rregaard, qui grandit avec son p\u00e8re et sa s\u0153ur a\u00een\u00e9e \u00e0 la suite du d\u00e9c\u00e8s de sa m\u00e8re, trois semaines apr\u00e8s sa naissance, m\u00e8nera elle-m\u00eame <strong>une vie bien loin des injonctions soci\u00e9tales<\/strong>. \u00c0 peine la majorit\u00e9 atteinte, elle emm\u00e9nage seule dans un petit appartement. \u00ab\u00a0C\u2019est compl\u00e8tement inhabituel pour une aussi jeune femme\u00a0\u00bb, pr\u00e9cise Wenche Volle.<\/p>\n<p class=\"editor-content__paragraph\">D\u00e9cid\u00e9e \u00e0 poursuivre une carri\u00e8re dans l\u2019art, la jeune peintre <strong>d\u00e9m\u00e9nage \u00e0 Munich puis \u00e0 Paris<\/strong>, o\u00f9 elle s\u00e9journe de 1879 \u00e0 1885. \u00c0 son retour en Norv\u00e8ge, elle <strong>cr\u00e9e sa propre \u00e9cole de peinture<\/strong> o\u00f9 elle enseigne \u00e0 des classes mixtes. En 1911, elle publie de son propre chef<strong> son catalogue raisonn\u00e9 de 200\u00a0portraits<\/strong>, dans lequel elle se revendique de la m\u00eame lign\u00e9e que les grands peintres norv\u00e9giens.<\/p>\n<p>    <img loading=\"lazy\" decoding=\"async\" class=\"image__img\" src=\"https:\/\/www.europesays.com\/fr\/wp-content\/uploads\/2026\/08\/ch7f1a783-a2c3-4b96-801b-8efd90f7b645-964x1343.jpg\" alt=\"Asta N\u00f8rregaard, Autoportrait\" width=\"964\" height=\"1343\"\/><\/p>\n<p>Asta N\u00f8rregaard, Autoportrait, 1889<\/p>\n<p>    i<\/p>\n<p class=\"legende__cartel\">Pastel \u2022 64,5 \u00d7 48,8\u00a0cm \u2022 Coll. Oslo Museum \u2022 Photo Oslo Museum \/ Rune Aakvik \/ Public Domain<\/p>\n<p class=\"editor-content__paragraph\">\u00c0 sa mort en 1933, elle l\u00e8gue sa fortune (correspondant \u00e0 deux millions d\u2019euros) \u00e0 la <strong>cr\u00e9ation d\u2019un fonds pour des artistes femmes<\/strong> ainsi que pour des pianistes et professeures de musique \u00e0 la retraite et c\u00e9libataires. Le quotidien d\u2019Oslo Morgenbladet rapporte que, lors de ses fun\u00e9railles, <strong>tout son cercle d\u2019amies<\/strong> de l\u2019Association norv\u00e9gienne des peintres femmes y est r\u00e9uni. Pr\u00e8s d\u2019un si\u00e8cle plus tard, l\u2019hommage se fait, enfin, dans un mus\u00e9e.<\/p>\n<p>        \u00c0 lire aussi :<br \/>\n        <a class=\"renvoi-explicite__link\" href=\"https:\/\/www.beauxarts.com\/expos\/edvard-munch-et-la-chocolaterie-une-fresque-monumentale-revele-a-oslo-les-preoccupations-sociales-de-lartiste\/\" rel=\"nofollow noopener\" target=\"_blank\">Edvard Munch et la chocolaterie : une fresque monumentale r\u00e9v\u00e8le \u00e0 Oslo les pr\u00e9occupations sociales de l&rsquo;artiste<\/a><\/p>\n<p>  Arrow<\/p>\n<p>Asta N\u00f8rregaard: Truth and Beauty<\/p>\n<p>Du 28 mai 2026 au 18 octobre 2026<\/p>\n<p class=\"url-expo\"><a href=\"https:\/\/www.nasjonalmuseet.no\/en\/exhibitions-and-events\/national-museum\/exhibitions\/2026\/asta-norregaard-truth-and-beauty\/\" rel=\"nofollow noopener\" target=\"_blank\">www.nasjonalmuseet.no<\/a><\/p>\n<p class=\"annexe-content__infos\">Nasjonalmuseet \u2022 3 Bankplassen \u2022 0151 Oslo<br \/><a href=\"https:\/\/www.nasjonalmuseet.no\/\" rel=\"nofollow noopener\" target=\"_blank\">www.nasjonalmuseet.no<\/a><\/p>\n","protected":false},"excerpt":{"rendered":"Quelle surprise en entrant dans l\u2019exposition d\u2019Asta N\u00f8rregaard (1853\u20131933), dont on connaissait \u00e0 peine le nom, que de&hellip;\n","protected":false},"author":2,"featured_media":1137671,"comment_status":"","ping_status":"","sticky":false,"template":"","format":"standard","meta":{"footnotes":"","_share_on_mastodon":"0"},"categories":[1358],"tags":[12870,1348,1384,1385,116579,1386,58,59,1011,27,116578,673,1585],"class_list":["post-1137670","post","type-post","status-publish","format-standard","has-post-thumbnail","category-arts-et-design","tag-art-moderne","tag-arts","tag-arts-and-design","tag-arts-et-design","tag-asta-norregaard","tag-design","tag-divertissement","tag-entertainment","tag-fr","tag-france","tag-nasjonalmuseet","tag-norvege","tag-peinture"],"share_on_mastodon":{"url":"https:\/\/pubeurope.com\/@fr\/117125923006301702","error":""},"_links":{"self":[{"href":"https:\/\/www.europesays.com\/fr\/wp-json\/wp\/v2\/posts\/1137670","targetHints":{"allow":["GET"]}}],"collection":[{"href":"https:\/\/www.europesays.com\/fr\/wp-json\/wp\/v2\/posts"}],"about":[{"href":"https:\/\/www.europesays.com\/fr\/wp-json\/wp\/v2\/types\/post"}],"author":[{"embeddable":true,"href":"https:\/\/www.europesays.com\/fr\/wp-json\/wp\/v2\/users\/2"}],"replies":[{"embeddable":true,"href":"https:\/\/www.europesays.com\/fr\/wp-json\/wp\/v2\/comments?post=1137670"}],"version-history":[{"count":0,"href":"https:\/\/www.europesays.com\/fr\/wp-json\/wp\/v2\/posts\/1137670\/revisions"}],"wp:featuredmedia":[{"embeddable":true,"href":"https:\/\/www.europesays.com\/fr\/wp-json\/wp\/v2\/media\/1137671"}],"wp:attachment":[{"href":"https:\/\/www.europesays.com\/fr\/wp-json\/wp\/v2\/media?parent=1137670"}],"wp:term":[{"taxonomy":"category","embeddable":true,"href":"https:\/\/www.europesays.com\/fr\/wp-json\/wp\/v2\/categories?post=1137670"},{"taxonomy":"post_tag","embeddable":true,"href":"https:\/\/www.europesays.com\/fr\/wp-json\/wp\/v2\/tags?post=1137670"}],"curies":[{"name":"wp","href":"https:\/\/api.w.org\/{rel}","templated":true}]}}