{"id":113773,"date":"2025-05-20T07:38:13","date_gmt":"2025-05-20T07:38:13","guid":{"rendered":"https:\/\/www.europesays.com\/fr\/113773\/"},"modified":"2025-05-20T07:38:13","modified_gmt":"2025-05-20T07:38:13","slug":"la-ville-fait-exploser-les-cas-dasthme","status":"publish","type":"post","link":"https:\/\/www.europesays.com\/fr\/113773\/","title":{"rendered":"la ville fait exploser les cas d&rsquo;asthme"},"content":{"rendered":"<p>             <a href=\"https:\/\/ma-sante.news\/wp-content\/uploads\/2025\/05\/causes-asthme-en-ville-pollution-air-cas-evitables-Ma-Sante.jpg\" data-caption=\"Selon Sant\u00e9 Publique France, plus de 4 millions de personnes en France ont de l\u2019asthme, entra\u00eenant pr\u00e8s de 60 000 hospitalisations et environ 1 000 d\u00e9c\u00e8s chaque ann\u00e9e. \u00a9 Freepik\" target=\"_blank\" rel=\"noopener\"><img loading=\"lazy\" decoding=\"async\" width=\"696\" height=\"464\" class=\"entry-thumb td-modal-image\" src=\"data:image\/svg+xml,%3Csvg%20xmlns=\" http:=\"\" data-lazy- data-lazy- alt=\"Des enfants qui ne sont pas encore atteints d'asthme, qui jouent dehors.\" title=\"causes asthme en ville pollution air cas e\u0301vitables Ma Sante\u0301\" data-lazy-src=\"https:\/\/www.europesays.com\/fr\/wp-content\/uploads\/2025\/05\/causes-asthme-en-ville-pollution-air-cas-evitables-Ma-Sante-696x464.jpg\"\/><\/a>Selon Sant\u00e9 Publique France, plus de 4 millions de personnes en France ont de l\u2019asthme, entra\u00eenant pr\u00e8s de 60 000 hospitalisations et environ 1 000 d\u00e9c\u00e8s chaque ann\u00e9e. \u00a9 Freepik                                    \t\t\t             <a class=\"gofollow\" data-track=\"MjgsMCwxLDYw\" href=\"https:\/\/ma-sante.news\/inscrivez-vous-a-notre-newsletter\/\" target=\"_blank\" rel=\"noopener\"><img loading=\"lazy\" decoding=\"async\" width=\"1068\" height=\"131\" src=\"data:image\/svg+xml,%3Csvg%20xmlns=\" http:=\"\" data-lazy-src=\"https:\/\/www.europesays.com\/fr\/wp-content\/uploads\/2025\/03\/banniere-newsletter.png\"\/><\/a> <\/p>\n<p><a href=\"https:\/\/ma-sante.news\/asthme-comment-prevenir-et-traiter-la-crise\/\" target=\"_blank\" rel=\"noopener\">L\u2019asthme touche aujourd\u2019hui environ 4 millions de personnes en France<\/a>, selon l\u2019Assurance maladie. Cette maladie inflammatoire chronique des bronches provoque toux, essoufflement, sifflements et g\u00eane respiratoire. Et contrairement \u00e0 une id\u00e9e re\u00e7ue, elle ne touche pas seulement les enfants. Adultes, adolescents, personnes \u00e2g\u00e9es\u2026 tout le monde peut \u00eatre concern\u00e9.<\/p>\n<p>Mais d\u2019o\u00f9 vient cette maladie ? Parmi <a href=\"https:\/\/ma-sante.news\/asthme-zoom-sur-une-maladie-plus-dangereuse-quon-ne-le-cr\" target=\"_blank\" rel=\"noopener\">les causes de l\u2019asthme<\/a>, les scientifiques connaissent d\u00e9j\u00e0 bien les facteurs g\u00e9n\u00e9tiques,<a href=\"https:\/\/ma-sante.news\/risques-allergies-pourquoi-grandir-a-la-ferme-protege-les-enfants\/\" target=\"_blank\" rel=\"noopener\"> les allergies<\/a>, <a href=\"https:\/\/ma-sante.news\/tabac-un-fumeur-sur-deux-meurt-des-consequences-de-son-tabagisme\/\" target=\"_blank\" rel=\"noopener\">le tabagisme<\/a>\u2026 Mais de plus en plus, les regards se tournent vers un autre coupable, bien plus discret mais omnipr\u00e9sent : notre environnement urbain.<\/p>\n<p>        Une ville qui fait tousser : l\u2019asthme, maladie chronique en hausse    <strong>Une \u00e9tude choc : 11,6 % des cas d\u2019asthme pourraient \u00eatre \u00e9vit\u00e9s<\/strong>    <\/p>\n<p>C\u2019est le chiffre qui fait r\u00e9fl\u00e9chir : 11,6 % des cas d\u2019asthme pourraient \u00eatre \u00e9vit\u00e9s si certaines caract\u00e9ristiques de l\u2019environnement urbain \u00e9taient modifi\u00e9es. Ce chiffre est issu d\u2019une vaste \u00e9tude men\u00e9e par le Karolinska Institutet, en Su\u00e8de, publi\u00e9e dans la revue The Lancet Regional Health \u2013 Europe en mai 2024.<\/p>\n<p>Les chercheurs ont pass\u00e9 \u00e0 la loupe les donn\u00e9es de 350 000 personnes r\u00e9parties dans 14 cohortes de 7 pays europ\u00e9ens. Parmi eux, plus de 7 500 cas d\u2019asthme ont \u00e9t\u00e9 recens\u00e9s, chez des enfants comme chez des adultes. Leurs conclusions sont claires : <a href=\"https:\/\/ma-sante.news\/sante-publique-pollution-air-pourquoi-sante-danger-enquete-sante-publique-france\/\" target=\"_blank\" rel=\"noopener\">la pollution de l\u2019air<\/a>, la densit\u00e9 urbaine et <a href=\"https:\/\/ma-sante.news\/canicule-sante-publique-france-alerte-sur-les-risques-renaux-en-periode-de-fortes-chaleur\/\" target=\"_blank\" rel=\"noopener\">la chaleur ambiante<\/a> sont les trois grands facteurs environnementaux impliqu\u00e9s.<\/p>\n<p>        <strong>Pollution de l\u2019air : un poison invisible mais redoutable<\/strong>    <\/p>\n<p>Respirer un air vici\u00e9 au quotidien n\u2019est pas sans cons\u00e9quences. Dans les villes, <a href=\"https:\/\/ma-sante.news\/la-qualite-de-lair-est-le-premier-facteur-de-risque-environnemental-pour-la-sante\/\" target=\"_blank\" rel=\"noopener\">les particules fines (PM2,5), les oxydes d\u2019azote (NO2) et l\u2019ozone troposph\u00e9rique<\/a> sont partout : elles proviennent principalement du <a href=\"https:\/\/ma-sante.news\/pollution-de-air-lyon-restrictions-circulation-alerte-orange\/\" target=\"_blank\" rel=\"noopener\">trafic routier, du chauffage et des activit\u00e9s industrielles.<\/a><\/p>\n<p>Selon l\u2019OMS, la pollution de l\u2019air tue pr\u00e8s de 7 millions de personnes chaque ann\u00e9e dans le monde, dont de nombreux cas li\u00e9s \u00e0 <a href=\"https:\/\/ma-sante.news\/maladies-respiratoires-chroniques-une-startup-lyonnaise-innove\/\" target=\"_blank\" rel=\"noopener\">des maladies respiratoires<\/a>. Chez les personnes asthmatiques, ces polluants irritent les bronches, favorisent les crises et aggravent les sympt\u00f4mes.<\/p>\n<p>        <strong>Trop de b\u00e9ton, pas assez de vert : la ville \u00e9touffe<\/strong>    <\/p>\n<p>Deuxi\u00e8me cause point\u00e9e du doigt : la densit\u00e9 de construction. Les quartiers tr\u00e8s urbanis\u00e9s, avec peu d\u2019espaces verts et beaucoup de surfaces b\u00e9tonn\u00e9es, pi\u00e8gent la chaleur et concentrent les polluants. Cette densit\u00e9 cr\u00e9e ce qu\u2019on appelle des \u201c\u00eelots de chaleur urbains\u201d, o\u00f9 la temp\u00e9rature peut \u00eatre jusqu\u2019\u00e0 7\u00b0C plus \u00e9lev\u00e9e qu\u2019en p\u00e9riph\u00e9rie.<\/p>\n<p>Cette chaleur constante affecte notre respiration, surtout chez les enfants et les personnes \u00e2g\u00e9es. Le stress thermique peut aggraver les pathologies respiratoires et augmenter la fr\u00e9quence des crises d\u2019asthme.<\/p>\n<p>        Asthme en hausse : croiser les facteurs pour mieux comprendre    <strong>Une approche nouvelle<\/strong>    <\/p>\n<p>Ce qui rend cette \u00e9tude particuli\u00e8rement novatrice, c\u2019est son approche globale. Contrairement \u00e0 d\u2019autres recherches qui \u00e9tudient chaque facteur s\u00e9par\u00e9ment, ici les chercheurs ont pris en compte l\u2019interaction entre pollution, chaleur et urbanisation. Et leur impact cumul\u00e9 est encore plus pr\u00e9occupant.<\/p>\n<p>Selon Zhebin Yu, auteur principal de l\u2019\u00e9tude, cette approche permet d\u2019identifier les zones \u00e0 risque et de proposer des solutions adapt\u00e9es \u00e0 chaque environnement urbain. Erik Mel\u00e9n, co-auteur, estime que ces donn\u00e9es peuvent \u00eatre pr\u00e9cieuses pour guider l\u2019am\u00e9nagement des villes de demain.<\/p>\n<p>        <strong>Quelles solutions pour des villes plus respirables ?<\/strong>    <\/p>\n<p>Si vous vous demandez ce qu\u2019on peut faire face \u00e0 ce constat, rassurez-vous : des solutions existent. Et elles ne sont pas forc\u00e9ment si compliqu\u00e9es \u00e0 mettre en place.<\/p>\n<ul class=\"wp-block-list\">\n<li><a href=\"https:\/\/ma-sante.news\/plan-de-protection-de-latmosphere-de-lyon-lair-est-il-vraiment-plus-respirable\/\" target=\"_blank\" rel=\"noopener\">R\u00e9duire la pollution de l\u2019air<\/a> : favoriser les transports en commun, d\u00e9velopper les mobilit\u00e9s douces (v\u00e9lo, marche), interdire les v\u00e9hicules les plus polluants dans certains p\u00e9rim\u00e8tres.<\/li>\n<li>Cr\u00e9er plus d\u2019espaces verts : arbres, parcs, jardins\u2026 Les v\u00e9g\u00e9taux absorbent une partie des polluants et rafra\u00eechissent naturellement l\u2019air.<\/li>\n<li>Adapter l\u2019urbanisme : limiter les zones trop denses, pr\u00e9voir des couloirs de ventilation naturelle, utiliser des mat\u00e9riaux qui r\u00e9duisent la chaleur.<\/li>\n<li><a href=\"https:\/\/ma-sante.news\/qualite-de-lair-lyon-auvergne-rhone-alpes-reduction-pollutions\/\" target=\"_blank\" rel=\"noopener\">Surveiller la qualit\u00e9 de l\u2019air <\/a>: gr\u00e2ce \u00e0 des capteurs urbains, les collectivit\u00e9s peuvent informer les habitants et adapter les politiques de sant\u00e9 publique.<\/li>\n<\/ul>\n<p>Les causes de l\u2019asthme li\u00e9es \u00e0 la pollution de l\u2019air et \u00e0 l\u2019urbanisation excessive ne sont plus \u00e0 ignorer. Ce n\u2019est pas qu\u2019une affaire de chiffres ou de chercheurs en blouse blanche. C\u2019est une r\u00e9alit\u00e9 que vivent des millions de personnes, chaque jour, dans nos villes.<\/p>\n<blockquote class=\"wp-block-quote is-layout-flow wp-block-quote-is-layout-flow\">\n<p><strong>\u00c0 SAVOIR\u00a0<\/strong><\/p>\n<p>Selon une \u00e9tude de l\u2019Observatoire R\u00e9gional de Sant\u00e9 \u00cele-de-France, vivre \u00e0 proximit\u00e9 de voies \u00e0 forte densit\u00e9 de trafic automobile serait responsable de 16 % des nouveaux cas d\u2019asthme chez les enfants, ainsi que d\u2019une augmentation des exacerbations des sympt\u00f4mes respiratoires, telles que les crises d\u2019asthme et les hospitalisations.<\/p>\n<\/blockquote>\n<p>  <a class=\"gofollow\" data-track=\"MTIsMCwxLDYw\" href=\"https:\/\/ma-sante.news\/annonceurs\/\" target=\"_blank\" rel=\"noopener\"><img loading=\"lazy\" decoding=\"async\" width=\"2560\" height=\"2133\" src=\"data:image\/svg+xml,%3Csvg%20xmlns=\" http:=\"\" data-lazy-src=\"https:\/\/www.europesays.com\/fr\/wp-content\/uploads\/2025\/03\/pub-annonceurs-4-scaled.jpg\"\/><\/a>    <img loading=\"lazy\" decoding=\"async\" width=\"755\" height=\"495\" src=\"data:image\/svg+xml,%3Csvg%20xmlns=\" http:=\"\" data-lazy-src=\"https:\/\/www.europesays.com\/fr\/wp-content\/uploads\/2025\/03\/Image1.jpg\"\/>Inscrivez-vous \u00e0 notre newsletter <br \/>Ma Sant\u00e9                      <\/p>\n","protected":false},"excerpt":{"rendered":"Selon Sant\u00e9 Publique France, plus de 4 millions de personnes en France ont de l\u2019asthme, entra\u00eenant pr\u00e8s de&hellip;\n","protected":false},"author":2,"featured_media":113774,"comment_status":"","ping_status":"","sticky":false,"template":"","format":"standard","meta":{"footnotes":""},"categories":[10],"tags":[23376,6698,1011,27,72,7399,71],"class_list":{"0":"post-113773","1":"post","2":"type-post","3":"status-publish","4":"format-standard","5":"has-post-thumbnail","7":"category-sante","8":"tag-asthme","9":"tag-canicule","10":"tag-fr","11":"tag-france","12":"tag-health","13":"tag-pollution-air","14":"tag-sante"},"share_on_mastodon":{"url":"https:\/\/pubeurope.com\/@fr\/114539023897272194","error":""},"_links":{"self":[{"href":"https:\/\/www.europesays.com\/fr\/wp-json\/wp\/v2\/posts\/113773","targetHints":{"allow":["GET"]}}],"collection":[{"href":"https:\/\/www.europesays.com\/fr\/wp-json\/wp\/v2\/posts"}],"about":[{"href":"https:\/\/www.europesays.com\/fr\/wp-json\/wp\/v2\/types\/post"}],"author":[{"embeddable":true,"href":"https:\/\/www.europesays.com\/fr\/wp-json\/wp\/v2\/users\/2"}],"replies":[{"embeddable":true,"href":"https:\/\/www.europesays.com\/fr\/wp-json\/wp\/v2\/comments?post=113773"}],"version-history":[{"count":0,"href":"https:\/\/www.europesays.com\/fr\/wp-json\/wp\/v2\/posts\/113773\/revisions"}],"wp:featuredmedia":[{"embeddable":true,"href":"https:\/\/www.europesays.com\/fr\/wp-json\/wp\/v2\/media\/113774"}],"wp:attachment":[{"href":"https:\/\/www.europesays.com\/fr\/wp-json\/wp\/v2\/media?parent=113773"}],"wp:term":[{"taxonomy":"category","embeddable":true,"href":"https:\/\/www.europesays.com\/fr\/wp-json\/wp\/v2\/categories?post=113773"},{"taxonomy":"post_tag","embeddable":true,"href":"https:\/\/www.europesays.com\/fr\/wp-json\/wp\/v2\/tags?post=113773"}],"curies":[{"name":"wp","href":"https:\/\/api.w.org\/{rel}","templated":true}]}}