{"id":113779,"date":"2025-05-20T07:41:15","date_gmt":"2025-05-20T07:41:15","guid":{"rendered":"https:\/\/www.europesays.com\/fr\/113779\/"},"modified":"2025-05-20T07:41:15","modified_gmt":"2025-05-20T07:41:15","slug":"la-mise-a-jour-de-samsung-provoque-des-problemes-de-batterie","status":"publish","type":"post","link":"https:\/\/www.europesays.com\/fr\/113779\/","title":{"rendered":"la mise \u00e0 jour de Samsung provoque des probl\u00e8mes de batterie"},"content":{"rendered":"<p>Quelques semaines apr\u00e8s la sortie de la nouvelle version d\u2019Android sur une palanqu\u00e9e de t\u00e9l\u00e9phones Samsung, de nombreux utilisateurs et utilisatrices se plaignent de gros soucis d\u2019autonomie.<\/p>\n<p><img decoding=\"async\" class=\"wp-image wp-image\" src=\"https:\/\/www.europesays.com\/fr\/wp-content\/uploads\/2025\/05\/samsung-one-ui-7-notifications-tuto-1200x900-1.jpg\" alt=\"\"\/>Cr\u00e9dit : Frandroid<\/p>\n<p>La batterie de votre mobile Samsung a-t-elle fondu depuis la derni\u00e8re mise \u00e0 jour\u2009? Si c\u2019est le cas, sachez que vous n\u2019\u00eates pas seul. <a href=\"https:\/\/www.androidauthority.com\/samsung-one-ui-7-battery-drain-3558958\/\" target=\"_blank\" rel=\"noreferrer noopener\">Comme Android Authority l\u2019a remarqu\u00e9<\/a>, de nombreux internautes se sont plaints r\u00e9cemment de p\u00e9nibles probl\u00e8mes d\u2019autonomie sur leurs t\u00e9l\u00e9phones.<\/p>\n<p>Le responsable tout trouv\u00e9 semble \u00eatre la mise \u00e0 jour tant attendue <a href=\"https:\/\/www.frandroid.com\/marques\/samsung\/2477228_voici-pourquoi-one-ui-7-android-15-est-la-vraie-star-de-samsung-en-2025\" target=\"_blank\" rel=\"noopener\">vers One UI\u00a07.0<\/a>. Plusieurs t\u00e9moignages font \u00e9tat d\u2019une endurance de batterie amput\u00e9e d\u2019au moins un tiers de sa capacit\u00e9.<\/p>\n<p>Bug ou comportement normal ?<\/p>\n<p>            <img decoding=\"async\" width=\"1200\" height=\"446\" loading=\"lazy\" alt=\"Box Huawei Fit 4 2\" title=\"Box Huawei Fit 4 2\" class=\"is-radiusless placeholder-default wp-image\" src=\"https:\/\/www.europesays.com\/fr\/wp-content\/uploads\/2025\/05\/box-huawei-fit-4-2-1200x446.jpg\" \/>        <\/p>\n<p>\n                D\u00e9passez l\u2019ordinaire : la HUAWEI WATCH FIT 4 Pro est con\u00e7ue pour relever tous les d\u00e9fis            <\/p>\n<p class=\"has-text-weight-medium is-size-6 is-line-height-normal\">\n                Cette montre ultra-fine et l\u00e9g\u00e8re en titane et verre saphir permet une analyse professionnelle des sports d\u2019ext\u00e9rieurs : cartes de golf int\u00e9gr\u00e9es, suivi d\u2019itin\u00e9raires pour les sports nautiques, cartes de contour hors ligne pour le trail\u2026 Le tout jusqu\u2019\u00e0 10 jours d\u2019autonomie.            <\/p>\n<p>Il n\u2019est pas rare qu\u2019une mise \u00e0 jour d\u2019ampleur provoque dans les jours qui suivent son installation des petits soucis de batterie. Dans le cas qui nous int\u00e9resse, le passage d\u2019Android\u00a014 \u00e0 <a href=\"https:\/\/www.frandroid.com\/android\/mises-a-jour-android\/1981546_mise-a-jour-android-15-smartphones-compatibles-nouveautes-dates-tout-ce-que-lon-sait\" target=\"_blank\" rel=\"noopener\">Android\u00a015<\/a> n\u00e9cessite quelques ajustements techniques et un travail d\u2019indexation des ressources qui peut tirer un peu sur la batterie pendant quelque temps apr\u00e8s son installation.<\/p>\n<p>Malheureusement, ici, le probl\u00e8me semble \u00eatre plus grave que \u00e7a, puisque, m\u00eame plusieurs semaines apr\u00e8s le d\u00e9ploiement et l\u2019installation de la mise \u00e0 jour, <a href=\"https:\/\/www.reddit.com\/r\/S23\/comments\/1kn6853\/i_love_one_ui_7_but_the_battery_life_is_really\/\" target=\"_blank\" rel=\"noreferrer noopener\">de nombreux internautes sur Reddit<\/a> se plaignent d\u2019avoir vu l\u2019autonomie de leurs t\u00e9l\u00e9phones fondre comme neige au soleil.<\/p>\n<p><img class=\"wp-image\" decoding=\"async\" src=\"https:\/\/www.europesays.com\/fr\/wp-content\/uploads\/2025\/05\/samsung-galaxy-z-fold-6-5-1200x800.jpg\" alt=\"\"\/>Le Galaxy Z Fold 6 semble touch\u00e9 par les probl\u00e8mes de batterie de One UI 7.0 \/\/ Cr\u00e9dit : Frandroid<\/p>\n<p>Le probl\u00e8me semble toucher la plupart des mobiles r\u00e9cents de chez Samsung. On trouve des t\u00e9moignages peu ou prou similaires sur des fils de conversation \u00e0 propos du <a href=\"https:\/\/www.frandroid.com\/marques\/samsung\/1931332_test-samsung-galaxy-s24-plus\" target=\"_blank\" rel=\"noopener\">S24+<\/a>, du <a href=\"https:\/\/www.frandroid.com\/marques\/samsung\/2081048_test-samsung-galaxy-z-fold-6#batterie\" target=\"_blank\" rel=\"noopener\">Galaxy Z Fold\u00a06<\/a> ou du <a href=\"https:\/\/www.frandroid.com\/produits\/smartphones\/samsung\/1912933-samsung-galaxy-s24-ultra\" target=\"_blank\" rel=\"noopener\">S24 Ultra<\/a>. Beaucoup se plaignent de devoir charger leur smartphone 2\u00a0fois par jour l\u00e0 o\u00f9 habituellement il tenait facilement 24\u00a0h.<\/p>\n<p>Que faire pour \u00e9conomiser sa batterie ?<\/p>\n<p>Aucun bug formel n\u2019a \u00e9t\u00e9 identifi\u00e9 par Samsung ou la communaut\u00e9 d\u2019utilisateurs et d\u2019utilisatrices. Cependant, d\u2019apr\u00e8s plusieurs retours, il semblerait que certains mobiles chauffent plus qu\u2019avant, preuve d\u2019un \u00e9ventuel souci du c\u00f4t\u00e9 de la gestion thermique de l\u2019appareil. Selon certains t\u00e9moignages, <a href=\"https:\/\/www.frandroid.com\/telecharger\/apps\/instagram\" target=\"_blank\" rel=\"noopener\">Instagram<\/a> pourrait \u00eatre la cause du probl\u00e8me puisque l\u2019application consommerait la batterie de mani\u00e8re d\u00e9raisonnable.<\/p>\n<p>Des listes d\u2019astuces permettant d\u2019optimiser l\u2019autonomie apr\u00e8s un passage sur One UI\u00a07.0 tournent aussi sur le web, mais elles exigent de d\u00e9sactiver bon nombre de fonctions qui font des Galaxy S des smartphones premiums. Les plus courageux ou courageuse pourront tenter de nettoyer la partition cache via le syst\u00e8me recovery ou de fouiller dans les options d\u00e9veloppeurs, mais les r\u00e9sultats semblent al\u00e9atoire et les risques \u00e9lev\u00e9s.<\/p>\n<p class=\"shortcode-container see-more\">\n    Pour aller plus loin<br \/><a href=\"https:\/\/www.frandroid.com\/comment-faire\/comment-fonctionne-la-technologie\/204259_tout-savoir-batteries-mythes-astuces-avenir\" target=\"_blank\" rel=\"noopener\">Quand recharger son t\u00e9l\u00e9phone\u2009? Nos astuces pour pr\u00e9server la batterie<\/a>\n            <\/p>\n<p>Plusieurs internautes font \u00e9tat d\u2019une am\u00e9lioration notable apr\u00e8s un retour aux r\u00e9glages-usines, mais cela passe n\u00e9cessairement par une suppression de toutes les donn\u00e9es pr\u00e9sente sur le t\u00e9l\u00e9phone. Si vous voulez le tenter, pensez bien \u00e0 faire des sauvegardes en pr\u00e9vision donc.<\/p>\n","protected":false},"excerpt":{"rendered":"Quelques semaines apr\u00e8s la sortie de la nouvelle version d\u2019Android sur une palanqu\u00e9e de t\u00e9l\u00e9phones Samsung, de nombreux&hellip;\n","protected":false},"author":2,"featured_media":113780,"comment_status":"","ping_status":"","sticky":false,"template":"","format":"standard","meta":{"footnotes":""},"categories":[7],"tags":[13643,891,1011,27,8949,8950,8951,23377,43,40,41,39,42,44],"class_list":{"0":"post-113779","1":"post","2":"type-post","3":"status-publish","4":"format-standard","5":"has-post-thumbnail","7":"category-sciences-et-technologies","8":"tag-autonomie","9":"tag-batterie","10":"tag-fr","11":"tag-france","12":"tag-samsung-galaxy-s24","13":"tag-samsung-galaxy-s24-plus","14":"tag-samsung-galaxy-s24-ultra","15":"tag-samsung-galaxy-z-fold-6","16":"tag-science","17":"tag-science-and-technology","18":"tag-sciences","19":"tag-sciences-et-technologies","20":"tag-technologies","21":"tag-technology"},"share_on_mastodon":{"url":"https:\/\/pubeurope.com\/@fr\/114539035669415553","error":""},"_links":{"self":[{"href":"https:\/\/www.europesays.com\/fr\/wp-json\/wp\/v2\/posts\/113779","targetHints":{"allow":["GET"]}}],"collection":[{"href":"https:\/\/www.europesays.com\/fr\/wp-json\/wp\/v2\/posts"}],"about":[{"href":"https:\/\/www.europesays.com\/fr\/wp-json\/wp\/v2\/types\/post"}],"author":[{"embeddable":true,"href":"https:\/\/www.europesays.com\/fr\/wp-json\/wp\/v2\/users\/2"}],"replies":[{"embeddable":true,"href":"https:\/\/www.europesays.com\/fr\/wp-json\/wp\/v2\/comments?post=113779"}],"version-history":[{"count":0,"href":"https:\/\/www.europesays.com\/fr\/wp-json\/wp\/v2\/posts\/113779\/revisions"}],"wp:featuredmedia":[{"embeddable":true,"href":"https:\/\/www.europesays.com\/fr\/wp-json\/wp\/v2\/media\/113780"}],"wp:attachment":[{"href":"https:\/\/www.europesays.com\/fr\/wp-json\/wp\/v2\/media?parent=113779"}],"wp:term":[{"taxonomy":"category","embeddable":true,"href":"https:\/\/www.europesays.com\/fr\/wp-json\/wp\/v2\/categories?post=113779"},{"taxonomy":"post_tag","embeddable":true,"href":"https:\/\/www.europesays.com\/fr\/wp-json\/wp\/v2\/tags?post=113779"}],"curies":[{"name":"wp","href":"https:\/\/api.w.org\/{rel}","templated":true}]}}