{"id":1137798,"date":"2026-08-20T05:54:23","date_gmt":"2026-08-20T05:54:23","guid":{"rendered":"https:\/\/www.europesays.com\/fr\/1137798\/"},"modified":"2026-08-20T05:54:23","modified_gmt":"2026-08-20T05:54:23","slug":"la-dette-americaine-depasse-les-40-000-milliards-de-dollars","status":"publish","type":"post","link":"https:\/\/www.europesays.com\/fr\/1137798\/","title":{"rendered":"La dette am\u00e9ricaine d\u00e9passe les 40.000 milliards de dollars"},"content":{"rendered":"<p>\n    Apr\u00e8s la derni\u00e8re \u00e9mission de bons mardi, la dette du Tr\u00e9sor am\u00e9ricain atteint d\u00e9sormais 40.047 milliards de dollars, du fait d\u2019une hausse \u00e0 la fois des emprunts li\u00e9s \u00e0 la sant\u00e9 et la s\u00e9curit\u00e9 sociale, mais \u00e9galement des int\u00e9r\u00eats pay\u00e9s sur la dette.<\/p>\n<p class=\"fig-paragraph\">La\u00a0<a href=\"http:\/\/www.lefigaro.fr\/politique\/il-est-grand-temps-de-nettoyer-les-ecuries-d-augias-marine-le-pen-fustige-les-taux-records-de-la-dette-francaise-20260819\" target=\"_blank\" data-fig-type=\"NewsFlash\" rel=\"noopener nofollow\" data-gtm-custom-categorie=\"navigation\" data-gtm-custom-action=\"crossclick\" data-gtm-custom-label=\"Contextuel\" data-gtm-event=\"customEventSPE\" data-fig-domain=\"LEFIGARO\">dette<\/a>\u00a0du\u00a0<a href=\"http:\/\/www.lefigaro.fr\/international\/le-gouvernement-de-delcy-nous-a-totalement-abandonnes-le-venezuela-entre-dans-une-timide-transition-democratique-sous-controle-americain-20260812\" target=\"_blank\" data-fig-type=\"Article\" rel=\"noopener nofollow\" data-gtm-custom-categorie=\"navigation\" data-gtm-custom-action=\"crossclick\" data-gtm-custom-label=\"Contextuel\" data-gtm-event=\"customEventSPE\" data-fig-domain=\"LEFIGARO\">gouvernement am\u00e9ricain<\/a>\u00a0a d\u00e9pass\u00e9 pour la premi\u00e8re fois la barre des 40.000 milliards de dollars, selon les donn\u00e9es publi\u00e9es mercredi par le d\u00e9partement du Tr\u00e9sor, alors que les taux d&#8217;emprunts se renforcent.<\/p>\n<p class=\"fig-paragraph\">Apr\u00e8s la derni\u00e8re \u00e9mission de bons mardi, la dette du Tr\u00e9sor am\u00e9ricain atteint d\u00e9sormais 40.047 milliards de dollars, du fait d&rsquo;une hausse \u00e0 la fois des emprunts li\u00e9s \u00e0 la sant\u00e9 et la s\u00e9curit\u00e9 sociale, mais \u00e9galement des int\u00e9r\u00eats pay\u00e9s sur la dette.<\/p>\n","protected":false},"excerpt":{"rendered":"Apr\u00e8s la derni\u00e8re \u00e9mission de bons mardi, la dette du Tr\u00e9sor am\u00e9ricain atteint d\u00e9sormais 40.047 milliards de dollars,&hellip;\n","protected":false},"author":2,"featured_media":1137799,"comment_status":"","ping_status":"","sticky":false,"template":"","format":"standard","meta":{"footnotes":"","_share_on_mastodon":"0"},"categories":[6],"tags":[35,6327,33,34,1011,27],"class_list":["post-1137798","post","type-post","status-publish","format-standard","has-post-thumbnail","category-economie","tag-business","tag-dette","tag-economie","tag-economy","tag-fr","tag-france"],"share_on_mastodon":{"url":"https:\/\/pubeurope.com\/@fr\/117126290994783158","error":""},"_links":{"self":[{"href":"https:\/\/www.europesays.com\/fr\/wp-json\/wp\/v2\/posts\/1137798","targetHints":{"allow":["GET"]}}],"collection":[{"href":"https:\/\/www.europesays.com\/fr\/wp-json\/wp\/v2\/posts"}],"about":[{"href":"https:\/\/www.europesays.com\/fr\/wp-json\/wp\/v2\/types\/post"}],"author":[{"embeddable":true,"href":"https:\/\/www.europesays.com\/fr\/wp-json\/wp\/v2\/users\/2"}],"replies":[{"embeddable":true,"href":"https:\/\/www.europesays.com\/fr\/wp-json\/wp\/v2\/comments?post=1137798"}],"version-history":[{"count":0,"href":"https:\/\/www.europesays.com\/fr\/wp-json\/wp\/v2\/posts\/1137798\/revisions"}],"wp:featuredmedia":[{"embeddable":true,"href":"https:\/\/www.europesays.com\/fr\/wp-json\/wp\/v2\/media\/1137799"}],"wp:attachment":[{"href":"https:\/\/www.europesays.com\/fr\/wp-json\/wp\/v2\/media?parent=1137798"}],"wp:term":[{"taxonomy":"category","embeddable":true,"href":"https:\/\/www.europesays.com\/fr\/wp-json\/wp\/v2\/categories?post=1137798"},{"taxonomy":"post_tag","embeddable":true,"href":"https:\/\/www.europesays.com\/fr\/wp-json\/wp\/v2\/tags?post=1137798"}],"curies":[{"name":"wp","href":"https:\/\/api.w.org\/{rel}","templated":true}]}}