{"id":113788,"date":"2025-05-20T07:46:11","date_gmt":"2025-05-20T07:46:11","guid":{"rendered":"https:\/\/www.europesays.com\/fr\/113788\/"},"modified":"2025-05-20T07:46:11","modified_gmt":"2025-05-20T07:46:11","slug":"deux-vehicules-impliques-des-bouchons-en-direction-de-saint-etienne","status":"publish","type":"post","link":"https:\/\/www.europesays.com\/fr\/113788\/","title":{"rendered":"deux v\u00e9hicules impliqu\u00e9s, des bouchons en direction de Saint-\u00c9tienne"},"content":{"rendered":"<p>Ce mardi matin, peu apr\u00e8s 8 h 15, un accident entre deux v\u00e9hicules s&rsquo;est produit \u00e0 hauteur de Lorette.<\/p>\n<p>Selon Radio Vinci autoroutes, l&rsquo;incident impacterait la voie la plus \u00e0 gauche dans le sens Lyon\/Saint-\u00c9tienne.<\/p>\n<p>Environ une heure de bouchons<\/p>\n<p>Toujours selon l&rsquo;info trafic, des bouchons se sont form\u00e9s dans le secteur et il faut environ une heure pour traverser la zone.<\/p>\n<p>\u00c0 noter que des travaux d&rsquo;agrandissement de la bande d&rsquo;arr\u00eat d&rsquo;urgence sont \u00e9galement en cours depuis plusieurs semaines sur l&rsquo;A47 dans les deux sens de circulation. La prudence est donc de mise avec une vitesse limit\u00e9e \u00e0 70 km\/h et des voies r\u00e9duites en largeur dans certains secteurs.<\/p>\n","protected":false},"excerpt":{"rendered":"Ce mardi matin, peu apr\u00e8s 8 h 15, un accident entre deux v\u00e9hicules s&rsquo;est produit \u00e0 hauteur de&hellip;\n","protected":false},"author":2,"featured_media":113789,"comment_status":"","ping_status":"","sticky":false,"template":"","format":"standard","meta":{"footnotes":""},"categories":[9653],"tags":[119,1111,11,2430,3542,7539,1777,674,274,107,1011,27,3367,18870,12,25,4001],"class_list":{"0":"post-113788","1":"post","2":"type-post","3":"status-publish","4":"format-standard","5":"has-post-thumbnail","7":"category-saint-etienne","8":"tag-accident","9":"tag-actu","10":"tag-actualites","11":"tag-auvergne-rhone-alpes","12":"tag-circulation","13":"tag-edition-loire-sud","14":"tag-eu","15":"tag-europe","16":"tag-faits-divers-justice","17":"tag-fil-info","18":"tag-fr","19":"tag-france","20":"tag-loire","21":"tag-lorette","22":"tag-news","23":"tag-republique-francaise","24":"tag-saint-etienne"},"share_on_mastodon":{"url":"https:\/\/pubeurope.com\/@fr\/114539055363960089","error":""},"_links":{"self":[{"href":"https:\/\/www.europesays.com\/fr\/wp-json\/wp\/v2\/posts\/113788","targetHints":{"allow":["GET"]}}],"collection":[{"href":"https:\/\/www.europesays.com\/fr\/wp-json\/wp\/v2\/posts"}],"about":[{"href":"https:\/\/www.europesays.com\/fr\/wp-json\/wp\/v2\/types\/post"}],"author":[{"embeddable":true,"href":"https:\/\/www.europesays.com\/fr\/wp-json\/wp\/v2\/users\/2"}],"replies":[{"embeddable":true,"href":"https:\/\/www.europesays.com\/fr\/wp-json\/wp\/v2\/comments?post=113788"}],"version-history":[{"count":0,"href":"https:\/\/www.europesays.com\/fr\/wp-json\/wp\/v2\/posts\/113788\/revisions"}],"wp:featuredmedia":[{"embeddable":true,"href":"https:\/\/www.europesays.com\/fr\/wp-json\/wp\/v2\/media\/113789"}],"wp:attachment":[{"href":"https:\/\/www.europesays.com\/fr\/wp-json\/wp\/v2\/media?parent=113788"}],"wp:term":[{"taxonomy":"category","embeddable":true,"href":"https:\/\/www.europesays.com\/fr\/wp-json\/wp\/v2\/categories?post=113788"},{"taxonomy":"post_tag","embeddable":true,"href":"https:\/\/www.europesays.com\/fr\/wp-json\/wp\/v2\/tags?post=113788"}],"curies":[{"name":"wp","href":"https:\/\/api.w.org\/{rel}","templated":true}]}}