{"id":113790,"date":"2025-05-20T07:47:14","date_gmt":"2025-05-20T07:47:14","guid":{"rendered":"https:\/\/www.europesays.com\/fr\/113790\/"},"modified":"2025-05-20T07:47:14","modified_gmt":"2025-05-20T07:47:14","slug":"meteo-apres-les-violents-orages-lalerte-activee-dans-la-loire-a-quoi-sattendre","status":"publish","type":"post","link":"https:\/\/www.europesays.com\/fr\/113790\/","title":{"rendered":"M\u00e9t\u00e9o. Apr\u00e8s les violents orages, l&rsquo;alerte activ\u00e9e dans la Loire : \u00e0 quoi s&rsquo;attendre"},"content":{"rendered":"<p>            Par<br \/>\n        <strong><br \/>\n            <a href=\"https:\/\/actu.fr\/auteur\/mathias-souteyrat\" title=\"Consulter tous les articles de Mathias Souteyrat\" target=\"_blank\" rel=\"noopener\">Mathias Souteyrat<\/a><br \/>\n        <\/strong><\/p>\n<p>        Publi\u00e9 le<\/p>\n<p>            20 mai 2025 \u00e0 8h54        <\/p>\n<p>Un violent <a href=\"https:\/\/actu.fr\/meteo\/tgv-evacue-ecoles-fermees-maisons-inondees-les-degats-impressionnants-des-orages-en-france_62659465.html\" target=\"_blank\" rel=\"noopener\">orage<\/a> a touch\u00e9 la commune de <a href=\"https:\/\/actu.fr\/auvergne-rhone-alpes\/feurs_42094\" target=\"_blank\" rel=\"noopener\">Feurs<\/a> lundi 19\u00a0mai 2025. \u00ab\u2009L\u2019ensemble des interventions en lien avec ces intemp\u00e9ries ont \u00e9t\u00e9 trait\u00e9es dans la soir\u00e9e\u2009\u00bb, pr\u00e9cisent les sapeurs-pompiers de la Loire qui ont re\u00e7u 200 appels et sont intervenus \u00e0 une quarantaine de reprises. Fort heureusement, il n\u2019y a pas eu de victime.<\/p>\n<p>\u00ab\u2009Des averses potentiellement orageuses localement\u2009\u00bb<\/p>\n<p class=\" wall-content\">Ce mardi 20\u00a0mai, M\u00e9t\u00e9o France maintient le d\u00e9partement en vigilance jaune aux orages de midi \u00e0 20\u00a0heures.<\/p>\n<p>La ville de Feurs touch\u00e9e par les intemp\u00e9ries <\/p>\n<p>Un orage avec de forts cumuls de pluie a impact\u00e9 vers 16\u00a0h la commune de Feurs. Un peu plus de 200 appels ont \u00e9t\u00e9 re\u00e7us. 43 demandes de secours ont \u00e9t\u00e9 formul\u00e9es.<br \/>\u00c0 19h30, 15 interventions sont toujours en cours. <br \/>Les v\u00e9hicules de protection de 10 casernes ont \u00e9t\u00e9 sollicit\u00e9s pour porter secours n\u00e9cessitant l\u2019engagement de 32 sapeurs-pompiers. <\/p>\n<p>Deux interventions concernent des entreprises, huit concernent des \u00e9tablissements recevant du public, notamment sur la zone commerciale rue des Prairies.<br \/>Le reste des interventions concernent des particuliers.<\/p>\n<p>Aucune victime n\u2019est \u00e0 d\u00e9plorer et aucun relogement ne sera\u00a0n\u00e9cessaire.<\/p>\n<p>Voir tout<\/p>\n<p class=\" wall-content\">D\u2019apr\u00e8s M\u00e9t\u00e9o France, au fil de l\u2019apr\u00e8s-midi, des averses orageuses se g\u00e9n\u00e9ralisent sur une grande partie <strong>du sud-est du pays<\/strong>, touchant \u00e9galement la Bourgogne \u2013 Franche-Comt\u00e9 ainsi que la Corse. En soir\u00e9e, les orages diminuent progressivement.<\/p>\n<blockquote class=\"ac-article-quote wall-content\">\n<p>La matin\u00e9e d\u00e9bute sous un ciel couvert. Dans l&rsquo;apr\u00e8s-midi, l&rsquo;instabilit\u00e9 reprendra avec de rares \u00e9claircies mais des averses potentiellement orageuses localement. Le vent soufflera de 20 \u00e0 35 km\/h.<\/p>\n<p>    <strong>M\u00e9t\u00e9o Loire<\/strong>\n            <\/p><\/blockquote>\n<p>Vid\u00e9os : en ce moment sur Actu<\/p>\n<p class=\" wall-content\">Selon Keraunos, observatoire fran\u00e7ais des orages, le risque orageux est ordinaire, pouvant \u00eatre mod\u00e9r\u00e9s sur la r\u00e9gion Auvergne-Rh\u00f4ne-Alpes.<\/p>\n<p>    <img   decoding=\"async\" loading=\"lazy\" src=\"https:\/\/www.europesays.com\/fr\/wp-content\/uploads\/2025\/05\/prevision-orages-tornades-keraunos-15-960x640.png\" alt=\"Selon Keraunos, observatoire fran\u00e7ais des orages, le risque orageux est ordinaire, pouvant \u00eatre mod\u00e9r\u00e9s sur la r\u00e9gion Auvergne-Rh\u00f4ne-Alpes.\" width=\"960\" height=\"640\"\/><br \/>\n    Selon Keraunos, observatoire fran\u00e7ais des orages, le risque orageux est ordinaire, pouvant \u00eatre mod\u00e9r\u00e9s sur la r\u00e9gion Auvergne-Rh\u00f4ne-Alpes. (\u00a9Carte Keraunos)<\/p>\n<p class=\" wall-content\">Du Massif central aux Alpes et Jura, les averses se multiplieront en cours de journ\u00e9e sur la zone cibl\u00e9e tout en prenant un caract\u00e8re orageux.<\/p>\n<p class=\" wall-content\">\u00ab\u2009Localement, ces averses et orages pourront \u00eatre actifs, avec des pluies abondantes (&gt; 20\u00a0mm en peu de temps), ainsi que de la gr\u00eale et quelques bourrasques de vent. Ce risque orageux, globalement mod\u00e9r\u00e9, d\u00e9clinera rapidement en soir\u00e9e.\u2009\u00bb<\/p>\n<p class=\" wall-content\">Suivez toute l\u2019actualit\u00e9 de vos villes et m\u00e9dias favoris en vous inscrivant \u00e0 <a href=\"https:\/\/moncompte.actu.fr\" title=\"D\u00e9couvez Mon Actu\" rel=\"nofollow noopener\" data-trk=\"{&quot;cta&quot;:{&quot;action&quot;:&quot;https:\\\/\\\/moncompte.actu.fr&quot;,&quot;category&quot;:&quot;mon compte&quot;,&quot;from&quot;:&quot;article footer&quot;,&quot;name&quot;:&quot;Mon actu&quot;,&quot;type&quot;:&quot;cta&quot;}}\" target=\"_blank\">Mon Actu<\/a>.<\/p>\n","protected":false},"excerpt":{"rendered":"Par Mathias Souteyrat Publi\u00e9 le 20 mai 2025 \u00e0 8h54 Un violent orage a touch\u00e9 la commune de&hellip;\n","protected":false},"author":2,"featured_media":113791,"comment_status":"","ping_status":"","sticky":false,"template":"","format":"standard","meta":{"footnotes":""},"categories":[9653],"tags":[1111,11,2430,1777,674,1011,27,2487,2357,12,4594,25,4001],"class_list":{"0":"post-113790","1":"post","2":"type-post","3":"status-publish","4":"format-standard","5":"has-post-thumbnail","7":"category-saint-etienne","8":"tag-actu","9":"tag-actualites","10":"tag-auvergne-rhone-alpes","11":"tag-eu","12":"tag-europe","13":"tag-fr","14":"tag-france","15":"tag-meteo","16":"tag-meteo-france","17":"tag-news","18":"tag-orages","19":"tag-republique-francaise","20":"tag-saint-etienne"},"share_on_mastodon":{"url":"https:\/\/pubeurope.com\/@fr\/114539059288898681","error":""},"_links":{"self":[{"href":"https:\/\/www.europesays.com\/fr\/wp-json\/wp\/v2\/posts\/113790","targetHints":{"allow":["GET"]}}],"collection":[{"href":"https:\/\/www.europesays.com\/fr\/wp-json\/wp\/v2\/posts"}],"about":[{"href":"https:\/\/www.europesays.com\/fr\/wp-json\/wp\/v2\/types\/post"}],"author":[{"embeddable":true,"href":"https:\/\/www.europesays.com\/fr\/wp-json\/wp\/v2\/users\/2"}],"replies":[{"embeddable":true,"href":"https:\/\/www.europesays.com\/fr\/wp-json\/wp\/v2\/comments?post=113790"}],"version-history":[{"count":0,"href":"https:\/\/www.europesays.com\/fr\/wp-json\/wp\/v2\/posts\/113790\/revisions"}],"wp:featuredmedia":[{"embeddable":true,"href":"https:\/\/www.europesays.com\/fr\/wp-json\/wp\/v2\/media\/113791"}],"wp:attachment":[{"href":"https:\/\/www.europesays.com\/fr\/wp-json\/wp\/v2\/media?parent=113790"}],"wp:term":[{"taxonomy":"category","embeddable":true,"href":"https:\/\/www.europesays.com\/fr\/wp-json\/wp\/v2\/categories?post=113790"},{"taxonomy":"post_tag","embeddable":true,"href":"https:\/\/www.europesays.com\/fr\/wp-json\/wp\/v2\/tags?post=113790"}],"curies":[{"name":"wp","href":"https:\/\/api.w.org\/{rel}","templated":true}]}}