{"id":113794,"date":"2025-05-20T07:49:15","date_gmt":"2025-05-20T07:49:15","guid":{"rendered":"https:\/\/www.europesays.com\/fr\/113794\/"},"modified":"2025-05-20T07:49:15","modified_gmt":"2025-05-20T07:49:15","slug":"les-indiscretions-politiques-de-la-semaine","status":"publish","type":"post","link":"https:\/\/www.europesays.com\/fr\/113794\/","title":{"rendered":"les indiscr\u00e9tions politiques de la semaine"},"content":{"rendered":"<p>  Metz-Nancy\u00a0: prise de dette<\/p>\n<p>La gauche de Metz plus lucide que celle de Nancy\u00a0?<\/p>\n<p>Lundi 12\u00a0mai, lors du conseil de Metz M\u00e9tropole, <a href=\"https:\/\/www.estrepublicain.fr\/p\/jeremy-roques\" target=\"_blank\" rel=\"noopener\">J\u00e9r\u00e9my Roques<\/a>, chef de file de la gauche locale, s\u2019en est pris \u00e0 la gestion financi\u00e8re de la majorit\u00e9 de <a href=\"https:\/\/www.estrepublicain.fr\/p\/mathieu-klein\" target=\"_blank\" rel=\"noopener\">Mathieu Klein<\/a>.<\/p>\n<p>Alors qu\u2019en mati\u00e8re de finances publiques, la r\u00e8gle d\u2019or est de ne jamais comparer les collectivit\u00e9s, le Messin s\u2019est risqu\u00e9 au jeu de la comparaison. Il voulait tacler la pr\u00e9sidence de Metz M\u00e9tropole, il finit par s\u2019en prendre \u00e0 Nancy\u00a0: \u00ab\u00a0En 2023, a d\u00e9clar\u00e9 J\u00e9r\u00e9my Roques lors de ce conseil, la dette par habitant \u00e0 Dijon \u00e9tait de 980\u00a0\u20ac. La dette par habitant de l\u2019Eurom\u00e9tropole de Strasbourg \u00e0 1\u00a0360. Sans tomber dans les exc\u00e8s (\u00e0 ne pas reproduire) de la M\u00e9tropole de Nancy o\u00f9 elle \u00e9tait \u00e0 2\u00a0730\u00a0\u20ac par habitant, cela d\u00e9montre une chose nous avons de r\u00e9elles marges de man\u0153uvre pour investir dans notre m\u00e9tropole\u2026\u00a0\u00bb<\/p>\n<p>Mathieu Klein n\u2019a pas r\u00e9agi \u00e0 ces propos. Au contraire de <a href=\"https:\/\/www.estrepublicain.fr\/politique\/2023\/01\/27\/valerie-debord-premiere-femme-a-etre-elue-premiere-vice-presidente-de-la-region-grand-est\" target=\"_blank\" rel=\"noopener\">Val\u00e9rie Debord,<\/a> opposante \u00e0 Nancy\u00a0: \u00ab\u00a0J\u00e9r\u00e9my Roques est charg\u00e9 de mission au conseil d\u00e9partemental de Meurthe-et-Moselle. En mati\u00e8re de finances, il sait de quoi il parle\u2026\u00a0\u00bb<\/p>\n<p>Cela va \u00eatre sympa les matchs Nancy-Metz <a href=\"https:\/\/www.estrepublicain.fr\/sport\/asnl\" target=\"_blank\" rel=\"noopener\">en Ligue 2<\/a> \u2026<\/p>\n<p>Ce contenu est bloqu\u00e9 car vous n&rsquo;avez pas accept\u00e9 les cookies et autres traceurs.<\/p>\n<p>En cliquant sur \u00ab J\u2019accepte \u00bb, les cookies et autres traceurs seront d\u00e9pos\u00e9s et vous pourrez visualiser les contenus  (<a href=\"\" class=\"consentModule_policy\" target=\"_blank\" title=\"Consulter la politique de protection des donn\u00e9es du fournisseur\">plus d&rsquo;informations<\/a>).<\/p>\n<p>En cliquant sur \u00ab J\u2019accepte tous les cookies \u00bb, vous autorisez des d\u00e9p\u00f4ts de cookies et autres traceurs pour le stockage de vos donn\u00e9es sur nos sites et applications \u00e0 des fins de personnalisation et de ciblage publicitaire.<\/p>\n<p class=\"consentModule_secondaryText\">Vous gardez la possibilit\u00e9 de retirer votre consentement \u00e0 tout moment en consultant notre <a href=\"https:\/\/www.estrepublicain.fr\/protection-des-donnees\" target=\"_blank\" title=\"Consulter notre politique de protection des donn\u00e9es\" rel=\"noopener\">politique de protection des donn\u00e9es<\/a>. <br \/>&#13;<br \/>\n            <a href=\"https:\/\/www.estrepublicain.fr\/elections\/2025\/05\/20\/javascript:Didomi.notice.show()\" class=\"consentModule_cmp\" target=\"_blank\" rel=\"noopener\">G\u00e9rer mes choix<\/a>&#13;\n        <\/p>\n<p>&#13;<br \/>\n                        J&rsquo;accepte&#13;<br \/>\n            J&rsquo;accepte tous les cookies&#13;\n        <\/p>\n<p>  Un gouverneur \u00e0 Nancy<\/p>\n<p>Le Gouverneur de la Banque de France, <a href=\"https:\/\/www.estrepublicain.fr\/economie\/2025\/05\/16\/une-guerre-des-monnaies-nous-n-en-sommes-pas-la-selon-le-gouverneur-de-la-banque-de-france\" target=\"_blank\" rel=\"noopener\">Fran\u00e7ois Villeroy de Galhau,<\/a> \u00e9tait \u00e0 Nancy ces 15 et 16\u00a0mai. Il a rencontr\u00e9 de nombreux acteurs \u00e9conomiques et politiques locaux. Notamment Mathieu Klein, maire de Nancy et pr\u00e9sident du Grand Nancy.<\/p>\n<p>Sur <a href=\"https:\/\/www.linkedin.com\/search\/results\/all\/?heroEntityKey=urn%3Ali%3Afsd_profile%3AACoAAD9ivuEBoFRYitO_EagyOg6KJHVWNNDsjEM&amp;keywords=Mathieu%20Klein&amp;origin=ENTITY_SEARCH_HOME_HISTORY&amp;sid=WeD\" target=\"_blank\" rel=\"noopener\">son compte LinkedIn,<\/a> ce dernier s\u2019est r\u00e9joui de l\u2019entrevue\u00a0: \u00ab\u00a0Ce fut l\u2019occasion d\u2019aborder les missions d\u00e9ploy\u00e9es dans les territoires et notamment l\u2019accompagnement des TPE\/PME et l\u2019accompagnement des particuliers au titre du surendettement. Occasion \u00e9galement d\u2019aborder l\u2019actualit\u00e9 mon\u00e9taire et financi\u00e8re, \u00e0 l\u2019\u00e9chelle europ\u00e9enne et internationale &#8211; dans un contexte politique incertain. Un \u00e9change vif et riche.\u00a0\u00bb<\/p>\n<p>C\u2019est tout\u00a0? Rien sur la sant\u00e9 financi\u00e8re de Nancy et du Grand Nancy\u00a0?<\/p>\n<p>  Le RN veut de \u00ab\u00a0l\u2019ordre\u00a0\u00bb<\/p>\n<p>Samedi 17\u00a0mai, le RN de Meurthe-et-Moselle \u00e9tait \u00e0 Nancy pour distribuer des tracts.<\/p>\n<p>Profitant d\u2019un post sur ses r\u00e9seaux sociaux, l\u2019antenne d\u00e9partementale du parti d\u2019extr\u00eame droite a comment\u00e9 l\u2019actualit\u00e9 des derniers jours\u00a0: \u00ab\u00a0Cette semaine, en Meurthe-et-Moselle, un policier et un gendarme ont \u00e9t\u00e9 bless\u00e9s en service. Une priorit\u00e9\u00a0: remettre la France en ordre\u00a0!\u00a0\u00bb<\/p>\n<p>Tout \u00e7a\u00a0? Remettre leur parti en ordre, ce sera d\u00e9j\u00e0 bien, non\u00a0?<\/p>\n<p>  \u00ab\u00a0Faure\u00a0\u00bb de caf\u00e9<\/p>\n<p>Samedi 17\u00a0mai encore. Pendant que le RN voulait remettre la France \u00ab\u00a0en ordre\u00a0\u00bb donc, \u00e0 la salle des f\u00eates de Gentilly, \u00e0 Nancy, les <a href=\"https:\/\/www.estrepublicain.fr\/elections\/2025\/05\/18\/olivier-faure-(ps)-a-nancy-faire-l-union-de-ruffin-a-glucksmann-ehup\" target=\"_blank\" rel=\"noopener\">Jeunes socialistes tenaient congr\u00e8s<\/a> pour tenter de \u00ab\u00a0changer la vie des gens\u00a0\u00bb.<\/p>\n<p>Pr\u00e8s de 500 militants et militantes avaient fait le d\u00e9placement pour l\u2019occasion. L\u2019ambiance \u00e9tait joyeuse et color\u00e9e. Et pour c\u00e9l\u00e9brer leur rassemblement, ils organisaient samedi soir une\u2026 \u00ab\u00a0L\u00e9on Boom\u00a0\u00bb. Ce jeu de mots n\u2019a pas manqu\u00e9 de faire sourire\u00a0: le p\u00e8re des cong\u00e9s pay\u00e9s s\u2019est-il retourn\u00e9 dans sa tombe en apprenant cela\u00a0?<\/p>\n<p>On conna\u00eet d\u00e9j\u00e0 le slogan de 2027\u00a0: \u00ab\u00a0La gauche, la Faurece tranquille\u00a0\u00bb\u2026 <\/p>\n<p>  Pas de train-train au PS\u2026<\/p>\n<p>S\u00e9nateur PS du Nord et patron des socialistes au S\u00e9nat, <a href=\"https:\/\/www.estrepublicain.fr\/politique\/2023\/04\/16\/patrick-kanner-le-charme-d-emmanuel-macron-ne-fonctionne-plus\" target=\"_blank\" rel=\"noopener\">Patrick Kanner<\/a> est venu \u00e0 Nancy samedi 17\u00a0mai pour <a href=\"https:\/\/www.estrepublicain.fr\/politique\/2025\/05\/17\/les-jeunes-socialistes-en-congres-a-nancy-olivier-faure-attendu-ce-dimanche\" target=\"_blank\" rel=\"noopener\">le congr\u00e8s des Jeunes socialistes.<\/a><\/p>\n<p>Le parlementaire a pris la parole vers 15\u00a0h, puis est reparti presque aussit\u00f4t dans la foul\u00e9e, en voiture, \u00e0 Lille pour assister au match de foot de Ligue 1, Lille-Reims.<\/p>\n<p>Quel bilan carbone pour un discours d\u2019une dizaine de minutes\u00a0?<\/p>\n<p>  L\u2019investissement de l\u2019ann\u00e9e<\/p>\n<p>Dans de nombreux foyers de Meurthe-et-Moselle, on re\u00e7oit en ce moment les bulletins municipaux.<\/p>\n<p>La commune de Houdemont, au sud de Nancy, vient de livrer son magazine dans les bo\u00eetes aux lettres. L\u2019occasion d\u2019\u00e9voquer les investissements \u00e0 venir cette ann\u00e9e.<\/p>\n<p>Dans son \u00e9dito, le maire <a href=\"https:\/\/www.estrepublicain.fr\/politique\/2020\/02\/10\/maurizio-petronio-conduit-agissons-pour-houdemont\" target=\"_blank\" rel=\"noopener\">Maurizio Petronio<\/a> d\u00e9taille ses projets\u00a0: \u00ab\u00a0R\u00e9novation des bureaux des services techniques, pose d\u2019un mur d\u2019escalade, plantations d\u2019arbres et\u2026 achat d\u2019une nouvelle tondeuse.\u00a0\u00bb<\/p>\n<p>Houdemont, \u00e7a d\u00e9cape\u00a0!<\/p>\n","protected":false},"excerpt":{"rendered":"Metz-Nancy\u00a0: prise de dette La gauche de Metz plus lucide que celle de Nancy\u00a0? Lundi 12\u00a0mai, lors du&hellip;\n","protected":false},"author":2,"featured_media":113795,"comment_status":"","ping_status":"","sticky":false,"template":"","format":"standard","meta":{"footnotes":""},"categories":[9635],"tags":[1111,11,1707,1704,1706,1705,11984,4188,1777,674,1011,27,775,3540,2338,3539,6319,3457,2759,1702,1703,12,8387,3541,316,1078,3370,25],"class_list":{"0":"post-113794","1":"post","2":"type-post","3":"status-publish","4":"format-standard","5":"has-post-thumbnail","7":"category-nancy","8":"tag-actu","9":"tag-actualites","10":"tag-edition-luneville","11":"tag-edition-nancy-et-agglomeration","12":"tag-edition-pont-a-mousson","13":"tag-edition-toul","14":"tag-election-presidentielle","15":"tag-elections-municipales","16":"tag-eu","17":"tag-europe","18":"tag-fr","19":"tag-france","20":"tag-grand-est","21":"tag-horizons","22":"tag-la-france-insoumise","23":"tag-les-ecologistes","24":"tag-les-republicains","25":"tag-meurthe-et-moselle","26":"tag-modem","27":"tag-nancy","28":"tag-nancy-ville-54b","29":"tag-news","30":"tag-parti-communiste","31":"tag-parti-socialiste","32":"tag-politique","33":"tag-rassemblement-national","34":"tag-renaissance","35":"tag-republique-francaise"},"share_on_mastodon":{"url":"https:\/\/pubeurope.com\/@fr\/114539067024637031","error":""},"_links":{"self":[{"href":"https:\/\/www.europesays.com\/fr\/wp-json\/wp\/v2\/posts\/113794","targetHints":{"allow":["GET"]}}],"collection":[{"href":"https:\/\/www.europesays.com\/fr\/wp-json\/wp\/v2\/posts"}],"about":[{"href":"https:\/\/www.europesays.com\/fr\/wp-json\/wp\/v2\/types\/post"}],"author":[{"embeddable":true,"href":"https:\/\/www.europesays.com\/fr\/wp-json\/wp\/v2\/users\/2"}],"replies":[{"embeddable":true,"href":"https:\/\/www.europesays.com\/fr\/wp-json\/wp\/v2\/comments?post=113794"}],"version-history":[{"count":0,"href":"https:\/\/www.europesays.com\/fr\/wp-json\/wp\/v2\/posts\/113794\/revisions"}],"wp:featuredmedia":[{"embeddable":true,"href":"https:\/\/www.europesays.com\/fr\/wp-json\/wp\/v2\/media\/113795"}],"wp:attachment":[{"href":"https:\/\/www.europesays.com\/fr\/wp-json\/wp\/v2\/media?parent=113794"}],"wp:term":[{"taxonomy":"category","embeddable":true,"href":"https:\/\/www.europesays.com\/fr\/wp-json\/wp\/v2\/categories?post=113794"},{"taxonomy":"post_tag","embeddable":true,"href":"https:\/\/www.europesays.com\/fr\/wp-json\/wp\/v2\/tags?post=113794"}],"curies":[{"name":"wp","href":"https:\/\/api.w.org\/{rel}","templated":true}]}}