{"id":113796,"date":"2025-05-20T07:50:09","date_gmt":"2025-05-20T07:50:09","guid":{"rendered":"https:\/\/www.europesays.com\/fr\/113796\/"},"modified":"2025-05-20T07:50:09","modified_gmt":"2025-05-20T07:50:09","slug":"a-la-seyne-de-riches-vacances-avec-les-petits-freres-des-pauvres","status":"publish","type":"post","link":"https:\/\/www.europesays.com\/fr\/113796\/","title":{"rendered":"A La Seyne, de riches vacances avec les Petits Fr\u00e8res des Pauvres"},"content":{"rendered":"<p>Un cadre encore plus reposant, fleuri et idyllique. C\u2019est \u00e0 la maison de vacances des Petits Fr\u00e8res des Pauvres (1), tout juste r\u00e9nov\u00e9e, qu\u2019un groupe de sept vacanciers et de quatre accompagnants venus de B\u00e9ziers (H\u00e9rault) a \u00e9t\u00e9 accueilli ce dimanche par Christelle Gordon, responsable de la Villa des Fleurs, la bien nomm\u00e9e, qui cultive sa vocation sociale \u00e0 Mar Vivo depuis 2011.<\/p>\n<p>Habitu\u00e9s du lieu de vacances qu\u2019ils fr\u00e9quentent pour la plupart depuis cinq ans, les arrivants, 70 ans de moyenne d\u2019\u00e2ge, l\u2019ont presque red\u00e9couvert.<\/p>\n<p>\u00ab\u00a0Depuis octobre 2024 une campagne de r\u00e9novation d\u2019envergure de sept mois a \u00e9t\u00e9 men\u00e9e, appuie la responsable, salari\u00e9e de l\u2019association les Petits Fr\u00e8res des Pauvres AGE. Nous recevons gratuitement ici des groupes de personnes \u00e0 l\u2019ann\u00e9e, \u00e2g\u00e9es de plus de 55 ans, isol\u00e9es et pr\u00e9caris\u00e9es, pour certaines en perte d\u2019autonomie. Elles sont h\u00e9berg\u00e9es pour une nuit\u00e9e minimum mais restent g\u00e9n\u00e9ralement neuf jours en \u00e9t\u00e9. Nous collaborons aussi avec des associations ext\u00e9rieures comme l\u2019Arm\u00e9e du Salut, la Croix-Rouge ou France Alzheimer dont nous avons re\u00e7u des vacanciers la semaine derni\u00e8re.\u00a0\u00bb<\/p>\n<p>Un jardin luxuriant et odorant de 4.000m2<\/p>\n<p>La Villa des Fleurs a rouvert ses portes le 24 mars. Son jardin luxuriant et odorant de 4.000m2, plant\u00e9 de plusieurs essences exotiques, vignes et potager (qui a remport\u00e9 deux ann\u00e9es de suite un prix des parcs et jardins fleuris de la ville de La Seyne), flanqu\u00e9 d\u2019un boulodrome, n\u2019a pas \u00e9t\u00e9 touch\u00e9 par la restructuration, dont les travaux se sont concentr\u00e9s sur la b\u00e2tisse, laquelle a conserv\u00e9 tout son charme (voir par ailleurs).<\/p>\n<p>La Villa des Fleurs offre aujourd\u2019hui quatorze chambres \u00e9quip\u00e9es. \u00ab\u00a0Deux chambres accessibles aux personnes \u00e0 mobilit\u00e9 r\u00e9duite ont \u00e9t\u00e9 rouvertes en rez-de-chauss\u00e9e\u00a0\u00bb, liste Christelle Gordon qui assure la gestion du site avec un cuisinier \u00e0 plein temps charg\u00e9 des services du midi et du soir, une auxiliaire de vie aide-soignante et un agent polyvalent d\u2019entretien. Sans compter les quatre b\u00e9n\u00e9voles qui se partagent les t\u00e2ches d\u2019accueil, d\u2019animation et d\u2019entretien, chaque mardi, jeudi et vendredi matin.<\/p>\n<p>\u00ab\u00a0J\u2019appr\u00e9cie le calme\u00a0\u00bb<\/p>\n<p>\u00ab\u00a0Toutes les chambres, dont les salles de bains privatives ont \u00e9t\u00e9 r\u00e9nov\u00e9es, ont \u00e9t\u00e9 r\u00e9am\u00e9nag\u00e9es pour faciliter leur accessibilit\u00e9. L\u2019\u00e9tage est accessible par ascenseur. Par ailleurs, la salle de restauration et l\u2019espace accueil ont \u00e9t\u00e9 rafra\u00eechis\u00a0\u00bb, compl\u00e8te la responsable qui conduit la visite s\u2019achevant sur la vaste salle polyvalente, \u00e0 l\u2019arri\u00e8re de la villa, d\u00e9di\u00e9e notamment \u00e0 un accueil de jour de groupes interassociatifs.<\/p>\n<p>Et les vacanciers du groupe Petits Fr\u00e8res des Pauvres de B\u00e9ziers, arriv\u00e9s dimanche pour une semaine \u00e0 La Seyne, sont ravis. \u00ab\u00a0Ce que j\u2019appr\u00e9cie, ici, c\u2019est le calme, lance Odette, 87 ans. Dans le quartier o\u00f9 j\u2019habite il y a du bruit et des rod\u00e9os\u00a0\u00bb. \u00ab\u00a0On est bien ici, dans la nature, avec la mer \u00e0 200m\u00e8tres\u00a0\u00bb, ajoute Pierre. \u00c0 leur programme: repos, soins esth\u00e9tiques, massages, et visites des \u00eeles de Porquerolles ou des Embiez pour les plus vaillants et mobiles. La Villa des Fleurs ne d\u00e9semplit jamais.<\/p>\n<p>1. En France, douze maisons de vacances des Petits Fr\u00e8res des Pauvres accueillent des groupes toute l\u2019ann\u00e9e.<\/p>\n","protected":false},"excerpt":{"rendered":"Un cadre encore plus reposant, fleuri et idyllique. C\u2019est \u00e0 la maison de vacances des Petits Fr\u00e8res des&hellip;\n","protected":false},"author":2,"featured_media":113797,"comment_status":"","ping_status":"","sticky":false,"template":"","format":"standard","meta":{"footnotes":""},"categories":[9619],"tags":[1111,11,1777,674,1011,27,12,882,25,801,2310],"class_list":{"0":"post-113796","1":"post","2":"type-post","3":"status-publish","4":"format-standard","5":"has-post-thumbnail","7":"category-toulon","8":"tag-actu","9":"tag-actualites","10":"tag-eu","11":"tag-europe","12":"tag-fr","13":"tag-france","14":"tag-news","15":"tag-provence-alpes-cote-dazur","16":"tag-republique-francaise","17":"tag-social","18":"tag-toulon"},"share_on_mastodon":{"url":"https:\/\/pubeurope.com\/@fr\/114539071025009733","error":""},"_links":{"self":[{"href":"https:\/\/www.europesays.com\/fr\/wp-json\/wp\/v2\/posts\/113796","targetHints":{"allow":["GET"]}}],"collection":[{"href":"https:\/\/www.europesays.com\/fr\/wp-json\/wp\/v2\/posts"}],"about":[{"href":"https:\/\/www.europesays.com\/fr\/wp-json\/wp\/v2\/types\/post"}],"author":[{"embeddable":true,"href":"https:\/\/www.europesays.com\/fr\/wp-json\/wp\/v2\/users\/2"}],"replies":[{"embeddable":true,"href":"https:\/\/www.europesays.com\/fr\/wp-json\/wp\/v2\/comments?post=113796"}],"version-history":[{"count":0,"href":"https:\/\/www.europesays.com\/fr\/wp-json\/wp\/v2\/posts\/113796\/revisions"}],"wp:featuredmedia":[{"embeddable":true,"href":"https:\/\/www.europesays.com\/fr\/wp-json\/wp\/v2\/media\/113797"}],"wp:attachment":[{"href":"https:\/\/www.europesays.com\/fr\/wp-json\/wp\/v2\/media?parent=113796"}],"wp:term":[{"taxonomy":"category","embeddable":true,"href":"https:\/\/www.europesays.com\/fr\/wp-json\/wp\/v2\/categories?post=113796"},{"taxonomy":"post_tag","embeddable":true,"href":"https:\/\/www.europesays.com\/fr\/wp-json\/wp\/v2\/tags?post=113796"}],"curies":[{"name":"wp","href":"https:\/\/api.w.org\/{rel}","templated":true}]}}