{"id":113798,"date":"2025-05-20T07:51:08","date_gmt":"2025-05-20T07:51:08","guid":{"rendered":"https:\/\/www.europesays.com\/fr\/113798\/"},"modified":"2025-05-20T07:51:08","modified_gmt":"2025-05-20T07:51:08","slug":"les-conducteurs-de-taxis-manifestent-dans-le-var-la-mobilisation-prolongee-le-tunnel-de-toulon-coupe-suivez-notre-direct","status":"publish","type":"post","link":"https:\/\/www.europesays.com\/fr\/113798\/","title":{"rendered":"Les conducteurs de taxis manifestent dans le Var, la mobilisation prolong\u00e9e, le tunnel de Toulon coup\u00e9&#8230; suivez notre direct"},"content":{"rendered":"<p>Les conditions de circulation sont une nouvelle fois tr\u00e8s difficiles autour et \u00e0 Toulon. La pr\u00e9fecture du Var conseille de diff\u00e9rer ses d\u00e9placements sur ces secteurs, d&rsquo;autant que la m\u00e9t\u00e9o s&rsquo;annonce \u00e9galement d\u00e9favorable, avec <a href=\"https:\/\/www.varmatin.com\/meteo\/meteo-a-quoi-s-attendre-ce-mardi-20-mai-dans-le-var-986556\" target=\"_blank\" rel=\"noopener nofollow\">une vigilance orange aux orages et pluie-inondation \u00e9mise<\/a>.\u00a0<\/p>\n<p>Pas un automobiliste de la m\u00e9tropole toulonnaise n\u2019a pu \u00e9chapper, ce lundi matin, aux barrages filtrants des entr\u00e9es d\u2019autoroute est et ouest de la pr\u00e9fecture varoise, paralysant le trafic et surchargeant les itin\u00e9raires bis. Les automobilistes pi\u00e9g\u00e9s ont mis entre 2h30 et 3 heures pour s\u2019extraire des embouteillages.<\/p>\n<p>Ce mardi matin, <a href=\"https:\/\/www.varmatin.com\/greve-mouvements-sociaux\/manifestation-des-taxis-le-tunnel-de-toulon-coupe-dans-les-deux-sens-de-circulation-ce-mardi-matin-986565\" target=\"_blank\" rel=\"noopener nofollow\">le tunnel de Toulon est coup\u00e9 dans les deux sens de circulation<\/a>.\u00a0<\/p>\n<p>Suivez toutes les informations dans notre live:\u00a0<\/p><\/p>\n","protected":false},"excerpt":{"rendered":"Les conditions de circulation sont une nouvelle fois tr\u00e8s difficiles autour et \u00e0 Toulon. La pr\u00e9fecture du Var&hellip;\n","protected":false},"author":2,"featured_media":113677,"comment_status":"","ping_status":"","sticky":false,"template":"","format":"standard","meta":{"footnotes":""},"categories":[9619],"tags":[1111,11,646,1777,674,1011,27,802,12,882,25,801,2310,800],"class_list":{"0":"post-113798","1":"post","2":"type-post","3":"status-publish","4":"format-standard","5":"has-post-thumbnail","7":"category-toulon","8":"tag-actu","9":"tag-actualites","10":"tag-automobile","11":"tag-eu","12":"tag-europe","13":"tag-fr","14":"tag-france","15":"tag-greves-et-mouvements-sociaux","16":"tag-news","17":"tag-provence-alpes-cote-dazur","18":"tag-republique-francaise","19":"tag-social","20":"tag-toulon","21":"tag-transports"},"share_on_mastodon":{"url":"https:\/\/pubeurope.com\/@fr\/114539075026180196","error":""},"_links":{"self":[{"href":"https:\/\/www.europesays.com\/fr\/wp-json\/wp\/v2\/posts\/113798","targetHints":{"allow":["GET"]}}],"collection":[{"href":"https:\/\/www.europesays.com\/fr\/wp-json\/wp\/v2\/posts"}],"about":[{"href":"https:\/\/www.europesays.com\/fr\/wp-json\/wp\/v2\/types\/post"}],"author":[{"embeddable":true,"href":"https:\/\/www.europesays.com\/fr\/wp-json\/wp\/v2\/users\/2"}],"replies":[{"embeddable":true,"href":"https:\/\/www.europesays.com\/fr\/wp-json\/wp\/v2\/comments?post=113798"}],"version-history":[{"count":0,"href":"https:\/\/www.europesays.com\/fr\/wp-json\/wp\/v2\/posts\/113798\/revisions"}],"wp:featuredmedia":[{"embeddable":true,"href":"https:\/\/www.europesays.com\/fr\/wp-json\/wp\/v2\/media\/113677"}],"wp:attachment":[{"href":"https:\/\/www.europesays.com\/fr\/wp-json\/wp\/v2\/media?parent=113798"}],"wp:term":[{"taxonomy":"category","embeddable":true,"href":"https:\/\/www.europesays.com\/fr\/wp-json\/wp\/v2\/categories?post=113798"},{"taxonomy":"post_tag","embeddable":true,"href":"https:\/\/www.europesays.com\/fr\/wp-json\/wp\/v2\/tags?post=113798"}],"curies":[{"name":"wp","href":"https:\/\/api.w.org\/{rel}","templated":true}]}}