{"id":1138032,"date":"2026-08-20T09:09:13","date_gmt":"2026-08-20T09:09:13","guid":{"rendered":"https:\/\/www.europesays.com\/fr\/1138032\/"},"modified":"2026-08-20T09:09:13","modified_gmt":"2026-08-20T09:09:13","slug":"maxeville-un-jeune-homme-tue-par-balles-mercredi-soir-au-quartier-champ-le-boeuf","status":"publish","type":"post","link":"https:\/\/www.europesays.com\/fr\/1138032\/","title":{"rendered":"Max\u00e9ville. Un jeune homme tu\u00e9 par balles mercredi soir au quartier Champ-le-Boeuf"},"content":{"rendered":"<p>Un jeune homme a \u00e9t\u00e9 tu\u00e9 par balles, rue du Rabodeau, dans le quartier du Champ-le-Boeuf, \u00e0 Max\u00e9ville.\u00a0Les faits se sont d\u00e9roul\u00e9s ce mercredi soir aux alentours de 21h.<\/p>\n<p>Un groupe de personnes lui aurait tir\u00e9 dessus. Le maire de Max\u00e9ville, <a href=\"https:\/\/www.ici.fr\/grand-est\/meurthe-et-moselle-54\/maxeville\/un-jeune-homme-de-22-ans-tue-par-balles-mercredi-soir-au-champs-le-boeuf-a-maxeville-5153750\" target=\"_blank\" rel=\"nofollow noopener\">Christophe Choserot, indique chez ICI Lorraine\u00a0<\/a>qu&rsquo;\u00ab un commando arm\u00e9\u00a0est venu faire ce qu&rsquo;on peut appeler un r\u00e8glement de compte sur un jeune homme de 22 ans. On\u00a0est sur une sc\u00e8ne de crime d&rsquo;une violence inou\u00efe. Une berline qui arrive, un commando cagoul\u00e9 qui tire sur tout ce qui bouge. \u00bb<\/p>\n<p>Selon nos informations, le jeune homme n&rsquo;\u00e9tait apparemment pas la cible.\u00a0<\/p>\n<p>Plus d&rsquo;informations \u00e0 suivre&#8230;<\/p>\n","protected":false},"excerpt":{"rendered":"Un jeune homme a \u00e9t\u00e9 tu\u00e9 par balles, rue du Rabodeau, dans le quartier du Champ-le-Boeuf, \u00e0 Max\u00e9ville.\u00a0Les&hellip;\n","protected":false},"author":2,"featured_media":1138033,"comment_status":"","ping_status":"","sticky":false,"template":"","format":"standard","meta":{"footnotes":"","_share_on_mastodon":"0"},"categories":[9635],"tags":[1111,11,1707,1704,1706,1705,1777,674,274,107,1011,27,775,10061,3457,1702,12,3456,25],"class_list":["post-1138032","post","type-post","status-publish","format-standard","has-post-thumbnail","category-nancy","tag-actu","tag-actualites","tag-edition-luneville","tag-edition-nancy-et-agglomeration","tag-edition-pont-a-mousson","tag-edition-toul","tag-eu","tag-europe","tag-faits-divers-justice","tag-fil-info","tag-fr","tag-france","tag-grand-est","tag-maxeville","tag-meurthe-et-moselle","tag-nancy","tag-news","tag-region-lorraine","tag-republique-francaise"],"share_on_mastodon":{"url":"https:\/\/pubeurope.com\/@fr\/117127057663256194","error":""},"_links":{"self":[{"href":"https:\/\/www.europesays.com\/fr\/wp-json\/wp\/v2\/posts\/1138032","targetHints":{"allow":["GET"]}}],"collection":[{"href":"https:\/\/www.europesays.com\/fr\/wp-json\/wp\/v2\/posts"}],"about":[{"href":"https:\/\/www.europesays.com\/fr\/wp-json\/wp\/v2\/types\/post"}],"author":[{"embeddable":true,"href":"https:\/\/www.europesays.com\/fr\/wp-json\/wp\/v2\/users\/2"}],"replies":[{"embeddable":true,"href":"https:\/\/www.europesays.com\/fr\/wp-json\/wp\/v2\/comments?post=1138032"}],"version-history":[{"count":0,"href":"https:\/\/www.europesays.com\/fr\/wp-json\/wp\/v2\/posts\/1138032\/revisions"}],"wp:featuredmedia":[{"embeddable":true,"href":"https:\/\/www.europesays.com\/fr\/wp-json\/wp\/v2\/media\/1138033"}],"wp:attachment":[{"href":"https:\/\/www.europesays.com\/fr\/wp-json\/wp\/v2\/media?parent=1138032"}],"wp:term":[{"taxonomy":"category","embeddable":true,"href":"https:\/\/www.europesays.com\/fr\/wp-json\/wp\/v2\/categories?post=1138032"},{"taxonomy":"post_tag","embeddable":true,"href":"https:\/\/www.europesays.com\/fr\/wp-json\/wp\/v2\/tags?post=1138032"}],"curies":[{"name":"wp","href":"https:\/\/api.w.org\/{rel}","templated":true}]}}