{"id":11381,"date":"2025-04-08T23:46:11","date_gmt":"2025-04-08T23:46:11","guid":{"rendered":"https:\/\/www.europesays.com\/fr\/11381\/"},"modified":"2025-04-08T23:46:11","modified_gmt":"2025-04-08T23:46:11","slug":"les-impressionnantes-images-de-lincendie-dun-centre-de-tri-du-17e-arrondissement-de-paris","status":"publish","type":"post","link":"https:\/\/www.europesays.com\/fr\/11381\/","title":{"rendered":"Les impressionnantes images de l\u2019incendie d\u2019un centre de tri du 17e arrondissement de Paris"},"content":{"rendered":"<p class=\"fig-slideshow__title\">\n                    L&rsquo;incendie dans le 17e arrondissement de Paris\n                <\/p>\n<p>Acc\u00e9der au diaporama (9)<\/p>\n<p>Le feu, impressionnant et qui endommag\u00e9 au moins une partie du b\u00e2timent, a attir\u00e9 des dizaines de badauds venus filmer la sc\u00e8ne.<\/p>\n<p class=\"fig-paragraph\">Un\u00a0<a href=\"http:\/\/www.lefigaro.fr\/faits-divers\/paris-un-important-incendie-en-cours-dans-le-17e-arrondissement-20250407\" data-fig-type=\"NewsFlash\" data-gtm-custom-categorie=\"navigation\" data-gtm-custom-action=\"crossclick\" data-gtm-custom-label=\"Contextuel\" data-gtm-event=\"customEventSPE\" data-fig-domain=\"LEFIGARO\" rel=\"nofollow noopener\" target=\"_blank\">incendie spectaculaire<\/a>\u00a0s\u2019est d\u00e9clar\u00e9 lundi en fin de journ\u00e9e dans un centre de tri de d\u00e9chet du 17e arrondissement de Paris, tout pr\u00e8s du tribunal judiciaire de la capitale. Mis en service en juin 2019 dans l\u2019\u00e9co-quartier Clichy-Batignolles de la ville, ce centre de tri appartenant \u00e0 la Syctom &#8211; injoignable dans l\u2019imm\u00e9diat &#8211; pr\u00e9pare au recyclage les d\u00e9chets de plus de 900.000 habitants. Quinze tonnes de d\u00e9chets y sont tri\u00e9es \u00e0 l\u2019heure.<\/p>\n<p class=\"fig-paragraph\">Un \u00e9pais panache de fum\u00e9e noire s\u2019\u00e9levait encore du site pr\u00e8s de deux heures apr\u00e8s les faits. La fum\u00e9e \u00e9tait visible depuis de nombreux quartiers parisiens, mais \u00e9galement depuis plusieurs villes des Hauts-de-Seine, dont Colombes et\u00a0<a href=\"https:\/\/www.lefigaro.fr\/actualite-france\/2017\/09\/14\/01016-20170914ARTFIG00329-de-nice-a-levallois-perret-six-attaques-contre-sentinelle-depuis-2015.php\" data-fig-type=\"Article\" data-gtm-custom-categorie=\"navigation\" data-gtm-custom-action=\"crossclick\" data-gtm-custom-label=\"Contextuel\" data-gtm-event=\"customEventSPE\" data-fig-domain=\"LEFIGARO\" rel=\"nofollow noopener\" target=\"_blank\">Levallois-Perret<\/a>, a-t-on pu constater. Pour l\u2019heure, aucune information n\u2019a filtr\u00e9 quant \u00e0 l\u2019origine de l\u2019incendie.<\/p>\n<p class=\"fig-paragraph\">Le feu, impressionnant et qui a endommag\u00e9 au moins une partie du b\u00e2timent, a attir\u00e9 des dizaines de badauds venus filmer la sc\u00e8ne. D\u2019apr\u00e8s nos informations, la circulation a \u00e9t\u00e9 interrompue aux abords du b\u00e2timent et la sortie Porte de Clichy du p\u00e9riph\u00e9rique int\u00e9rieur a \u00e9t\u00e9 ferm\u00e9e. Les pompiers, mobilis\u00e9s en nombre &#8211; plus de 200 \u00e0 21h30 -, ont appel\u00e9 \u00e0 \u00e9viter le secteur.<\/p>\n<p>\u00a0\u00bb<br \/>\n        data-script=\u00a0\u00bbhttps:\/\/static.lefigaro.fr\/widget-video\/short-ttl\/video\/index.js\u00a0\u00bb<br \/>\n    &gt;<\/p>\n","protected":false},"excerpt":{"rendered":"L&rsquo;incendie dans le 17e arrondissement de Paris Acc\u00e9der au diaporama (9) Le feu, impressionnant et qui endommag\u00e9 au&hellip;\n","protected":false},"author":2,"featured_media":11382,"comment_status":"","ping_status":"","sticky":false,"template":"","format":"standard","meta":{"footnotes":""},"categories":[1888],"tags":[1111,1928,47,1058,1054,1059,1060,1055,11,1927,1057,1777,674,118,1011,27,1061,1310,303,12,1926,626,1925,1062,25,656,104,1056,809],"class_list":{"0":"post-11381","1":"post","2":"type-post","3":"status-publish","4":"format-standard","5":"has-post-thumbnail","7":"category-paris","8":"tag-actu","9":"tag-actu-paris","10":"tag-actualite","11":"tag-actualite-education","12":"tag-actualite-france","13":"tag-actualite-justice","14":"tag-actualite-securite","15":"tag-actualite-societe","16":"tag-actualites","17":"tag-actualites-paris","18":"tag-education","19":"tag-eu","20":"tag-europe","21":"tag-faits-divers","22":"tag-fr","23":"tag-france","24":"tag-immigration","25":"tag-incendie","26":"tag-justice","27":"tag-news","28":"tag-news-paris","29":"tag-paris","30":"tag-paris-news","31":"tag-polemique","32":"tag-republique-francaise","33":"tag-securite","34":"tag-societe","35":"tag-societe-francaise","36":"tag-violence"},"share_on_mastodon":{"url":"https:\/\/pubeurope.com\/@fr\/114305013123171580","error":""},"_links":{"self":[{"href":"https:\/\/www.europesays.com\/fr\/wp-json\/wp\/v2\/posts\/11381","targetHints":{"allow":["GET"]}}],"collection":[{"href":"https:\/\/www.europesays.com\/fr\/wp-json\/wp\/v2\/posts"}],"about":[{"href":"https:\/\/www.europesays.com\/fr\/wp-json\/wp\/v2\/types\/post"}],"author":[{"embeddable":true,"href":"https:\/\/www.europesays.com\/fr\/wp-json\/wp\/v2\/users\/2"}],"replies":[{"embeddable":true,"href":"https:\/\/www.europesays.com\/fr\/wp-json\/wp\/v2\/comments?post=11381"}],"version-history":[{"count":0,"href":"https:\/\/www.europesays.com\/fr\/wp-json\/wp\/v2\/posts\/11381\/revisions"}],"wp:featuredmedia":[{"embeddable":true,"href":"https:\/\/www.europesays.com\/fr\/wp-json\/wp\/v2\/media\/11382"}],"wp:attachment":[{"href":"https:\/\/www.europesays.com\/fr\/wp-json\/wp\/v2\/media?parent=11381"}],"wp:term":[{"taxonomy":"category","embeddable":true,"href":"https:\/\/www.europesays.com\/fr\/wp-json\/wp\/v2\/categories?post=11381"},{"taxonomy":"post_tag","embeddable":true,"href":"https:\/\/www.europesays.com\/fr\/wp-json\/wp\/v2\/tags?post=11381"}],"curies":[{"name":"wp","href":"https:\/\/api.w.org\/{rel}","templated":true}]}}