{"id":113815,"date":"2025-05-20T08:00:30","date_gmt":"2025-05-20T08:00:30","guid":{"rendered":"https:\/\/www.europesays.com\/fr\/113815\/"},"modified":"2025-05-20T08:00:30","modified_gmt":"2025-05-20T08:00:30","slug":"grand-est-un-couple-de-strasbourgeois-tue-dans-un-accident-de-voiture-au-bresil","status":"publish","type":"post","link":"https:\/\/www.europesays.com\/fr\/113815\/","title":{"rendered":"Grand Est. Un couple de Strasbourgeois tu\u00e9 dans un accident de voiture au Br\u00e9sil"},"content":{"rendered":"<p>Selon des m\u00e9dias br\u00e9siliens, un couple de touristes strasbourgeois et leur chauffeur ont trouv\u00e9 la mort ce samedi 17\u00a0mai, dans un accident dans la r\u00e9gion de la commune d\u2019Humberto de Campos, dans le Maranh\u00e3o (nord-est du Br\u00e9sil). Dominique G\u00e9rard, 65 ans, et Nathalie Fleurette, 55 ans, venaient d\u2019assister au mariage de leur fils qui vit \u00e0 Rio de Janeiro.<\/p>\n<p>Selon la police f\u00e9d\u00e9rale de la route locale, l\u2019accident s\u2019est produit apr\u00e8s que l\u2019une des roues du pick-up s\u2019est d\u00e9tach\u00e9e. Le chauffeur &#8211; op\u00e9rateur touristique du Maranh\u00e3o, \u00e2g\u00e9 de 33 ans -, a perdu le contr\u00f4le. Le v\u00e9hicule a alors quitt\u00e9 la route et est tomb\u00e9 dans une zone inond\u00e9e sur le bord de l\u2019autoroute, se retrouvant partiellement submerg\u00e9. Des t\u00e9moins ont tent\u00e9 de porter secours aux victimes, en vain.<\/p>\n","protected":false},"excerpt":{"rendered":"Selon des m\u00e9dias br\u00e9siliens, un couple de touristes strasbourgeois et leur chauffeur ont trouv\u00e9 la mort ce samedi&hellip;\n","protected":false},"author":2,"featured_media":113816,"comment_status":"","ping_status":"","sticky":false,"template":"","format":"standard","meta":{"footnotes":""},"categories":[2820],"tags":[119,1111,11,5598,1777,674,274,107,1011,27,775,6212,6213,5599,12,3456,25,640],"class_list":{"0":"post-113815","1":"post","2":"type-post","3":"status-publish","4":"format-standard","5":"has-post-thumbnail","7":"category-strasbourg","8":"tag-accident","9":"tag-actu","10":"tag-actualites","11":"tag-edition-metz-et-agglomeration","12":"tag-eu","13":"tag-europe","14":"tag-faits-divers-justice","15":"tag-fil-info","16":"tag-fr","17":"tag-france","18":"tag-grand-est","19":"tag-metz","20":"tag-metz-ville-57b","21":"tag-moselle","22":"tag-news","23":"tag-region-lorraine","24":"tag-republique-francaise","25":"tag-strasbourg"},"share_on_mastodon":{"url":"https:\/\/pubeurope.com\/@fr\/114539110322233872","error":""},"_links":{"self":[{"href":"https:\/\/www.europesays.com\/fr\/wp-json\/wp\/v2\/posts\/113815","targetHints":{"allow":["GET"]}}],"collection":[{"href":"https:\/\/www.europesays.com\/fr\/wp-json\/wp\/v2\/posts"}],"about":[{"href":"https:\/\/www.europesays.com\/fr\/wp-json\/wp\/v2\/types\/post"}],"author":[{"embeddable":true,"href":"https:\/\/www.europesays.com\/fr\/wp-json\/wp\/v2\/users\/2"}],"replies":[{"embeddable":true,"href":"https:\/\/www.europesays.com\/fr\/wp-json\/wp\/v2\/comments?post=113815"}],"version-history":[{"count":0,"href":"https:\/\/www.europesays.com\/fr\/wp-json\/wp\/v2\/posts\/113815\/revisions"}],"wp:featuredmedia":[{"embeddable":true,"href":"https:\/\/www.europesays.com\/fr\/wp-json\/wp\/v2\/media\/113816"}],"wp:attachment":[{"href":"https:\/\/www.europesays.com\/fr\/wp-json\/wp\/v2\/media?parent=113815"}],"wp:term":[{"taxonomy":"category","embeddable":true,"href":"https:\/\/www.europesays.com\/fr\/wp-json\/wp\/v2\/categories?post=113815"},{"taxonomy":"post_tag","embeddable":true,"href":"https:\/\/www.europesays.com\/fr\/wp-json\/wp\/v2\/tags?post=113815"}],"curies":[{"name":"wp","href":"https:\/\/api.w.org\/{rel}","templated":true}]}}