{"id":113817,"date":"2025-05-20T08:01:29","date_gmt":"2025-05-20T08:01:29","guid":{"rendered":"https:\/\/www.europesays.com\/fr\/113817\/"},"modified":"2025-05-20T08:01:29","modified_gmt":"2025-05-20T08:01:29","slug":"loffice-du-tourisme-emmenagera-a-la-poste","status":"publish","type":"post","link":"https:\/\/www.europesays.com\/fr\/113817\/","title":{"rendered":"L\u2019Office du tourisme emm\u00e9nagera \u00e0 la Poste"},"content":{"rendered":"<p class=\"st-surtitre\">\n            Sur la place de la Cath\u00e9drale, un nouveau Welcome center accueillera les touristes, les professionnels du secteur ainsi que les visiteurs locaux, dans l\u2019espace occup\u00e9 par la Poste jusqu\u2019en 2022.\n        <\/p>\n<p><img decoding=\"async\" alt=\"\" data-fileentryid=\"534878283\" src=\"https:\/\/www.europesays.com\/fr\/wp-content\/uploads\/2025\/05\/welcome_center_interieure-jpg.jpeg\" style=\"margin:10px; float:left\"\/>\u00a0<br \/>Depuis que la Poste a ferm\u00e9 son agence de la place de Cath\u00e9drale en 2022, pour recentrer son activit\u00e9 de centre-ville sur le bureau situ\u00e9 rue du 22-Novembre, cet l\u2019espace qu\u2019elle occupait est rest\u00e9 ferm\u00e9 n\u2019a pas rouvert au public. Inclus Int\u00e9gr\u00e9 dans un b\u00e2timent appartenant \u00e0 la Ville de Strasbourg, au coeur du centre touristique et dans le p\u00e9rim\u00e8tre du plan de sauvegarde et de mise en valeur (PSMV) du patrimoine historique de Strasbourg, ce local ne demandait qu\u2019\u00e0 \u00eatre valoris\u00e9.<br \/>Ce sera chose faite d\u2019ici 2027, puisqu\u2019il accueillera les touristes de loisirs ou d\u2019affaires comme le public local au sein d\u2019un Welcome center rassemblant les fonctions de <a href=\"https:\/\/www.visitstrasbourg.fr\" rel=\"nofollow noopener\" target=\"_blank\">l\u2019Office eurom\u00e9tropolitain du tourisme, des loisirs et des congr\u00e8s<\/a> (n\u00e9 en 2024 de l\u2019association entre l\u2019Office du tourisme et Strasbourg Convention bureau) et de la Boutique culture. Ce b\u00e2timent construit entre 1857 et 1861,\u00a0 organis\u00e9 autour d\u2019une petite cour int\u00e9rieure rectangulaire, abrite aussi <a href=\"https:\/\/5elieu.strasbourg.eu\" rel=\"nofollow noopener\" target=\"_blank\">le 5e Lieu<\/a>, dont l\u2019entr\u00e9e se fait actuellement par la place du Ch\u00e2teau.<\/p>\n<p>Un lien fluide avec le 5e Lieu<\/p>\n<p>\u00ab\u00a0Les espaces seront r\u00e9organis\u00e9s de mani\u00e8re \u00e0 fluidifier le passage entre le Welcome center et le 5e Lieu\u00a0\u00bb, annonce Jo\u00ebl Steffen, adjoint \u00e0 la maire charg\u00e9 du tourisme. Les courbes du futur mobilier, ainsi qu\u2019une lecture de l\u2019espace facilit\u00e9e par le bois comme fil rouge et des teintes diff\u00e9rentes pour s\u00e9quencer le cheminement inviteront les visiteurs \u00e0 poursuivre leur parcours. \u00ab\u00a0Cet espace mus\u00e9al gratuit propose une plong\u00e9e dans l\u2019histoire et l\u2019architecture de Strasbourg: il peut donc apporter des compl\u00e9ments aux informations donn\u00e9es au comptoir d\u2019accueil ou int\u00e9resser des locaux curieux de mieux comprendre le patrimoine de la ville\u00a0\u00bb, poursuit l\u2019\u00e9lu.<br \/>Le parcours du 5e Lieu, install\u00e9 depuis un peu plus de cinq ans au 1er \u00e9tage, sera laiss\u00e9 intact, mais une salle consacr\u00e9e \u00e0 l\u2019Eurom\u00e9tropole sera ajout\u00e9e. Les autres \u00e9tages, en revanche, seront r\u00e9investis pour y installer \u00e0 la fois les \u00e9quipes de l\u2019Office eurom\u00e9tropolitain du tourisme, des loisirs et des congr\u00e8\u00e9s, mais aussi des salles de r\u00e9union ou de r\u00e9ception, ainsi que les bureaux des \u00e9quipes des Mus\u00e9es de la Ville de Strasbourg \u2014 aujourd\u2019hui r\u00e9parties entre le Palais Rohan et d\u2019autres adresses en centre-ville. Actuellement situ\u00e9 au 4e ( ?) niveau du b\u00e2timent, Le Cabinet des Estampes, sera, quant \u00e0 lui, relocalis\u00e9 temporairement \u00e0 la Coop en attendant de trouver sa place d\u00e9finitive au sein du Palais Rohan d\u2019ici quelques ann\u00e9es.<\/p>\n<p>Pr\u00e9servation patrimoniale<\/p>\n<p>Les travaux, qui incluent une mise en accessibilit\u00e9 et une r\u00e9novation thermique, d\u00e9marreront \u00e0 la rentr\u00e9e 2025. Le 5e Lieu fermera ses portes quelques mois, entre f\u00e9vrier et mai 2026, et l\u2019\u00e9quipement complet ouvrira au public fin 2027. Un budget de 5 millions d\u2019euros est pr\u00e9vu. \u00ab\u00a0Ce chantier s\u2019inscrit dans notre volont\u00e9 de pr\u00e9server et de mettre en valeur le patrimoine b\u00e2ti de la Ville de Strasbourg, remarque Syamak Agha Babaei, le premier adjoint. Le r\u00e9am\u00e9nagement du b\u00e2timent du cin\u00e9ma Star Saint-Exup\u00e9ry, la reprise de la toiture du mus\u00e9e alsacien ou encore la transformation de l\u2019Op\u00e9ra sont autant d\u2019autres op\u00e9rations qu\u2019il fallait engager de longue date et que nous lan\u00e7ons.\u00a0\u00bb<\/p>\n<p>Lisette Gries<br \/>Photos: J\u00e9r\u00f4me Dorkel; vues d&rsquo;artistes: ABK Architectes<\/p>\n<p>\u00a0<\/p>\n","protected":false},"excerpt":{"rendered":"Sur la place de la Cath\u00e9drale, un nouveau Welcome center accueillera les touristes, les professionnels du secteur ainsi&hellip;\n","protected":false},"author":2,"featured_media":113818,"comment_status":"","ping_status":"","sticky":false,"template":"","format":"standard","meta":{"footnotes":""},"categories":[2820],"tags":[1111,11,251,33,1777,674,1011,27,775,12,25,640,2086],"class_list":{"0":"post-113817","1":"post","2":"type-post","3":"status-publish","4":"format-standard","5":"has-post-thumbnail","7":"category-strasbourg","8":"tag-actu","9":"tag-actualites","10":"tag-culture","11":"tag-economie","12":"tag-eu","13":"tag-europe","14":"tag-fr","15":"tag-france","16":"tag-grand-est","17":"tag-news","18":"tag-republique-francaise","19":"tag-strasbourg","20":"tag-travaux"},"share_on_mastodon":{"url":"https:\/\/pubeurope.com\/@fr\/114539114278848895","error":""},"_links":{"self":[{"href":"https:\/\/www.europesays.com\/fr\/wp-json\/wp\/v2\/posts\/113817","targetHints":{"allow":["GET"]}}],"collection":[{"href":"https:\/\/www.europesays.com\/fr\/wp-json\/wp\/v2\/posts"}],"about":[{"href":"https:\/\/www.europesays.com\/fr\/wp-json\/wp\/v2\/types\/post"}],"author":[{"embeddable":true,"href":"https:\/\/www.europesays.com\/fr\/wp-json\/wp\/v2\/users\/2"}],"replies":[{"embeddable":true,"href":"https:\/\/www.europesays.com\/fr\/wp-json\/wp\/v2\/comments?post=113817"}],"version-history":[{"count":0,"href":"https:\/\/www.europesays.com\/fr\/wp-json\/wp\/v2\/posts\/113817\/revisions"}],"wp:featuredmedia":[{"embeddable":true,"href":"https:\/\/www.europesays.com\/fr\/wp-json\/wp\/v2\/media\/113818"}],"wp:attachment":[{"href":"https:\/\/www.europesays.com\/fr\/wp-json\/wp\/v2\/media?parent=113817"}],"wp:term":[{"taxonomy":"category","embeddable":true,"href":"https:\/\/www.europesays.com\/fr\/wp-json\/wp\/v2\/categories?post=113817"},{"taxonomy":"post_tag","embeddable":true,"href":"https:\/\/www.europesays.com\/fr\/wp-json\/wp\/v2\/tags?post=113817"}],"curies":[{"name":"wp","href":"https:\/\/api.w.org\/{rel}","templated":true}]}}