{"id":113821,"date":"2025-05-20T08:03:08","date_gmt":"2025-05-20T08:03:08","guid":{"rendered":"https:\/\/www.europesays.com\/fr\/113821\/"},"modified":"2025-05-20T08:03:08","modified_gmt":"2025-05-20T08:03:08","slug":"pedro-pascal-vole-jusqua-nice-en-eco-comme-tout-le-monde","status":"publish","type":"post","link":"https:\/\/www.europesays.com\/fr\/113821\/","title":{"rendered":"Pedro Pascal vole jusqu&rsquo;\u00e0 Nice en \u00e9co, comme tout le monde"},"content":{"rendered":"<p>            Par<br \/>\n        <strong><br \/>\n            <a href=\"https:\/\/actu.fr\/auteur\/fabien-binacchi\" title=\"Consulter tous les articles de Fabien Binacchi\" target=\"_blank\" rel=\"noopener\">Fabien Binacchi<\/a><br \/>\n        <\/strong><\/p>\n<p>        Publi\u00e9 le<\/p>\n<p>            20 mai 2025 \u00e0 9h53        <\/p>\n<p>Les stars ne voyagent pas toutes en jet priv\u00e9. Et c\u2019est Pedro Pascal qui le prouve. Un r\u00e9alisateur anglais, en visite au <a href=\"https:\/\/actu.fr\/tag\/festival-de-cannes\" target=\"_blank\" rel=\"noopener\">Festival de Cannes<\/a>, a eu la surprise de prendre le m\u00eame vol Londres-<a href=\"https:\/\/actu.fr\/nice\/\" target=\"_blank\" rel=\"noopener\">Nice<\/a> que la star de <strong>The Last of us<\/strong>. En classe \u00e9co.<\/p>\n<p class=\" wall-content\">Une rencontre improbable qu\u2019il a immortalis\u00e9e dans une vid\u00e9o en forme de court m\u00e9trage hilarant et qui fait le buzz sur les r\u00e9seaux sociaux.<\/p>\n<p>Le stalker \u00e9tait en fait le stalk\u00e9<\/p>\n<p class=\" wall-content\">Lucas Pelizaro, un r\u00e9alisateur br\u00e9silien install\u00e9 \u00e0 Londres, a pris l\u2019avion <strong>le vendredi 16 mai 2025 direction Nice,<\/strong> pour rejoindre Cannes et son festival.<\/p>\n<p class=\" wall-content\">Sauf qu\u2019avant m\u00eame de monter \u00e0 bord de l\u2019avion British airways, il a eu la troublante impression <strong>d\u2019\u00eatre espionn\u00e9, \u00ab\u2009stalk\u00e9\u2009\u00bb par un autre passager.<\/strong> Une expression anglaise qui peut se traduire par \u00ab\u2009traque furtive\u2009\u00bb en fran\u00e7ais.<\/p>\n<p class=\" wall-content\"><a href=\"https:\/\/www.instagram.com\/p\/DJvydCmCHy0\/embed\" title=\"Ouvrir le lien sur Instagram\" target=\"_blank\" rel=\"noopener\">Visualiser le contenu sur Instagram<\/a><\/p>\n<p class=\" wall-content\">\u00ab\u2009Il essayait d\u2019avoir l\u2019air normal mais j\u2019ai vu ses regards de c\u00f4t\u00e9\u2009\u00bb, raconte la victime dans une vid\u00e9o <strong>vue des centaines de milliers de fois sur Instagram et TikTok.<\/strong> Toujours le m\u00eame homme\u2009: \u00e0 quelques si\u00e8ges de lui dans l\u2019appareil, \u00e0 l\u2019int\u00e9rieur du m\u00eame bus pour rejoindre le terminal de l\u2019a\u00e9roport de Nice et, finalement, sur le m\u00eame tapis rouge.<\/p>\n<p>Vid\u00e9os : en ce moment sur ActuLe stalker \u00e9tait en fait le stalk\u00e9<\/p>\n<p class=\" wall-content\">Vous l\u2019avez compris\u2009: le stalker \u00e9tait en fait le stalk\u00e9. Voir Pedro Pascal emprunter en toute d\u00e9contraction le m\u00eame Londres-Nice que lui sur une ligne r\u00e9guli\u00e8re, en classe \u00e9conomique de surcro\u00eet et sans protection particuli\u00e8re, a donn\u00e9 la brillante id\u00e9e de ce tout <strong>petit film horrifique (mais surtout hilarant)<\/strong> \u00e0 Lucas Pelizaro.<\/p>\n<p class=\" wall-content\">Tout y est\u2009: ralenti, musiques angoissantes et suspense.<\/p>\n<p>En lice pour la Palme d\u2019or<\/p>\n<p class=\" wall-content\">Un sc\u00e9nario qui s\u2019est poursuivi jusqu\u2019au d\u00e9nouement, directement sur les si\u00e8ges du Grand auditorium, au Palais des festivals de Cannes, o\u00f9 Lucas Pelizaro \u00e9tait encore observ\u00e9 par le m\u00eame homme. <strong>Toujours pour de faux,<\/strong> hein, vous suivez\u2009?<\/p>\n<p class=\" wall-content\">Il \u00e9tait invit\u00e9 \u00e0 la projection officielle du film dans lequel Pedro Pascal tient l\u2019un des r\u00f4les principaux, aux c\u00f4t\u00e9s d\u2019Emma Stone et Joaquin Ph\u0153nix entre autres. R\u00e9alis\u00e9 par Ari Aster, le nouveau ma\u00eetre de l\u2019horreur \u00e0 Hollywood qui a sans doute inspir\u00e9 Lucas Pelizaro, <strong>Eddington est en lice pour la Palme d\u2019or.<\/strong><\/p>\n<p class=\" wall-content\">L\u2019histoire ne dit pas, en revanche, comment Pedro Pascal est reparti. Le patron du festival Thierry Fr\u00e9maux a donn\u00e9 la r\u00e9ponse \u00e0 l\u2019occasion d\u2019<a href=\"https:\/\/actu.fr\/provence-alpes-cote-d-azur\/cannes_06029\/non-a-un-enieme-musee-a-paris-cannes-lance-son-temple-du-festival-et-du-cinema_62657060.html\" target=\"_blank\" rel=\"noopener\">une conf\u00e9rence de presse avec le maire de Cannes.<\/a> <strong>\u00ab\u2009Nos vedettes voyagent toutes en avion de ligne\u2009\u00bb<\/strong>, assure-t-il.<\/p>\n<p class=\" wall-content\">Suivez toute l\u2019actualit\u00e9 de vos villes et m\u00e9dias favoris en vous inscrivant \u00e0 <a href=\"https:\/\/moncompte.actu.fr\" title=\"D\u00e9couvez Mon Actu\" rel=\"nofollow noopener\" data-trk=\"{&quot;cta&quot;:{&quot;action&quot;:&quot;https:\\\/\\\/moncompte.actu.fr&quot;,&quot;category&quot;:&quot;mon compte&quot;,&quot;from&quot;:&quot;article footer&quot;,&quot;name&quot;:&quot;Mon actu&quot;,&quot;type&quot;:&quot;cta&quot;}}\" target=\"_blank\">Mon Actu<\/a>.<\/p>\n<ul class=\"ac-article-tag wall-content\">\n<li><a href=\"https:\/\/actu.fr\/tag\/festival-de-cannes\" data-trk=\"{&quot;cta&quot;:{&quot;action&quot;:&quot;Festival de Cannes&quot;,&quot;category&quot;:&quot;tag&quot;,&quot;from&quot;:&quot;article footer&quot;,&quot;name&quot;:&quot;Festival de Cannes&quot;,&quot;type&quot;:&quot;cta&quot;}}\" target=\"_blank\" rel=\"noopener\">#Festival de Cannes<\/a><\/li>\n<li><a href=\"https:\/\/actu.fr\/tag\/nice-cote-dazur\" data-trk=\"{&quot;cta&quot;:{&quot;action&quot;:&quot;Nice C\\u00f4te d&#039;Azur&quot;,&quot;category&quot;:&quot;tag&quot;,&quot;from&quot;:&quot;article footer&quot;,&quot;name&quot;:&quot;Nice C\\u00f4te d&#039;Azur&quot;,&quot;type&quot;:&quot;cta&quot;}}\" target=\"_blank\" rel=\"noopener\">#Nice C\u00f4te d&rsquo;Azur<\/a><\/li>\n<\/ul>\n<p>                    <script async src=\"\/\/www.instagram.com\/embed.js\"><\/script><\/p>\n","protected":false},"excerpt":{"rendered":"Par Fabien Binacchi Publi\u00e9 le 20 mai 2025 \u00e0 9h53 Les stars ne voyagent pas toutes en jet&hellip;\n","protected":false},"author":2,"featured_media":113822,"comment_status":"","ping_status":"","sticky":false,"template":"","format":"standard","meta":{"footnotes":""},"categories":[2819],"tags":[1111,11,1777,674,5634,1011,27,1757,12,2401,2897,882,25],"class_list":{"0":"post-113821","1":"post","2":"type-post","3":"status-publish","4":"format-standard","5":"has-post-thumbnail","7":"category-nice","8":"tag-actu","9":"tag-actualites","10":"tag-eu","11":"tag-europe","12":"tag-festival-de-cannes","13":"tag-fr","14":"tag-france","15":"tag-insolite","16":"tag-news","17":"tag-nice","18":"tag-nice-cote-dazur","19":"tag-provence-alpes-cote-dazur","20":"tag-republique-francaise"},"share_on_mastodon":{"url":"https:\/\/pubeurope.com\/@fr\/114539122180618517","error":""},"_links":{"self":[{"href":"https:\/\/www.europesays.com\/fr\/wp-json\/wp\/v2\/posts\/113821","targetHints":{"allow":["GET"]}}],"collection":[{"href":"https:\/\/www.europesays.com\/fr\/wp-json\/wp\/v2\/posts"}],"about":[{"href":"https:\/\/www.europesays.com\/fr\/wp-json\/wp\/v2\/types\/post"}],"author":[{"embeddable":true,"href":"https:\/\/www.europesays.com\/fr\/wp-json\/wp\/v2\/users\/2"}],"replies":[{"embeddable":true,"href":"https:\/\/www.europesays.com\/fr\/wp-json\/wp\/v2\/comments?post=113821"}],"version-history":[{"count":0,"href":"https:\/\/www.europesays.com\/fr\/wp-json\/wp\/v2\/posts\/113821\/revisions"}],"wp:featuredmedia":[{"embeddable":true,"href":"https:\/\/www.europesays.com\/fr\/wp-json\/wp\/v2\/media\/113822"}],"wp:attachment":[{"href":"https:\/\/www.europesays.com\/fr\/wp-json\/wp\/v2\/media?parent=113821"}],"wp:term":[{"taxonomy":"category","embeddable":true,"href":"https:\/\/www.europesays.com\/fr\/wp-json\/wp\/v2\/categories?post=113821"},{"taxonomy":"post_tag","embeddable":true,"href":"https:\/\/www.europesays.com\/fr\/wp-json\/wp\/v2\/tags?post=113821"}],"curies":[{"name":"wp","href":"https:\/\/api.w.org\/{rel}","templated":true}]}}