{"id":113825,"date":"2025-05-20T08:05:18","date_gmt":"2025-05-20T08:05:18","guid":{"rendered":"https:\/\/www.europesays.com\/fr\/113825\/"},"modified":"2025-05-20T08:05:18","modified_gmt":"2025-05-20T08:05:18","slug":"football-lentraineur-du-fc-nantes-antoine-kombouare-limoge-apres-une-saison-compliquee","status":"publish","type":"post","link":"https:\/\/www.europesays.com\/fr\/113825\/","title":{"rendered":"Football. L&rsquo;entra\u00eeneur du FC Nantes, Antoine Kombouar\u00e9, limog\u00e9 apr\u00e8s une saison compliqu\u00e9e"},"content":{"rendered":"<p>C&rsquo;\u00e9tait pr\u00e9ssenti. L&rsquo;entra\u00eeneur du FC Nantes, Antoine Kombouar\u00e9, a \u00e9t\u00e9 d\u00e9mis mardi de ses fonctions, a indiqu\u00e9 \u00e0 l&rsquo;AFP, confirmant une information de <a href=\"https:\/\/www.lequipe.fr\/Football\/Actualites\/Apres-une-saison-galere-nantes-se-separe-de-son-entraineur-antoine-kombouare\/1563234\" target=\"_blank\" rel=\"nofollow noopener\">l&rsquo;Equipe<\/a>.<\/p>\n<p>Kombouar\u00e9 est parvenu \u00e0 maintenir le club en Ligue 1 \u00e0 l&rsquo;issue de la derni\u00e8re journ\u00e9e samedi, mais la direction nantaise a pr\u00e9f\u00e9r\u00e9 r\u00e9siller l&rsquo;ann\u00e9e de contrat qu&rsquo;il lui restait.<\/p>\n<p>Ag\u00e9 de 61 ans, le coach originaire de Nouvelle-Cal\u00e9donie avait sauv\u00e9 de justesse sa place cet hiver, le club ayant eu du mal \u00e0 lui trouver un rempla\u00e7ant, moyennant une refonte partielle de son staff. <\/p>\n<p>Son successeur n&rsquo;est pas encore connu<\/p>\n<p>Mais il \u00e9tait en sursis depuis et la faiblesse du jeu pratiqu\u00e9 par son \u00e9quipe, malgr\u00e9 quelques coups d&rsquo;\u00e9clats comme une victoire \u00e0 Nice ou un nul contre le Paris SG en avril, l&rsquo;avait rendu tr\u00e8s impopulaire, m\u00eame aupr\u00e8s des supporters qui l&rsquo;ont longtemps d\u00e9fendu. <\/p>\n<p>Et si Nantes a fini 13e, il a trembl\u00e9 jusqu&rsquo;au bout, pour la quatri\u00e8me fois sur les cinq derni\u00e8res saisons. Le nom du successeur de Kombouar\u00e9, qui avait fait son retour sur le banc du FCN en mars 2024, n&rsquo;est pas encore connu.<\/p>\n","protected":false},"excerpt":{"rendered":"C&rsquo;\u00e9tait pr\u00e9ssenti. L&rsquo;entra\u00eeneur du FC Nantes, Antoine Kombouar\u00e9, a \u00e9t\u00e9 d\u00e9mis mardi de ses fonctions, a indiqu\u00e9 \u00e0&hellip;\n","protected":false},"author":2,"featured_media":113826,"comment_status":"","ping_status":"","sticky":false,"template":"","format":"standard","meta":{"footnotes":""},"categories":[2818],"tags":[1111,11,1777,674,107,63,1011,27,329,766,12,2636,25,517,1947],"class_list":{"0":"post-113825","1":"post","2":"type-post","3":"status-publish","4":"format-standard","5":"has-post-thumbnail","7":"category-nantes","8":"tag-actu","9":"tag-actualites","10":"tag-eu","11":"tag-europe","12":"tag-fil-info","13":"tag-football","14":"tag-fr","15":"tag-france","16":"tag-france-monde","17":"tag-nantes","18":"tag-news","19":"tag-pays-de-la-loire","20":"tag-republique-francaise","21":"tag-sport","22":"tag-sport-national"},"share_on_mastodon":{"url":"https:\/\/pubeurope.com\/@fr\/114539131201174706","error":""},"_links":{"self":[{"href":"https:\/\/www.europesays.com\/fr\/wp-json\/wp\/v2\/posts\/113825","targetHints":{"allow":["GET"]}}],"collection":[{"href":"https:\/\/www.europesays.com\/fr\/wp-json\/wp\/v2\/posts"}],"about":[{"href":"https:\/\/www.europesays.com\/fr\/wp-json\/wp\/v2\/types\/post"}],"author":[{"embeddable":true,"href":"https:\/\/www.europesays.com\/fr\/wp-json\/wp\/v2\/users\/2"}],"replies":[{"embeddable":true,"href":"https:\/\/www.europesays.com\/fr\/wp-json\/wp\/v2\/comments?post=113825"}],"version-history":[{"count":0,"href":"https:\/\/www.europesays.com\/fr\/wp-json\/wp\/v2\/posts\/113825\/revisions"}],"wp:featuredmedia":[{"embeddable":true,"href":"https:\/\/www.europesays.com\/fr\/wp-json\/wp\/v2\/media\/113826"}],"wp:attachment":[{"href":"https:\/\/www.europesays.com\/fr\/wp-json\/wp\/v2\/media?parent=113825"}],"wp:term":[{"taxonomy":"category","embeddable":true,"href":"https:\/\/www.europesays.com\/fr\/wp-json\/wp\/v2\/categories?post=113825"},{"taxonomy":"post_tag","embeddable":true,"href":"https:\/\/www.europesays.com\/fr\/wp-json\/wp\/v2\/tags?post=113825"}],"curies":[{"name":"wp","href":"https:\/\/api.w.org\/{rel}","templated":true}]}}