{"id":113829,"date":"2025-05-20T08:07:17","date_gmt":"2025-05-20T08:07:17","guid":{"rendered":"https:\/\/www.europesays.com\/fr\/113829\/"},"modified":"2025-05-20T08:07:17","modified_gmt":"2025-05-20T08:07:17","slug":"depuis-bordeaux-les-trains-vers-toulouse-et-marseille-sont-tous-annules-a-cause-des-orages","status":"publish","type":"post","link":"https:\/\/www.europesays.com\/fr\/113829\/","title":{"rendered":"Depuis Bordeaux, les trains vers Toulouse et Marseille sont tous annul\u00e9s \u00e0 cause des orages"},"content":{"rendered":"<p>            Par<br \/>\n        <strong><br \/>\n            <a href=\"https:\/\/actu.fr\/auteur\/anaelle-montagne\" title=\"Consulter tous les articles de Anaelle Montagne\" rel=\"nofollow noopener\" target=\"_blank\">Anaelle Montagne<\/a><br \/>\n        <\/strong><\/p>\n<p>        Publi\u00e9 le<\/p>\n<p>            20 mai 2025 \u00e0 9h41        <\/p>\n<p>Ce mardi 20 mai, <strong>aucun train ne circule<\/strong> sur les lignes qui relient Bordeaux \u00e0 <a href=\"https:\/\/actu.fr\/toulouse\/\" rel=\"nofollow noopener\" target=\"_blank\">Toulouse<\/a> et Marseille. En cause ? <a href=\"https:\/\/actu.fr\/occitanie\/toulouse_31555\/un-orage-supercellulaire-touche-le-sud-ouest-de-toulouse-des-grelons-de-6-a-7-centimetres_62656841.html\" rel=\"nofollow noopener\" target=\"_blank\">Les fortes intemp\u00e9ries<\/a> qui ont touch\u00e9 le sud-ouest du pays, ce lundi 19 mai. Les pr\u00e9cipitations ont <strong>endommag\u00e9 une voie ferr\u00e9e \u00e0 Tonneins<\/strong>, sur la ligne qui relie la capitale girondine \u00e0 la ville rose.\u00a0<\/p>\n<p class=\" wall-content\">En bref, <a href=\"https:\/\/actu.fr\/nouvelle-aquitaine\/tonneins_47310\/les-orages-font-dimportants-degats-en-lot-et-garonne-la-ville-de-tonneins-principalement-touchee_62659160.html\" rel=\"nofollow noopener\" target=\"_blank\">comme l\u2019expliquent nos confr\u00e8res du R\u00e9publicain Lot-et-Garonne<\/a>, les inondations ont provoqu\u00e9 le creusement du lit de graviers sur lequel repose la voie, cr\u00e9ant <strong>un trou de deux m\u00e8tres sous les rails<\/strong>.\u00a0<\/p>\n<p>Des impacts sur plusieurs lignes<\/p>\n<p class=\" wall-content\">La ligne est donc coup\u00e9e ce mardi et <strong>pendant \u00ab\u00a0au moins plusieurs jours\u00a0\u00bb<\/strong> entre Marmande et Montauban. Cela signifie que les trains reliant Bordeaux \u00e0 <strong>Marseille<\/strong> ne circulent plus non plus, \u00ab\u00a0jusqu\u2019\u00e0 nouvel ordre\u00a0\u00bb.\u00a0<\/p>\n<p class=\" wall-content\">\n<p class=\" wall-content\">Les solutions de repli pour le trajet Bordeaux \u2013 Toulouse sont \u00e9galement rares : tous les Flixbus et sont complets, ainsi que les covoiturages sur Blablacar. Reste un Blablabus, \u00e0 50 euros l\u2019aller.<\/p>\n<p class=\" wall-content\">Suivez toute l\u2019actualit\u00e9 de vos villes et m\u00e9dias favoris en vous inscrivant \u00e0 <a href=\"https:\/\/moncompte.actu.fr\" title=\"D\u00e9couvez Mon Actu\" rel=\"nofollow noopener\" data-trk=\"{&quot;cta&quot;:{&quot;action&quot;:&quot;https:\\\/\\\/moncompte.actu.fr&quot;,&quot;category&quot;:&quot;mon compte&quot;,&quot;from&quot;:&quot;article footer&quot;,&quot;name&quot;:&quot;Mon actu&quot;,&quot;type&quot;:&quot;cta&quot;}}\" target=\"_blank\">Mon Actu<\/a>.<\/p>\n","protected":false},"excerpt":{"rendered":"Par Anaelle Montagne Publi\u00e9 le 20 mai 2025 \u00e0 9h41 Ce mardi 20 mai, aucun train ne circule&hellip;\n","protected":false},"author":2,"featured_media":113830,"comment_status":"","ping_status":"","sticky":false,"template":"","format":"standard","meta":{"footnotes":""},"categories":[2817],"tags":[1111,11,1997,1777,674,1011,27,2487,12,2219,25,2215],"class_list":{"0":"post-113829","1":"post","2":"type-post","3":"status-publish","4":"format-standard","5":"has-post-thumbnail","7":"category-bordeaux","8":"tag-actu","9":"tag-actualites","10":"tag-bordeaux","11":"tag-eu","12":"tag-europe","13":"tag-fr","14":"tag-france","15":"tag-meteo","16":"tag-news","17":"tag-nouvelle-aquitaine","18":"tag-republique-francaise","19":"tag-sncf"},"share_on_mastodon":{"url":"","error":""},"_links":{"self":[{"href":"https:\/\/www.europesays.com\/fr\/wp-json\/wp\/v2\/posts\/113829","targetHints":{"allow":["GET"]}}],"collection":[{"href":"https:\/\/www.europesays.com\/fr\/wp-json\/wp\/v2\/posts"}],"about":[{"href":"https:\/\/www.europesays.com\/fr\/wp-json\/wp\/v2\/types\/post"}],"author":[{"embeddable":true,"href":"https:\/\/www.europesays.com\/fr\/wp-json\/wp\/v2\/users\/2"}],"replies":[{"embeddable":true,"href":"https:\/\/www.europesays.com\/fr\/wp-json\/wp\/v2\/comments?post=113829"}],"version-history":[{"count":0,"href":"https:\/\/www.europesays.com\/fr\/wp-json\/wp\/v2\/posts\/113829\/revisions"}],"wp:featuredmedia":[{"embeddable":true,"href":"https:\/\/www.europesays.com\/fr\/wp-json\/wp\/v2\/media\/113830"}],"wp:attachment":[{"href":"https:\/\/www.europesays.com\/fr\/wp-json\/wp\/v2\/media?parent=113829"}],"wp:term":[{"taxonomy":"category","embeddable":true,"href":"https:\/\/www.europesays.com\/fr\/wp-json\/wp\/v2\/categories?post=113829"},{"taxonomy":"post_tag","embeddable":true,"href":"https:\/\/www.europesays.com\/fr\/wp-json\/wp\/v2\/tags?post=113829"}],"curies":[{"name":"wp","href":"https:\/\/api.w.org\/{rel}","templated":true}]}}