{"id":113833,"date":"2025-05-20T08:09:09","date_gmt":"2025-05-20T08:09:09","guid":{"rendered":"https:\/\/www.europesays.com\/fr\/113833\/"},"modified":"2025-05-20T08:09:09","modified_gmt":"2025-05-20T08:09:09","slug":"intemperies-dans-le-sud-ouest-un-tgv-bloque-entre-bordeaux-et-toulouse-500-passagers-evacues","status":"publish","type":"post","link":"https:\/\/www.europesays.com\/fr\/113833\/","title":{"rendered":"Intemp\u00e9ries dans le Sud-Ouest: un TGV bloqu\u00e9 entre Bordeaux et Toulouse, 500 passagers \u00e9vacu\u00e9s"},"content":{"rendered":"<p>Dans ce d\u00e9partement, les <a href=\"https:\/\/www.nicematin.com\/meteo\/ecoles-evacuees-routes-inondees-chute-d-arbre-orages-de-grele-et-fortes-pluies-dans-le-sud-ouest-de-la-france-986561\" target=\"_blank\" rel=\"noopener nofollow\">intemp\u00e9ries ont surtout touch\u00e9 le secteur de Tonneins<\/a>, o\u00f9 un effondrement de ballast sous une voie ferr\u00e9e a provoqu\u00e9 l&rsquo;interruption du trafic ferroviaire sur la ligne Bordeaux-Toulouse.<\/p>\n<p><strong>Un TGV a notamment d\u00fb s&rsquo;arr\u00eater en pleine voie dans la soir\u00e9e<\/strong>, ses <strong>507 passagers \u00e9tant \u00e9vacu\u00e9s<\/strong> dans des bus vers une salle municipale de Tonneins.<\/p>\n<p>L&rsquo;op\u00e9ration de secours, qui s&rsquo;est d\u00e9roul\u00e9e entre 23h30 et 1h du matin environ, a mobilis\u00e9 une soixantaine de personnes (pompiers, gendarmes, b\u00e9n\u00e9voles de la Croix-Rouge, etc.) selon la pr\u00e9fecture du Lot-et-Garonne.<\/p>\n<p>Bloqu\u00e9 toute la nuit<\/p>\n<p>Un train Intercit\u00e9s reliant Toulouse \u00e0 Paris est lui <strong>rest\u00e9 bloqu\u00e9 toute la nuit<\/strong> \u00e0 Agen en raison de ce m\u00eame incident.<\/p>\n<p>Ses passagers devaient revenir en bus \u00e0 Toulouse mardi matin pour prendre d&rsquo;autres trains vers Paris.<\/p>\n<p>Selon une porte-parole de la SNCF, <strong>la circulation des trains restera coup\u00e9e pendant \u00ab\u00a0au moins plusieurs jours\u00a0\u00bb <\/strong>entre Agen et Marmande, impactant ainsi le trafic des TGV entre Bordeaux et Toulouse. Des pr\u00e9cisions doivent \u00eatre apport\u00e9es dans la journ\u00e9e par la compagnie ferroviaire.<\/p>\n<p>Une autre voie ferr\u00e9e entre Toulouse et le Tarn \u00e9tait <strong>impraticable<\/strong> en d\u00e9but de matin\u00e9e mais la circulation devait \u00eatre r\u00e9tablie \u00e0 la mi-journ\u00e9e.\u00a0<\/p>\n<p>Les intemp\u00e9ries ont par ailleurs provoqu\u00e9 une chute d&rsquo;arbre dans le centre de Toulouse, l&rsquo;<strong>inondation de routes secondaires et des \u00e9vacuations d&rsquo;\u00e9coles<\/strong>. Les pompiers ont proc\u00e9d\u00e9 \u00e0 des centaines d&rsquo;interventions dans les d\u00e9partements plac\u00e9s en vigilance orange par M\u00e9t\u00e9o-France.<\/p>\n<p>\u00ab\u00a080 \u00e0 120 mm en trois heures\u00a0\u00bb<\/p>\n<p>Les cultures de la vall\u00e9e de la Garonne, d\u00e9j\u00e0 touch\u00e9 par un exc\u00e8s de pr\u00e9cipitations ces derniers mois, ont \u00e9t\u00e9 affect\u00e9es par les intemp\u00e9ries de lundi et les agriculteurs devaient faire un bilan des d\u00e9g\u00e2ts dans les prochains jours.\u00a0<\/p>\n<p>Selon le bulletin de M\u00e9t\u00e9o-France mardi matin, les cumuls de pr\u00e9cipitations ont d\u00e9pass\u00e9 <strong>100 mm<\/strong> \u00e0 Puycelsi et atteint les <strong>80 mm<\/strong> \u00e0 \u00e0 Saint-Felix-Lauragais (Haute-Garonne) ou \u00e0 Prayssas (Lot-et-Garonne), non loin de Tonneins.<\/p>\n<p>A 6h mardi matin, toutes les vigilances orange \u00e9taient lev\u00e9es dans la r\u00e9gion, selon le dernier bulletin de M\u00e9t\u00e9o-France. Seul <a href=\"https:\/\/www.varmatin.com\/meteo\/meteo-a-quoi-s-attendre-ce-mardi-20-mai-dans-le-var-986556\" target=\"_blank\" rel=\"noopener nofollow\">le Var, dans le Sud-Est, restait \u00e0 ce niveau d&rsquo;alerte pour pluie-inondation et orages, au moins jusqu&rsquo;\u00e0 12H00<\/a>.<\/p>\n<p>Dans ce d\u00e9partement, mardi matin, les orages pourraient \u00ab\u00a0produire de fortes intensit\u00e9s de pluie, de 80 \u00e0 120 mm en trois heures\u00a0\u00bb, avertissait M\u00e9t\u00e9o-France dans un bulletin pr\u00e9c\u00e9dent.<\/p>\n","protected":false},"excerpt":{"rendered":"Dans ce d\u00e9partement, les intemp\u00e9ries ont surtout touch\u00e9 le secteur de Tonneins, o\u00f9 un effondrement de ballast sous&hellip;\n","protected":false},"author":2,"featured_media":113834,"comment_status":"","ping_status":"","sticky":false,"template":"","format":"standard","meta":{"footnotes":""},"categories":[2816],"tags":[1111,11,1777,674,118,1011,27,2487,12,2680,25,2312],"class_list":{"0":"post-113833","1":"post","2":"type-post","3":"status-publish","4":"format-standard","5":"has-post-thumbnail","7":"category-toulouse","8":"tag-actu","9":"tag-actualites","10":"tag-eu","11":"tag-europe","12":"tag-faits-divers","13":"tag-fr","14":"tag-france","15":"tag-meteo","16":"tag-news","17":"tag-occitanie","18":"tag-republique-francaise","19":"tag-toulouse"},"share_on_mastodon":{"url":"https:\/\/pubeurope.com\/@fr\/114539145688784809","error":""},"_links":{"self":[{"href":"https:\/\/www.europesays.com\/fr\/wp-json\/wp\/v2\/posts\/113833","targetHints":{"allow":["GET"]}}],"collection":[{"href":"https:\/\/www.europesays.com\/fr\/wp-json\/wp\/v2\/posts"}],"about":[{"href":"https:\/\/www.europesays.com\/fr\/wp-json\/wp\/v2\/types\/post"}],"author":[{"embeddable":true,"href":"https:\/\/www.europesays.com\/fr\/wp-json\/wp\/v2\/users\/2"}],"replies":[{"embeddable":true,"href":"https:\/\/www.europesays.com\/fr\/wp-json\/wp\/v2\/comments?post=113833"}],"version-history":[{"count":0,"href":"https:\/\/www.europesays.com\/fr\/wp-json\/wp\/v2\/posts\/113833\/revisions"}],"wp:featuredmedia":[{"embeddable":true,"href":"https:\/\/www.europesays.com\/fr\/wp-json\/wp\/v2\/media\/113834"}],"wp:attachment":[{"href":"https:\/\/www.europesays.com\/fr\/wp-json\/wp\/v2\/media?parent=113833"}],"wp:term":[{"taxonomy":"category","embeddable":true,"href":"https:\/\/www.europesays.com\/fr\/wp-json\/wp\/v2\/categories?post=113833"},{"taxonomy":"post_tag","embeddable":true,"href":"https:\/\/www.europesays.com\/fr\/wp-json\/wp\/v2\/tags?post=113833"}],"curies":[{"name":"wp","href":"https:\/\/api.w.org\/{rel}","templated":true}]}}