{"id":113835,"date":"2025-05-20T08:11:17","date_gmt":"2025-05-20T08:11:17","guid":{"rendered":"https:\/\/www.europesays.com\/fr\/113835\/"},"modified":"2025-05-20T08:11:17","modified_gmt":"2025-05-20T08:11:17","slug":"sarah-evenements-ville-de-lille-adresses-horaires-calendriers-et-histoire","status":"publish","type":"post","link":"https:\/\/www.europesays.com\/fr\/113835\/","title":{"rendered":"Sara&rsquo;h \/ \u00c9v\u00e9nements &#8211; Ville de Lille : adresses, horaires, calendriers et histoire"},"content":{"rendered":"<p>\n                                                                        Le 15 juin 2025<br \/>\n\t\t\t\t\t\t\t\t\t\t\tde 19h00 \u00e0 21h30\n\t\t\t\t\t                                        <\/p>\n<p class=\"subtitle\">\u00e0 <strong><br \/>\nLe Splendid<\/strong><\/p>\n<p>Originaire d\u2019Avignon, Sara\u2019h est une artiste auteure-compositrice-interpr\u00e8te arriv\u00e9e \u00e0 Paris en 2011. Rep\u00e9r\u00e9e gr\u00e2ce \u00e0 ses covers sur YouTube, elle est alors contact\u00e9e par un label parisien.<\/p>\n<p>            <img loading=\"lazy\" decoding=\"async\" src=\"\/var\/www\/storage\/images\/mediatheque\/mairie-de-lille\/images-openagenda\/sara-h\/3767800-1-fre-FR\/Sara-h_news_image_top.jpg\" width=\"779\" height=\"408\" alt=\"Sara'h\"\/><\/p>\n<p>\nCette aventure se concr\u00e9tise par un album et un single, \u00c0 la faveur de l\u2019automne, qui sera largement diffus\u00e9.<br \/>Par la suite, Sara\u2019h d\u00e9cide de retourner \u00e0 ce qu\u2019elle aime le plus : YouTube et le contact direct avec le public. Pendant plusieurs ann\u00e9es, elle se consacre \u00e0 proposer des covers qui rencontrent un succ\u00e8s croissant, jusqu\u2019\u00e0 d\u00e9passer les 3,4 millions d\u2019abonn\u00e9s, 150 millions de vues pour Despacito, et plus d\u2019un milliard de vues cumul\u00e9es.<br \/>Durant l\u2019hiver 2018, Sara\u2019h part \u00e0 la rencontre de son public lors du French Cover Tour, une tourn\u00e9e \u00ab sold out \u00bb qui la conduit dans plusieurs villes de France, avec trois concerts \u00e0 Paris, au Splendid de Lille, ainsi que dans d\u2019autres salles \u00e0 Marseille, Nantes, Bordeaux, etc.<br \/>En 2022, elle renouvelle l\u2019exp\u00e9rience dans des salles mythiques comme le Trianon \u00e0 Paris et le Th\u00e9\u00e2tre S\u00e9bastopol \u00e0 Lille. De retour \u00e0 Paris, elle peaufine alors son propre univers musical pour proposer de nouveaux titres in\u00e9dits, tout en continuant \u00e0 publier des covers sur sa cha\u00eene YouTube.<\/p>\n<p>        \t\t                                            Infos pratiques<\/p>\n<p>                    Adresse<\/p>\n<p>\n1 Place du Mont de Terre<br \/>59800 Lille<\/p>\n<p>                                                            Voir le plan<\/p>\n<p>                        Contact<\/p>\n<p>03 20 56 46 16<\/p>\n<p>\n                    PublicsDe  \u00e0  ans<\/p>\n","protected":false},"excerpt":{"rendered":"Le 15 juin 2025 de 19h00 \u00e0 21h30 \u00e0 Le Splendid Originaire d\u2019Avignon, Sara\u2019h est une artiste auteure-compositrice-interpr\u00e8te&hellip;\n","protected":false},"author":2,"featured_media":113836,"comment_status":"","ping_status":"","sticky":false,"template":"","format":"standard","meta":{"footnotes":""},"categories":[2815],"tags":[1111,11,4763,1777,674,1011,27,811,1307,5415,12,25],"class_list":{"0":"post-113835","1":"post","2":"type-post","3":"status-publish","4":"format-standard","5":"has-post-thumbnail","7":"category-lille","8":"tag-actu","9":"tag-actualites","10":"tag-agenda","11":"tag-eu","12":"tag-europe","13":"tag-fr","14":"tag-france","15":"tag-hauts-de-france","16":"tag-lille","17":"tag-mairie","18":"tag-news","19":"tag-republique-francaise"},"share_on_mastodon":{"url":"https:\/\/pubeurope.com\/@fr\/114539153588854637","error":""},"_links":{"self":[{"href":"https:\/\/www.europesays.com\/fr\/wp-json\/wp\/v2\/posts\/113835","targetHints":{"allow":["GET"]}}],"collection":[{"href":"https:\/\/www.europesays.com\/fr\/wp-json\/wp\/v2\/posts"}],"about":[{"href":"https:\/\/www.europesays.com\/fr\/wp-json\/wp\/v2\/types\/post"}],"author":[{"embeddable":true,"href":"https:\/\/www.europesays.com\/fr\/wp-json\/wp\/v2\/users\/2"}],"replies":[{"embeddable":true,"href":"https:\/\/www.europesays.com\/fr\/wp-json\/wp\/v2\/comments?post=113835"}],"version-history":[{"count":0,"href":"https:\/\/www.europesays.com\/fr\/wp-json\/wp\/v2\/posts\/113835\/revisions"}],"wp:featuredmedia":[{"embeddable":true,"href":"https:\/\/www.europesays.com\/fr\/wp-json\/wp\/v2\/media\/113836"}],"wp:attachment":[{"href":"https:\/\/www.europesays.com\/fr\/wp-json\/wp\/v2\/media?parent=113835"}],"wp:term":[{"taxonomy":"category","embeddable":true,"href":"https:\/\/www.europesays.com\/fr\/wp-json\/wp\/v2\/categories?post=113835"},{"taxonomy":"post_tag","embeddable":true,"href":"https:\/\/www.europesays.com\/fr\/wp-json\/wp\/v2\/tags?post=113835"}],"curies":[{"name":"wp","href":"https:\/\/api.w.org\/{rel}","templated":true}]}}