{"id":113839,"date":"2025-05-20T08:13:13","date_gmt":"2025-05-20T08:13:13","guid":{"rendered":"https:\/\/www.europesays.com\/fr\/113839\/"},"modified":"2025-05-20T08:13:13","modified_gmt":"2025-05-20T08:13:13","slug":"le-defi-de-monte-cristo-revient-a-marseille-en-juin","status":"publish","type":"post","link":"https:\/\/www.europesays.com\/fr\/113839\/","title":{"rendered":"Le D\u00e9fi de Monte-Cristo revient \u00e0 Marseille en juin\u00a0!"},"content":{"rendered":"<p>Le D\u00e9fi de Monte-Cristo, plus grande course de natation en mer d\u2019Europe, revient \u00e0 Marseille pour sa 27e \u00e9dition du 6 au 8 juin et du 14 au 15 juin. L\u2019\u00e9v\u00e9nement, qui a rassembl\u00e9 en 2024 plus de 6 200 nageurs, est de retour pour deux week-ends de comp\u00e9tition. Inspir\u00e9 de l\u2019\u00e9vasion d\u2019Edmond Dant\u00e8s, h\u00e9ros du c\u00e9l\u00e8bre roman d\u2019Alexandre Dumas, le d\u00e9part se fait du Ch\u00e2teau d\u2019If ou de la plage du Petit Roucas, avec des parcours allant de 1 \u00e0 6 kilom\u00e8tres, avec ou sans palmes.<\/p>\n<p><strong>Le programme de nage 2025 du D\u00e9fi Monte Cristo<\/strong><\/p>\n<p><strong>Vendredi 6 juin<\/strong><\/p>\n<p>8H30 : 5K sans palmes &#8211; 1\u00e8re vague<\/p>\n<p>9H30 : 5K sans palmes &#8211; 2\u00e8me vague<\/p>\n<p>Le temps max autoris\u00e9 pour nager le 5 k est de <strong>2h30<\/strong>.<\/p>\n<p>14H30 : 3.5K &#8211; sans palmes<\/p>\n<p>Le temps max autoris\u00e9 pour nager 3.5 k est de <strong>1h45<\/strong>.<\/p>\n<p>19H00 : 2K AFTER WORK &#8211; avec ou sans palmes<\/p>\n<p>Le temps max autoris\u00e9 pour nager 2k est de <strong>1h<\/strong>.<\/p>\n<p>20H00 : AFTER WORK<\/p>\n<p><strong>Samedi 7 juin<\/strong><\/p>\n<p>8H30 : 5K &#8211; avec palmes &#8211; 1\u00e8re vague<\/p>\n<p>9H30 : 5K &#8211; avec palmes &#8211; 2\u00e8me vague<\/p>\n<p>Le temps max autoris\u00e9 pour nager le 5k est de <strong>2h30<\/strong>.<\/p>\n<p>14H00 : 2.5K &#8211; sans palmes<\/p>\n<p>Le temps max autoris\u00e9 pour nager le 2.5k est de <strong>1h20<\/strong>.<\/p>\n<p>16H00 : 2K TEAM &#8211; avec ou sans palmes<\/p>\n<p>Le temps max autoris\u00e9 pour nager le 2k est de<strong> 1h<\/strong>.<\/p>\n<p><strong>Dimanche 8 juin<\/strong><\/p>\n<p>8H30 : 5K &#8211; sans palmes<\/p>\n<p>Le temps max autoris\u00e9 pour nager le 5k est de <strong>2h30<\/strong>.<\/p>\n<p>9H30 : 6K &#8211; sans palmes<\/p>\n<p>Le temps max autoris\u00e9 pour nager le 6k est de <strong>2h45<\/strong>.<\/p>\n<p>14H00 : 2.5K &#8211; avec palmes <\/p>\n<p>Le temps max autoris\u00e9 pour nager le 2.5k est de <strong>1h20<\/strong>.<\/p>\n<p>16H00 : 1K &#8211; avec ou sans palmes<\/p>\n<p>Le temps max autoris\u00e9 pour nager le 1k est de <strong>45min<\/strong>.<\/p>\n<p><strong>Samedi 14 juin<\/strong><\/p>\n<p>9h30 : 5k &#8211; avec palmes <\/p>\n<p>Le temps max autoris\u00e9 pour nager le 5k est de <strong>2h30<\/strong>.<\/p>\n<p>14h00 : 3k &#8211; avec ou sans palmes<\/p>\n<p>Le temps max autoris\u00e9 pour nager 3k est de <strong>1h30<\/strong>.<\/p>\n<p><strong>Dimanche 15 juin<\/strong><\/p>\n<p>9h30 : 5k &#8211; sans palmes<\/p>\n<p>Le temps max autoris\u00e9 pour nager le 5k est de <strong>2h30<\/strong>.<\/p>\n<p>14h00 : 4k &#8211; avec ou sans palmes<\/p>\n<p>Le temps max autoris\u00e9 pour nager le 4k est de <strong>2h<\/strong>.<\/p>\n<p>17h15 : 2k CLOSING &#8211; avec ou sans palmes<\/p>\n<p>Le temps max autoris\u00e9 pour nager 2k est de <strong>1h<\/strong>.<\/p>\n<p><strong>Un village d\u2019animations ouvert \u00e0 tous<\/strong><\/p>\n<p>Lieu incontournable de l\u2019\u00e9v\u00e9nement, le village \u00e9co-construit du D\u00e9fi de Monte-Cristo s\u2019\u00e9tale sur plus de 5 000 m2 sur la plage du Roucas Blanc. Ouvert pendant et entre les deux week-ends de comp\u00e9tition, il accueillera notamment la Groupie du pianiste les dimanches 8 et 15 juin, Jimmy Sax le soir du 12 juin et Club Ap\u00e9ro le vendredi 13 juin.<\/p>\n<p>Sur place, en journ\u00e9e, les int\u00e9ress\u00e9s pourront \u00e9galement participer \u00e0 un bapt\u00eame de plong\u00e9e, \u00e0 des cours d\u2019apn\u00e9e, de natation et de pil\u00e2tes. Diff\u00e9rents stands seront \u00e9galement install\u00e9s afin de vous faire d\u00e9couvrir des associations \u00e9co-responsables. Des conditions parfaites pour profiter un maximum de l\u2019arriv\u00e9e des beaux jours.<\/p>\n<p>Inscriptions aux animations et plus d\u2019informations sur le <a href=\"https:\/\/defimonte-cristo.com\/fr\/events\/presentation\/11\" rel=\"noopener noreferrer\" target=\"_blank\">D\u00e9fi Monte-Cristo ici<\/a>.<\/p>\n","protected":false},"excerpt":{"rendered":"Le D\u00e9fi de Monte-Cristo, plus grande course de natation en mer d\u2019Europe, revient \u00e0 Marseille pour sa 27e&hellip;\n","protected":false},"author":2,"featured_media":113840,"comment_status":"","ping_status":"","sticky":false,"template":"","format":"standard","meta":{"footnotes":""},"categories":[2814],"tags":[17,1111,11,3750,1777,674,1011,27,3687,2831,884,17972,12,882,25,14173],"class_list":{"0":"post-113839","1":"post","2":"type-post","3":"status-publish","4":"format-standard","5":"has-post-thumbnail","7":"category-marseille","8":"tag-17","9":"tag-actu","10":"tag-actualites","11":"tag-defi","12":"tag-eu","13":"tag-europe","14":"tag-fr","15":"tag-france","16":"tag-juin","17":"tag-loisirs-traditions","18":"tag-marseille","19":"tag-monte-cristo","20":"tag-news","21":"tag-provence-alpes-cote-dazur","22":"tag-republique-francaise","23":"tag-revient"},"share_on_mastodon":{"url":"https:\/\/pubeurope.com\/@fr\/114539161647857690","error":""},"_links":{"self":[{"href":"https:\/\/www.europesays.com\/fr\/wp-json\/wp\/v2\/posts\/113839","targetHints":{"allow":["GET"]}}],"collection":[{"href":"https:\/\/www.europesays.com\/fr\/wp-json\/wp\/v2\/posts"}],"about":[{"href":"https:\/\/www.europesays.com\/fr\/wp-json\/wp\/v2\/types\/post"}],"author":[{"embeddable":true,"href":"https:\/\/www.europesays.com\/fr\/wp-json\/wp\/v2\/users\/2"}],"replies":[{"embeddable":true,"href":"https:\/\/www.europesays.com\/fr\/wp-json\/wp\/v2\/comments?post=113839"}],"version-history":[{"count":0,"href":"https:\/\/www.europesays.com\/fr\/wp-json\/wp\/v2\/posts\/113839\/revisions"}],"wp:featuredmedia":[{"embeddable":true,"href":"https:\/\/www.europesays.com\/fr\/wp-json\/wp\/v2\/media\/113840"}],"wp:attachment":[{"href":"https:\/\/www.europesays.com\/fr\/wp-json\/wp\/v2\/media?parent=113839"}],"wp:term":[{"taxonomy":"category","embeddable":true,"href":"https:\/\/www.europesays.com\/fr\/wp-json\/wp\/v2\/categories?post=113839"},{"taxonomy":"post_tag","embeddable":true,"href":"https:\/\/www.europesays.com\/fr\/wp-json\/wp\/v2\/tags?post=113839"}],"curies":[{"name":"wp","href":"https:\/\/api.w.org\/{rel}","templated":true}]}}