{"id":113841,"date":"2025-05-20T08:14:10","date_gmt":"2025-05-20T08:14:10","guid":{"rendered":"https:\/\/www.europesays.com\/fr\/113841\/"},"modified":"2025-05-20T08:14:10","modified_gmt":"2025-05-20T08:14:10","slug":"toute-lactualite-de-ce-mardi-20-mai-2025-a-lyon","status":"publish","type":"post","link":"https:\/\/www.europesays.com\/fr\/113841\/","title":{"rendered":"Toute l&rsquo;actualit\u00e9 de ce mardi 20 mai 2025 \u00e0 Lyon"},"content":{"rendered":"<p>A la une de l\u2019info \u00e0 Lyon : la gr\u00e8ve des taxis, Au 37bis acc\u00e9l\u00e8re le vivre-ensemble autour des seniors, les chantiers du Parc de la T\u00eate d\u2019Or, OL Lyonnes : le nouveau nom de l\u2019OL f\u00e9minin\u2026<\/p>\n<p>ECOUTEZ LE 1\/4H LYONNAIS\u2026 Toute l\u2019actualit\u00e9 de ce mardi 20 mai 2025<\/p>\n<p>LE 1\/4H LYONNAIS | mardi 20 mai 2025<\/p>\n<p>L\u2019appel national \u00e0 la <strong>gr\u00e8ve des taxis<\/strong> mod\u00e9r\u00e9ment suivi \u00e0 Lyon. La r\u00e9forme de la tarification des transports sanitaires doit entrer en vigueur le 1er octobre prochain. Pour les taxis, elle entrainerait une baisse de 30% de leur chiffre d\u2019affaires<\/p>\n<p>Un havre de paix et de convivialit\u00e9 pour les <strong><a href=\"https:\/\/www.lyon.fr\/vie-pratique\/seniors\/les-spots-seniors\" target=\"_blank\" rel=\"noreferrer noopener\">seniors<\/a><\/strong> dans le quartier des Terreaux. <strong>Au 37bis<\/strong> s\u2019est install\u00e9 dans une ancienne \u00e9cole derri\u00e8re le Palais Saint-Pierre. Reportage de Lilou Combette<\/p>\n<p>Nos invit\u00e9s: <strong>Yasmine Bouagga<\/strong>, maire du 1er arrondissement,<strong> Isabelle Dury<\/strong>, directrice du CRIAS (Centre R\u00e9gional d\u2019Information pour l\u2019Agir Solidaire), et <strong>Georgette<\/strong>, une habitante du quartier<\/p>\n<p>Egalement dans l\u2019actualit\u00e9 de ce mardi 20 mai<\/p>\n<p>Situ\u00e9 \u00e0 Lyon dans le 6\u1d49 arrondissement, le <strong>Parc de la T\u00eate d\u2019Or<\/strong> est le v\u00e9ritable poumon de notre ville. Avec 105 ha\u00a0et plus de 7 millions de visiteurs par an, le parc doit \u00eatre prot\u00e9g\u00e9. Il fait l\u2019objet d\u2019une charte\u2026Ce qui n\u2019emp\u00eache pas son \u00e9volution. Pour preuve les nombreux <strong>chantiers en cours<\/strong>. Explications ave Charlotte Epinat<\/p>\n<p>Nos invit\u00e9s : <strong>Gr\u00e9gory Doucet<\/strong>, maire de Lyon, <strong>S\u00e9bastien Lapendry<\/strong> (Youse), <strong>Charlotte Verg\u00e9ly<\/strong>, architecte du patrimoine \u00e0 Lyon<\/p>\n<p><img fetchpriority=\"high\" decoding=\"async\" width=\"1200\" height=\"675\" src=\"https:\/\/www.europesays.com\/fr\/wp-content\/uploads\/2025\/05\/Embarcadere-du-Parc-bouee.jpg\" alt=\"Embarcad\u00e8re du Parc\" class=\"wp-image-244431\"  \/><\/p>\n<p><strong>Michele Kang<\/strong>, la propri\u00e9taire de la section f\u00e9minine de l\u2019OL, a ent\u00e9rin\u00e9 le changement de nom du club. D\u00eetes d\u00e9sormais :<strong> OL Lyonnes<\/strong><\/p>\n<p>Ecoutez aussi : <a href=\"https:\/\/www.lyondemain.fr\/conditions-de-deplacement-a-velo\/\" target=\"_blank\" rel=\"noreferrer noopener\">Une grande enqu\u00eate sur les conditions de d\u00e9placement \u00e0 v\u00e9lo<\/a><\/p>\n<p>Dans cette \u00e9dition, focus sur un lieu interg\u00e9n\u00e9rationnel aux Terreaux\u2026<\/p>\n<p>\u00ab\u00a0<strong>Au 37bis<\/strong>\u00a0\u00bb s\u2019est install\u00e9 dans une ancienne \u00e9cole de la <strong>rue Paul Chenavard<\/strong>. Une multitude d\u2019activit\u00e9s sont propos\u00e9es,. Allant des ateliers cr\u00e9atifs aux s\u00e9ances de gymnastique douce, en passant par des jeux de soci\u00e9t\u00e9 et des discussions anim\u00e9es. Bref, un lieu pour booster le <strong>vivre-ensemble<\/strong> !<\/p>\n<p>\u2026.et sur les chantiers au Parc de la T\u00eate d\u2019Or<\/p>\n<p>La <strong>r\u00e9novation des serres<\/strong>, la <strong>r\u00e9habilitation du Chalet du Parc<\/strong> et bien d\u2019autres am\u00e9ngements\u2026. \u00a0La <strong><a href=\"https:\/\/www.lyon.fr\/lieu\/parcs\/parc-de-la-tete-dor\" target=\"_blank\" rel=\"noreferrer noopener\">Ville de Lyon<\/a><\/strong> a engag\u00e9 15\u00a0millions d\u2019euros pour transformer ce \u00a0lieu embl\u00e9matique, connu bien audel\u00e0 des fronti\u00e8res lyonnaises. Il s\u2019agit de permettre au Parc de faire face au <strong>changement climatique<\/strong> et au public toujours plus nombreux.<\/p>\n<p>Ecoutez aussi : <a href=\"https:\/\/www.lyondemain.fr\/actualite-de-ce-lundi-19-mai-lyon-info-villes-cyclables\/\" target=\"_blank\" rel=\"noreferrer noopener\">Toute l\u2019actualit\u00e9 de ce lundi 19 mai 2025 \u00e0 Lyon<\/a><\/p>\n<p><img loading=\"lazy\" decoding=\"async\" width=\"1200\" height=\"675\" src=\"https:\/\/www.europesays.com\/fr\/wp-content\/uploads\/2025\/05\/actualite-de-ce-mardi-20-mai-2025.jpg\" alt=\"actualit\u00e9 de ce mardi 20 mai 2025 info \u00e0 Lyon\" class=\"wp-image-249515\"  \/>Retrouvez aussi le Quart d\u2019Heure Lyonnais de Lyon Demain sur les antennes de Radio Pluriel (Lyon). Radio Salam (Lyon, Saint-Etienne et Bourg) et Radio Arm\u00e9nie (Lyon et Vienne)<br \/>\nJ\u2019aime \u00e7a\u00a0:<\/p>\n<p>J\u2019aime chargement\u2026<\/p>\n<p><a class=\"sd-link-color\"\/><\/p>\n<p>\n\tArticles similaires\n<\/p>\n<p>\t\t\t\t<img decoding=\"async\" src=\"https:\/\/www.europesays.com\/fr\/wp-content\/uploads\/2025\/05\/1747728850_686_7866158698e17e8ed633c05e8f8e7fe5d9e057ad78661c4dc34e413abb6b9f19\" alt=\"G\u00e9rald Bouchon\"\/><\/p>\n<p>Pionnier des radios libres, passionn\u00e9 de radio, journaliste et dirigeant de m\u00e9dias \u00e9co-responsables..<\/p>\n","protected":false},"excerpt":{"rendered":"A la une de l\u2019info \u00e0 Lyon : la gr\u00e8ve des taxis, Au 37bis acc\u00e9l\u00e8re le vivre-ensemble autour&hellip;\n","protected":false},"author":2,"featured_media":113842,"comment_status":"","ping_status":"","sticky":false,"template":"","format":"standard","meta":{"footnotes":""},"categories":[1889],"tags":[1111,11,23378,2430,23379,23380,23381,1777,674,1011,27,23382,23383,2428,12,242,23183,13760,25,3552,13489,23384],"class_list":{"0":"post-113841","1":"post","2":"type-post","3":"status-publish","4":"format-standard","5":"has-post-thumbnail","7":"category-lyon","8":"tag-actu","9":"tag-actualites","10":"tag-au-37bis","11":"tag-auvergne-rhone-alpes","12":"tag-chalet-du-parc","13":"tag-chauffeurs-de-taxis","14":"tag-crias","15":"tag-eu","16":"tag-europe","17":"tag-fr","18":"tag-france","19":"tag-grandes-serres","20":"tag-lien-intergenerationnel","21":"tag-lyon","22":"tag-news","23":"tag-ol-feminin","24":"tag-ol-lyonnes","25":"tag-parc-de-la-tete-dor","26":"tag-republique-francaise","27":"tag-seniors","28":"tag-transport-sanitaire","29":"tag-yasmine-bouagga"},"share_on_mastodon":{"url":"https:\/\/pubeurope.com\/@fr\/114539165427060760","error":""},"_links":{"self":[{"href":"https:\/\/www.europesays.com\/fr\/wp-json\/wp\/v2\/posts\/113841","targetHints":{"allow":["GET"]}}],"collection":[{"href":"https:\/\/www.europesays.com\/fr\/wp-json\/wp\/v2\/posts"}],"about":[{"href":"https:\/\/www.europesays.com\/fr\/wp-json\/wp\/v2\/types\/post"}],"author":[{"embeddable":true,"href":"https:\/\/www.europesays.com\/fr\/wp-json\/wp\/v2\/users\/2"}],"replies":[{"embeddable":true,"href":"https:\/\/www.europesays.com\/fr\/wp-json\/wp\/v2\/comments?post=113841"}],"version-history":[{"count":0,"href":"https:\/\/www.europesays.com\/fr\/wp-json\/wp\/v2\/posts\/113841\/revisions"}],"wp:featuredmedia":[{"embeddable":true,"href":"https:\/\/www.europesays.com\/fr\/wp-json\/wp\/v2\/media\/113842"}],"wp:attachment":[{"href":"https:\/\/www.europesays.com\/fr\/wp-json\/wp\/v2\/media?parent=113841"}],"wp:term":[{"taxonomy":"category","embeddable":true,"href":"https:\/\/www.europesays.com\/fr\/wp-json\/wp\/v2\/categories?post=113841"},{"taxonomy":"post_tag","embeddable":true,"href":"https:\/\/www.europesays.com\/fr\/wp-json\/wp\/v2\/tags?post=113841"}],"curies":[{"name":"wp","href":"https:\/\/api.w.org\/{rel}","templated":true}]}}