{"id":113843,"date":"2025-05-20T08:15:15","date_gmt":"2025-05-20T08:15:15","guid":{"rendered":"https:\/\/www.europesays.com\/fr\/113843\/"},"modified":"2025-05-20T08:15:15","modified_gmt":"2025-05-20T08:15:15","slug":"les-tcl-sexpliquent-sur-la-panne-du-metro-d-il-reste-pres-de-20-km-de-bouchons-cumules","status":"publish","type":"post","link":"https:\/\/www.europesays.com\/fr\/113843\/","title":{"rendered":"les TCL s&rsquo;expliquent sur la panne du m\u00e9tro D, il reste pr\u00e8s de 20 km de bouchons cumul\u00e9s"},"content":{"rendered":"<p>Vous \u00eates nombreux sur les routes autour de Lyon ce matin, le point au sud de Lyon.<\/p>\n<p>\u25baIl y a 6 km de bouchons sur l&rsquo;<strong>A7<\/strong> \u00e0 hauteur de Saint-Symphorien-d&rsquo;Ozon.<\/p>\n<p>\u25ba3 km de ralentissements sur l&rsquo;<strong>A46 sud<\/strong>, \u00e0 hauteur de Saint-Priest.<\/p>\n<p>\u25ba2 km de bouchons sur l<strong>&lsquo;A450<\/strong>.<\/p>\n<p>Au nord de Lyon, c&rsquo;est tout autant difficile.<\/p>\n<p>\u25ba6 km de bouchons pour rejoindre le n\u0153ud des \u00eeles sur l&rsquo;<strong>A46 nord<\/strong>.<\/p>\n<p>\u25baDe m\u00eame sur la <strong>M6<\/strong>, comptez pr\u00e8s de 4 km de bouchons.<\/p>\n<p>\u25ba2 km de ralentissements sur l<strong>&lsquo;A89<\/strong> \u00e0 hauteur de Lentilly.<\/p>\n","protected":false},"excerpt":{"rendered":"Vous \u00eates nombreux sur les routes autour de Lyon ce matin, le point au sud de Lyon. \u25baIl&hellip;\n","protected":false},"author":2,"featured_media":113844,"comment_status":"","ping_status":"","sticky":false,"template":"","format":"standard","meta":{"footnotes":""},"categories":[1889],"tags":[1111,11,2430,3542,3152,2757,3153,3154,3155,3156,1777,674,107,1011,27,2428,12,25,2429,1097,2803],"class_list":{"0":"post-113843","1":"post","2":"type-post","3":"status-publish","4":"format-standard","5":"has-post-thumbnail","7":"category-lyon","8":"tag-actu","9":"tag-actualites","10":"tag-auvergne-rhone-alpes","11":"tag-circulation","12":"tag-edition-est-lyonnais","13":"tag-edition-lyon-villeurbanne","14":"tag-edition-ouest-lyonnais","15":"tag-edition-sud-lyonnais","16":"tag-edition-tarare","17":"tag-edition-villefranche","18":"tag-eu","19":"tag-europe","20":"tag-fil-info","21":"tag-fr","22":"tag-france","23":"tag-lyon","24":"tag-news","25":"tag-republique-francaise","26":"tag-rhone","27":"tag-trafic","28":"tag-transport"},"share_on_mastodon":{"url":"https:\/\/pubeurope.com\/@fr\/114539169281963627","error":""},"_links":{"self":[{"href":"https:\/\/www.europesays.com\/fr\/wp-json\/wp\/v2\/posts\/113843","targetHints":{"allow":["GET"]}}],"collection":[{"href":"https:\/\/www.europesays.com\/fr\/wp-json\/wp\/v2\/posts"}],"about":[{"href":"https:\/\/www.europesays.com\/fr\/wp-json\/wp\/v2\/types\/post"}],"author":[{"embeddable":true,"href":"https:\/\/www.europesays.com\/fr\/wp-json\/wp\/v2\/users\/2"}],"replies":[{"embeddable":true,"href":"https:\/\/www.europesays.com\/fr\/wp-json\/wp\/v2\/comments?post=113843"}],"version-history":[{"count":0,"href":"https:\/\/www.europesays.com\/fr\/wp-json\/wp\/v2\/posts\/113843\/revisions"}],"wp:featuredmedia":[{"embeddable":true,"href":"https:\/\/www.europesays.com\/fr\/wp-json\/wp\/v2\/media\/113844"}],"wp:attachment":[{"href":"https:\/\/www.europesays.com\/fr\/wp-json\/wp\/v2\/media?parent=113843"}],"wp:term":[{"taxonomy":"category","embeddable":true,"href":"https:\/\/www.europesays.com\/fr\/wp-json\/wp\/v2\/categories?post=113843"},{"taxonomy":"post_tag","embeddable":true,"href":"https:\/\/www.europesays.com\/fr\/wp-json\/wp\/v2\/tags?post=113843"}],"curies":[{"name":"wp","href":"https:\/\/api.w.org\/{rel}","templated":true}]}}