{"id":113847,"date":"2025-05-20T08:17:11","date_gmt":"2025-05-20T08:17:11","guid":{"rendered":"https:\/\/www.europesays.com\/fr\/113847\/"},"modified":"2025-05-20T08:17:11","modified_gmt":"2025-05-20T08:17:11","slug":"psg-inter-milan-retransmission-sur-ecran-geant-a-saint-germain-en-laye","status":"publish","type":"post","link":"https:\/\/www.europesays.com\/fr\/113847\/","title":{"rendered":"PSG-Inter Milan : retransmission sur \u00e9cran g\u00e9ant \u00e0 Saint-Germain-en-Laye"},"content":{"rendered":"<p><img loading=\"lazy\" decoding=\"async\" alt=\"\u00a9 SIDF - Le match sera retransmis sur \u00e9cran g\u00e9ant au stade Georges-Lef\u00e8vre.\u00a0\" data-zoom-src=\"https:\/\/www.europesays.com\/fr\/wp-content\/uploads\/2025\/05\/initial-stade-georges-lefevre-saint-geramain-laye.jpg\" data-zoomable=\"\" height=\"702\" src=\"https:\/\/www.europesays.com\/fr\/wp-content\/uploads\/2025\/05\/initial-stade-georges-lefevre-saint-geramain-laye.jpg\" width=\"1248\"\/>  <\/p>\n<p class=\"article-desc\">\u00a9 SIDF &#8211; Le match sera retransmis sur \u00e9cran g\u00e9ant au stade Georges-Lef\u00e8vre.\u00a0 <\/p>\n<p><strong>Saint-Germain-en-Laye<\/strong> va vibrer au rythme du <strong>football europ\u00e9en<\/strong>. La Ville a annonc\u00e9 retransmettre en direct, sur \u00e9cran g\u00e9ant, la finale qui opposera le <a href=\"https:\/\/mesinfos.fr\/91130-ris-orangis\/stade-du-psg-ris-orangis-affiche-ses-atouts-pour-attirer-le-club-parisien-222456.html\" rel=\"noopener nofollow\" target=\"_blank\">PSG<\/a> \u00e0 <strong>l\u2019Inter Milan<\/strong> le <strong>samedi 31 mai<\/strong>. La retransmission en direct, sur \u00e9cran g\u00e9ant, aura lieu au <strong>stade Georges-Lef\u00e8vre<\/strong>, pour le plus grand plaisir des habitants. <\/p>\n<p>Une finale du PSG jou\u00e9e \u00e0 Munich <\/p>\n<p>Apr\u00e8s une victoire m\u00e9morable face \u00e0 <strong>Arsenal <\/strong>en demi-finale, le <strong>PSG<\/strong> s\u2019appr\u00eate \u00e0 disputer \u00e0 <strong>Munich<\/strong> la deuxi\u00e8me finale de Ligue des champions de son histoire. La municipalit\u00e9 invite familles, passionn\u00e9s et habitants \u00e0 se rassembler d\u00e8s 18h30, l\u00e0 o\u00f9 tout a commenc\u00e9 pour le club parisien, qui s\u2019est entra\u00een\u00e9 au <strong>Camp des Loges<\/strong> pendant plus d\u2019un demi-si\u00e8cle. <\/p>\n<p>L\u2019acc\u00e8s \u00e0 la soir\u00e9e est libre et <strong>gratuit<\/strong>, sans r\u00e9servation, et promet une ambiance festive avec village<strong> food-truck<\/strong> et animations pour petits et grands tout au long de la soir\u00e9e. Le coup d\u2019envoi du match sera donn\u00e9 \u00e0 21h, mais les portes ouvriront \u00e0 18h30 pour permettre \u00e0 chacun de profiter de ce moment de partage, \u00e0 quelques kilom\u00e8tres du lieu o\u00f9 \u00ab\u00a0tout a commenc\u00e9\u00a0\u00bb pour le <a href=\"https:\/\/mesinfos.fr\/91300-massy\/essonne-le-maire-de-massy-calme-le-jeu-sur-la-construction-du-stade-du-psg-221253.html\" rel=\"noopener nofollow\" target=\"_blank\">PSG<\/a>.\u00a0<\/p>\n<p>Saint-Germain-en-Laye, entend faire de cette soir\u00e9e un temps fort pour tous les supporters, dans le respect de l\u2019esprit sportif et de la convivialit\u00e9.\u00a0 <\/p>\n<p>Stade Georges-Lef\u00e8vre, 3 avenue du pr\u00e9sident Kennedy. Acc\u00e8s par le tram 13 (arr\u00eat Camp des loges), stationnement PMR, stationnement tout public au niveau de la route des Loges. Informations suppl\u00e9mentaires sur le <a href=\"https:\/\/www.saintgermainenlaye.fr\/111-7251\/agenda\/fiche\/finale-de-la-ligue-des-champions-retransmission-du-match.htm\" rel=\"noopener nofollow\" target=\"_blank\">site de la Ville<\/a>. <\/p>\n","protected":false},"excerpt":{"rendered":"\u00a9 SIDF &#8211; Le match sera retransmis sur \u00e9cran g\u00e9ant au stade Georges-Lef\u00e8vre.\u00a0 Saint-Germain-en-Laye va vibrer au rythme&hellip;\n","protected":false},"author":2,"featured_media":113848,"comment_status":"","ping_status":"","sticky":false,"template":"","format":"standard","meta":{"footnotes":""},"categories":[1592],"tags":[1111,11,1777,674,1011,27,662,12,626,93,25],"class_list":{"0":"post-113847","1":"post","2":"type-post","3":"status-publish","4":"format-standard","5":"has-post-thumbnail","7":"category-ile-de-france","8":"tag-actu","9":"tag-actualites","10":"tag-eu","11":"tag-europe","12":"tag-fr","13":"tag-france","14":"tag-ile-de-france","15":"tag-news","16":"tag-paris","17":"tag-psg","18":"tag-republique-francaise"},"share_on_mastodon":{"url":"https:\/\/pubeurope.com\/@fr\/114539177424562570","error":""},"_links":{"self":[{"href":"https:\/\/www.europesays.com\/fr\/wp-json\/wp\/v2\/posts\/113847","targetHints":{"allow":["GET"]}}],"collection":[{"href":"https:\/\/www.europesays.com\/fr\/wp-json\/wp\/v2\/posts"}],"about":[{"href":"https:\/\/www.europesays.com\/fr\/wp-json\/wp\/v2\/types\/post"}],"author":[{"embeddable":true,"href":"https:\/\/www.europesays.com\/fr\/wp-json\/wp\/v2\/users\/2"}],"replies":[{"embeddable":true,"href":"https:\/\/www.europesays.com\/fr\/wp-json\/wp\/v2\/comments?post=113847"}],"version-history":[{"count":0,"href":"https:\/\/www.europesays.com\/fr\/wp-json\/wp\/v2\/posts\/113847\/revisions"}],"wp:featuredmedia":[{"embeddable":true,"href":"https:\/\/www.europesays.com\/fr\/wp-json\/wp\/v2\/media\/113848"}],"wp:attachment":[{"href":"https:\/\/www.europesays.com\/fr\/wp-json\/wp\/v2\/media?parent=113847"}],"wp:term":[{"taxonomy":"category","embeddable":true,"href":"https:\/\/www.europesays.com\/fr\/wp-json\/wp\/v2\/categories?post=113847"},{"taxonomy":"post_tag","embeddable":true,"href":"https:\/\/www.europesays.com\/fr\/wp-json\/wp\/v2\/tags?post=113847"}],"curies":[{"name":"wp","href":"https:\/\/api.w.org\/{rel}","templated":true}]}}