{"id":1138493,"date":"2026-08-20T14:53:17","date_gmt":"2026-08-20T14:53:17","guid":{"rendered":"https:\/\/www.europesays.com\/fr\/1138493\/"},"modified":"2026-08-20T14:53:17","modified_gmt":"2026-08-20T14:53:17","slug":"serieusement-une-publicite-de-bein-sports-met-en-avant-le-club-de-foot-de-nancy-a-metz-la-chaine-tv-sexcuse","status":"publish","type":"post","link":"https:\/\/www.europesays.com\/fr\/1138493\/","title":{"rendered":"\u00ab S\u00e9rieusement ? \u00bb : une publicit\u00e9 de beIN Sports met en avant le club de foot de Nancy \u00e0 Metz, la cha\u00eene TV s&rsquo;excuse"},"content":{"rendered":"<p>                    Par<br \/>\n        <strong><br \/>\n            <a href=\"https:\/\/actu.fr\/auteur\/ninon-oget\" title=\"Consulter tous les articles de Ninon Oget\" rel=\"nofollow noopener\" target=\"_blank\">Ninon Oget<\/a><br \/>\n                    <\/strong><\/p>\n<p>        Publi\u00e9 le<\/p>\n<p>            20 ao\u00fbt 2026 \u00e0 15h59        <\/p>\n<p>Mercredi soir, un <strong>supporter<\/strong> du <a href=\"https:\/\/actu.fr\/tag\/fc-metz-thionville\" rel=\"nofollow noopener\" target=\"_blank\">FC Metz<\/a> a remarqu\u00e9 une <strong>affiche publicitaire<\/strong> un peu particuli\u00e8re dans la capitale mosellane, avenue Henri-II. R\u00e9alis\u00e9e par la <strong>cha\u00eene beIN SPORTS<\/strong>, celle-ci met en avant la nouvelle saison de <a href=\"https:\/\/actu.fr\/sports\/football\/ligue-2\" rel=\"nofollow noopener\" target=\"_blank\">Ligue\u00a02<\/a> qui \u00ab\u2009s\u2019annonce historique\u2009\u00bb et le blason de l\u2019<a href=\"https:\/\/actu.fr\/tag\/asnl\" rel=\"nofollow noopener\" target=\"_blank\">AS Nancy Lorraine<\/a>. Il faut regarder plus bas pour voir le logo du FC Metz aux c\u00f4t\u00e9s des autres clubs.<\/p>\n<p>La cha\u00eene beIN SPORTS s\u2019excuse<\/p>\n<p class=\" wall-content\">Le supporter a partag\u00e9 une photo de l\u2019affiche sur le r\u00e9seau social X en taguant la cha\u00eene beIN SPORTS\u2009:<strong> \u00ab\u2009S\u00e9rieusement\u2009?\u2009\u00bb<\/strong>, interroge-t-il.<\/p>\n<p class=\" wall-content\">Rapidement, l\u2019ASNL s\u2019est fendu d\u2019une simple r\u00e9ponse\u2009: \u00ab\u2009Oui.\u2009\u00bb Des <strong>supporters nanc\u00e9iens<\/strong> sont \u00e9galement all\u00e9s de leur commentaire\u2009: \u00ab\u2009Ils ont compris que la Lorraine est rouge et blanche\u2009\u00bb, \u00ab\u2009pleurez les Messins\u2009\u00bb ou encore \u00ab\u2009merci beIN, la Lorraine c\u2019est nous.\u2009\u00bb<\/p>\n<p class=\" wall-content\">\n<p class=\" wall-content\">Ce jeudi midi, beIN SPORTS a \u00e9galement r\u00e9pondu au supporter messin et s\u2019est <strong>excus\u00e9e<\/strong>\u2009: \u00ab\u2009<strong>Erreur de notre prestataire technique<\/strong> qui sera corrig\u00e9e dans les meilleurs d\u00e9lais. Nous pr\u00e9sentons nos excuses aux supporters du FC Metz et de l\u2019AS Nancy Lorraine.\u2009\u00bb En d\u00e9but d\u2019apr\u00e8s-midi, l\u2019affiche a \u00e9t\u00e9 <strong>remplac\u00e9e<\/strong>.<\/p>\n<p class=\" wall-content\">\n<p>Deux derbys FC Metz-ASNL en 2027<\/p>\n<p class=\" wall-content\">Quand le <a href=\"https:\/\/actu.fr\/sports\/football-voici-quand-le-fc-metz-et-l-as-nancy-lorraine-vont-s-affronter-la-saison-prochaine_64384360.html\" rel=\"nofollow noopener\" target=\"_blank\">FC Metz et l\u2019AS Nancy Lorraine vont-ils s\u2019affronter<\/a>\u2009? Pour la nouvelle saison 2026-2027, <strong>deux derbys<\/strong> sont annonc\u00e9s.<\/p>\n<p class=\" wall-content\">Dans un premier temps, le FC Metz recevra les Rouge et Blanc le <strong>samedi 2\u00a0janvier<\/strong> au<a href=\"https:\/\/actu.fr\/tag\/stade-saint-symphorien\" rel=\"nofollow noopener\" target=\"_blank\"> stade Saint-Symphorien<\/a>. Ensuite, les Grenats seront re\u00e7us au stade Marcel-Picot le <strong>samedi 22\u00a0mai<\/strong>.<\/p>\n<p class=\" wall-content\">Personnalisez votre actualit\u00e9 en ajoutant vos villes et m\u00e9dias en favori avec <a href=\"https:\/\/moncompte.actu.fr\" title=\"D\u00e9couvez Mon Actu\" rel=\"nofollow noopener\" data-trk=\"{&quot;cta&quot;:{&quot;action&quot;:&quot;https:\\\/\\\/moncompte.actu.fr&quot;,&quot;category&quot;:&quot;mon compte&quot;,&quot;from&quot;:&quot;article footer&quot;,&quot;name&quot;:&quot;Mon actu&quot;,&quot;type&quot;:&quot;cta&quot;}}\" target=\"_blank\">Mon Actu<\/a>.<\/p>\n","protected":false},"excerpt":{"rendered":"Par Ninon Oget Publi\u00e9 le 20 ao\u00fbt 2026 \u00e0 15h59 Mercredi soir, un supporter du FC Metz a&hellip;\n","protected":false},"author":2,"featured_media":1138494,"comment_status":"","ping_status":"","sticky":false,"template":"","format":"standard","meta":{"footnotes":"","_share_on_mastodon":"0"},"categories":[9635],"tags":[1111,11,3703,1777,674,8113,1011,27,775,1702,12,25,104],"class_list":["post-1138493","post","type-post","status-publish","format-standard","has-post-thumbnail","category-nancy","tag-actu","tag-actualites","tag-asnl","tag-eu","tag-europe","tag-fc-metz","tag-fr","tag-france","tag-grand-est","tag-nancy","tag-news","tag-republique-francaise","tag-societe"],"share_on_mastodon":{"url":"https:\/\/pubeurope.com\/@fr\/117128410381400190","error":""},"_links":{"self":[{"href":"https:\/\/www.europesays.com\/fr\/wp-json\/wp\/v2\/posts\/1138493","targetHints":{"allow":["GET"]}}],"collection":[{"href":"https:\/\/www.europesays.com\/fr\/wp-json\/wp\/v2\/posts"}],"about":[{"href":"https:\/\/www.europesays.com\/fr\/wp-json\/wp\/v2\/types\/post"}],"author":[{"embeddable":true,"href":"https:\/\/www.europesays.com\/fr\/wp-json\/wp\/v2\/users\/2"}],"replies":[{"embeddable":true,"href":"https:\/\/www.europesays.com\/fr\/wp-json\/wp\/v2\/comments?post=1138493"}],"version-history":[{"count":0,"href":"https:\/\/www.europesays.com\/fr\/wp-json\/wp\/v2\/posts\/1138493\/revisions"}],"wp:featuredmedia":[{"embeddable":true,"href":"https:\/\/www.europesays.com\/fr\/wp-json\/wp\/v2\/media\/1138494"}],"wp:attachment":[{"href":"https:\/\/www.europesays.com\/fr\/wp-json\/wp\/v2\/media?parent=1138493"}],"wp:term":[{"taxonomy":"category","embeddable":true,"href":"https:\/\/www.europesays.com\/fr\/wp-json\/wp\/v2\/categories?post=1138493"},{"taxonomy":"post_tag","embeddable":true,"href":"https:\/\/www.europesays.com\/fr\/wp-json\/wp\/v2\/tags?post=1138493"}],"curies":[{"name":"wp","href":"https:\/\/api.w.org\/{rel}","templated":true}]}}