{"id":113851,"date":"2025-05-20T08:19:23","date_gmt":"2025-05-20T08:19:23","guid":{"rendered":"https:\/\/www.europesays.com\/fr\/113851\/"},"modified":"2025-05-20T08:19:23","modified_gmt":"2025-05-20T08:19:23","slug":"tour-de-france-je-ne-pense-pas-que-ce-soit-une-bonne-idee-jonas-vingegaard-pas-emballe-par-la-derniere-etape-a-montmartre","status":"publish","type":"post","link":"https:\/\/www.europesays.com\/fr\/113851\/","title":{"rendered":"Tour de France. \u00ab\u00a0Je ne pense pas que ce soit une bonne id\u00e9e\u00a0\u00bb\u00a0: Jonas Vingegaard pas emball\u00e9 par la derni\u00e8re \u00e9tape \u00e0 Montmartre"},"content":{"rendered":"<p>\u00ab Pour \u00eatre honn\u00eate, je ne pense pas que ce soit une bonne id\u00e9e \u00bb, a d\u00e9clar\u00e9 le Danois <a href=\"https:\/\/www.ledauphine.com\/p\/jonas-vingegaard\" target=\"_blank\" rel=\"nofollow noopener\">Jonas Vingegaard<\/a> lors d&rsquo;une visioconf\u00e9rence de presse depuis la Sierra Nevada o\u00f9 il pr\u00e9pare actuellement la reconqu\u00eate du Tour (5-27 juillet).<\/p>\n<p>\u00ab Montmartre, \u00e7a a \u00e9t\u00e9 tr\u00e8s sympa pendant les JO, il y avait plein de monde avec une bonne ambiance. Mais il ne restait alors plus que 50 coureurs dans le peloton. Sur le Tour de France, on sera 150 \u00e0 lutter pour se positionner sur une mont\u00e9e tr\u00e8s \u00e9troite, \u00e7a pourrait apporter plus de stress que voulu \u00bb, a-t-il expliqu\u00e9.<\/p>\n<p>Les organisateurs d&rsquo;Amaury Sport Organisation (ASO) ont annonc\u00e9 mercredi dernier que le Tour de France passerait bien par la butte Montmartre lors de la derni\u00e8re \u00e9tape, sur le mod\u00e8le de la course en ligne des JO de Paris.<\/p>\n<p>  Le parcours d\u00e9voil\u00e9 mercredi<\/p>\n<p>Le d\u00e9tail du parcours doit \u00eatre d\u00e9voil\u00e9 ce mercredi lors d&rsquo;une conf\u00e9rence de presse dans les salons de l&rsquo;H\u00f4tel de Ville.<\/p>\n<p>Avant Vingegaard, <a href=\"https:\/\/www.ledauphine.com\/sport\/2025\/04\/25\/c-est-un-stress-supplementaire-remco-evenepoel-ne-veut-pas-du-tour-de-france-a-montmartre\" target=\"_blank\" rel=\"nofollow noopener\">le double champion olympique Remco Evenepoel s&rsquo;\u00e9tait lui aussi prononc\u00e9 fin avril<\/a> contre l&rsquo;id\u00e9e de passer par Montmartre.<\/p>\n<p>\u00ab Ca ne me pla\u00eet pas, avait dit le Belge. C&rsquo;est un stress suppl\u00e9mentaire qui est inutile \u00e0 mon sens. La derni\u00e8re \u00e9tape est aussi une belle opportunit\u00e9 pour les sprinteurs de s&rsquo;illustrer sur les Champs-\u00c9lys\u00e9es et l\u00e0 on verrait sans doute un final diff\u00e9rent. Donc je ne pense pas que ce soit une bonne chose pour le Tour. \u00bb<\/p>\n","protected":false},"excerpt":{"rendered":"\u00ab Pour \u00eatre honn\u00eate, je ne pense pas que ce soit une bonne id\u00e9e \u00bb, a d\u00e9clar\u00e9 le&hellip;\n","protected":false},"author":2,"featured_media":113852,"comment_status":"","ping_status":"","sticky":false,"template":"","format":"standard","meta":{"footnotes":""},"categories":[1888],"tags":[1111,1928,11,1927,207,1777,674,107,1701,1011,27,12,1926,626,1925,25,517,1947],"class_list":{"0":"post-113851","1":"post","2":"type-post","3":"status-publish","4":"format-standard","5":"has-post-thumbnail","7":"category-paris","8":"tag-actu","9":"tag-actu-paris","10":"tag-actualites","11":"tag-actualites-paris","12":"tag-cyclisme","13":"tag-eu","14":"tag-europe","15":"tag-fil-info","16":"tag-fil-info-sport","17":"tag-fr","18":"tag-france","19":"tag-news","20":"tag-news-paris","21":"tag-paris","22":"tag-paris-news","23":"tag-republique-francaise","24":"tag-sport","25":"tag-sport-national"},"share_on_mastodon":{"url":"https:\/\/pubeurope.com\/@fr\/114539185418136500","error":""},"_links":{"self":[{"href":"https:\/\/www.europesays.com\/fr\/wp-json\/wp\/v2\/posts\/113851","targetHints":{"allow":["GET"]}}],"collection":[{"href":"https:\/\/www.europesays.com\/fr\/wp-json\/wp\/v2\/posts"}],"about":[{"href":"https:\/\/www.europesays.com\/fr\/wp-json\/wp\/v2\/types\/post"}],"author":[{"embeddable":true,"href":"https:\/\/www.europesays.com\/fr\/wp-json\/wp\/v2\/users\/2"}],"replies":[{"embeddable":true,"href":"https:\/\/www.europesays.com\/fr\/wp-json\/wp\/v2\/comments?post=113851"}],"version-history":[{"count":0,"href":"https:\/\/www.europesays.com\/fr\/wp-json\/wp\/v2\/posts\/113851\/revisions"}],"wp:featuredmedia":[{"embeddable":true,"href":"https:\/\/www.europesays.com\/fr\/wp-json\/wp\/v2\/media\/113852"}],"wp:attachment":[{"href":"https:\/\/www.europesays.com\/fr\/wp-json\/wp\/v2\/media?parent=113851"}],"wp:term":[{"taxonomy":"category","embeddable":true,"href":"https:\/\/www.europesays.com\/fr\/wp-json\/wp\/v2\/categories?post=113851"},{"taxonomy":"post_tag","embeddable":true,"href":"https:\/\/www.europesays.com\/fr\/wp-json\/wp\/v2\/tags?post=113851"}],"curies":[{"name":"wp","href":"https:\/\/api.w.org\/{rel}","templated":true}]}}