{"id":1138519,"date":"2026-08-20T15:12:17","date_gmt":"2026-08-20T15:12:17","guid":{"rendered":"https:\/\/www.europesays.com\/fr\/1138519\/"},"modified":"2026-08-20T15:12:17","modified_gmt":"2026-08-20T15:12:17","slug":"pres-de-nantes-ce-nouveau-spectacle-invite-le-public-a-danser","status":"publish","type":"post","link":"https:\/\/www.europesays.com\/fr\/1138519\/","title":{"rendered":"Pr\u00e8s de Nantes : ce nouveau spectacle invite le public \u00e0 danser"},"content":{"rendered":"<p>                    Par<br \/>\n        <strong><br \/>\n            <a href=\"https:\/\/actu.fr\/auteur\/farah-sadallah\" title=\"Consulter tous les articles de Farah Sadallah\" rel=\"nofollow noopener\" target=\"_blank\">Farah Sadallah<\/a><br \/>\n                    <\/strong><\/p>\n<p>        Publi\u00e9 le<\/p>\n<p>            20 ao\u00fbt 2026 \u00e0 16h13        <\/p>\n<p>Pendant 2 h 30, le public est invit\u00e9 \u00e0 fouler le parquet et \u00e0 prendre part \u00e0 la danse. C\u2019est ce qui attend les spectateurs qui voudront participer au bal immersif et participatif, samedi 12 septembre 2026, au Th\u00e9\u00e2tre Lig\u00e9ria, \u00e0 Sainte-Luce-sur-Loire, pr\u00e8s de <a href=\"https:\/\/actu.fr\/nantes\/\" rel=\"nofollow noopener\" target=\"_blank\">Nantes<\/a>.<\/p>\n<p class=\" wall-content\">Pour l\u2019ouverture de sa saison culturelle 2026\/2027, l\u2019\u00e9tablissement municipal accueille la toute premi\u00e8re repr\u00e9sentation de Dansoire Sauvage\u00a0de la compagnie La Piste \u00e0 Dansoire. \u00ab\u00a0Cette cr\u00e9ation collective propose une exp\u00e9rience festive, participative\u00a0et interg\u00e9n\u00e9rationnelle\u00a0\u00bb, annonce le communiqu\u00e9 de presse de la Ville.<\/p>\n<p>Une coproduction avec la Ville<\/p>\n<p class=\" wall-content\">Danse traditionnelle, contemporaine, chant et musique se m\u00ealent dans ce spectacle, invitant les spectateurs \u00e0 suivre le mouvement. Coproduit notamment par la ville de Sainte-Luce-sur-Loire, Dansoire sauvage est le fruit\u00a0d\u2019un travail de cr\u00e9ation men\u00e9 avec le soutien de plusieurs lieux et partenaires.\u00a0<\/p>\n<p>    <img   decoding=\"async\" loading=\"lazy\" class=\"size-large\" src=\"https:\/\/www.europesays.com\/fr\/wp-content\/uploads\/2026\/08\/9b1fd217f68a6cf1fd217f68ae32fdv-960x640.jpg\" alt=\"\" entre=\"\" folklore=\"\" et=\"\" transe=\"\" traditionnel=\"\" contemporain=\"\" la=\"\" danse=\"\" le=\"\" chant=\"\" se=\"\" partagent=\"\" dans=\"\" un=\"\" m=\"\" mouvement=\"\" pour=\"\" vivre=\"\" voyage=\"\" atemporel=\"\" sensationnel.=\"\" une=\"\" invitation=\"\" ancrer=\"\" les=\"\" pieds=\"\" sol=\"\" tourner=\"\" yeux=\"\" vers=\"\" indique=\"\" site=\"\" de=\"\" ville.=\"\" width=\"960\" height=\"640\"\/><br \/>\n    \u00ab\u00a0Entre folklore et transe, traditionnel et contemporain, la danse et le chant se partagent dans un m\u00eame mouvement pour vivre un voyage atemporel et sensationnel. Une invitation \u00e0 ancrer les pieds dans le sol, et \u00e0 tourner les yeux vers les \u00e9toiles\u00a0\u00bb, d\u00e9crit le site de la Ville. \u00a9Damien Bossis<\/p>\n<p class=\" wall-content\">Le tarif est de 5 euros et pour r\u00e9server, c\u2019est <a href=\"https:\/\/www.sainte-luce-loire.com\/agenda\/dansoire-sauvage\/\" rel=\"nofollow noopener\" target=\"_blank\">ici<\/a>.<\/p>\n<p><b>Infos pratiques :<\/b> Samedi 12 septembre 2026 \u00e0 20 h au Th\u00e9\u00e2tre Lig\u00e9ria, 80 rue de la Loire. Tout public. Dur\u00e9e : 2 h 30. Tarif : 5 \u20ac<\/p>\n<p class=\" wall-content\">Personnalisez votre actualit\u00e9 en ajoutant vos villes et m\u00e9dias en favori avec <a href=\"https:\/\/moncompte.actu.fr\" title=\"D\u00e9couvez Mon Actu\" rel=\"nofollow noopener\" data-trk=\"{&quot;cta&quot;:{&quot;action&quot;:&quot;https:\\\/\\\/moncompte.actu.fr&quot;,&quot;category&quot;:&quot;mon compte&quot;,&quot;from&quot;:&quot;article footer&quot;,&quot;name&quot;:&quot;Mon actu&quot;,&quot;type&quot;:&quot;cta&quot;}}\" target=\"_blank\">Mon Actu<\/a>.<\/p>\n","protected":false},"excerpt":{"rendered":"Par Farah Sadallah Publi\u00e9 le 20 ao\u00fbt 2026 \u00e0 16h13 Pendant 2 h 30, le public est invit\u00e9&hellip;\n","protected":false},"author":2,"featured_media":1138520,"comment_status":"","ping_status":"","sticky":false,"template":"","format":"standard","meta":{"footnotes":"","_share_on_mastodon":"0"},"categories":[2818],"tags":[1111,11,5972,1777,674,1011,27,1652,873,766,12,2636,25,853],"class_list":["post-1138519","post","type-post","status-publish","format-standard","has-post-thumbnail","category-nantes","tag-actu","tag-actualites","tag-danse","tag-eu","tag-europe","tag-fr","tag-france","tag-loisirs-culture","tag-musique","tag-nantes","tag-news","tag-pays-de-la-loire","tag-republique-francaise","tag-spectacles"],"share_on_mastodon":{"url":"https:\/\/pubeurope.com\/@fr\/117128486459474718","error":""},"_links":{"self":[{"href":"https:\/\/www.europesays.com\/fr\/wp-json\/wp\/v2\/posts\/1138519","targetHints":{"allow":["GET"]}}],"collection":[{"href":"https:\/\/www.europesays.com\/fr\/wp-json\/wp\/v2\/posts"}],"about":[{"href":"https:\/\/www.europesays.com\/fr\/wp-json\/wp\/v2\/types\/post"}],"author":[{"embeddable":true,"href":"https:\/\/www.europesays.com\/fr\/wp-json\/wp\/v2\/users\/2"}],"replies":[{"embeddable":true,"href":"https:\/\/www.europesays.com\/fr\/wp-json\/wp\/v2\/comments?post=1138519"}],"version-history":[{"count":0,"href":"https:\/\/www.europesays.com\/fr\/wp-json\/wp\/v2\/posts\/1138519\/revisions"}],"wp:featuredmedia":[{"embeddable":true,"href":"https:\/\/www.europesays.com\/fr\/wp-json\/wp\/v2\/media\/1138520"}],"wp:attachment":[{"href":"https:\/\/www.europesays.com\/fr\/wp-json\/wp\/v2\/media?parent=1138519"}],"wp:term":[{"taxonomy":"category","embeddable":true,"href":"https:\/\/www.europesays.com\/fr\/wp-json\/wp\/v2\/categories?post=1138519"},{"taxonomy":"post_tag","embeddable":true,"href":"https:\/\/www.europesays.com\/fr\/wp-json\/wp\/v2\/tags?post=1138519"}],"curies":[{"name":"wp","href":"https:\/\/api.w.org\/{rel}","templated":true}]}}