{"id":1138524,"date":"2026-08-20T15:15:17","date_gmt":"2026-08-20T15:15:17","guid":{"rendered":"https:\/\/www.europesays.com\/fr\/1138524\/"},"modified":"2026-08-20T15:15:17","modified_gmt":"2026-08-20T15:15:17","slug":"pour-feter-la-fin-des-incendies-la-mairie-de-bordeaux-organise-un-gigantesque-barbecue","status":"publish","type":"post","link":"https:\/\/www.europesays.com\/fr\/1138524\/","title":{"rendered":"Pour f\u00eater la fin des incendies, la mairie de Bordeaux organise un gigantesque barbecue"},"content":{"rendered":"<p class=\"wp-block-paragraph\">C\u2019est la fin de plusieurs semaines de cauchemar que la mairie de Bordeaux a d\u00e9cid\u00e9 de c\u00e9l\u00e9brer ce vendredi en organisant un barbecue g\u00e9ant r\u00e9parti sur 30 communes. Au programme : c\u00f4telettes, chipolatas et brochettes brais\u00e9es, mais \u00e9galement cracheurs de feu, bolas enflamm\u00e9s, pyrogravure et pour finir la soir\u00e9e en beaut\u00e9 : un gigantesque feu d\u2019artifice.\u00a0<\/p>\n<p class=\"wp-block-paragraph\">Un v\u00e9ritable \u00ab\u00a0hymne \u00e0 la vie\u00a0\u00bb que le maire de Bordeaux Thomas Cazenave a d\u00e9clar\u00e9 \u00ab\u00a0avoir pu financer int\u00e9gralement en annulant plusieurs millions d\u2019euros de cr\u00e9dits pour l\u2019achat de Canadairs.\u00a0\u00bb En plus des grillades, l\u2019int\u00e9gralit\u00e9 des fonds r\u00e9colt\u00e9s gr\u00e2ce \u00e0 la vente de briquets, de cigarettes et d\u2019allume-cigares aux couleurs de la r\u00e9gion servira quant \u00e0 elle \u00e0 financer l\u2019impression du Calendrier des Pompiers 2027 dans un papier cartonn\u00e9 d\u2019une rare finesse. De quoi rendre hommage comme il se doit \u00e0 un corps de m\u00e9tier aujourd\u2019hui plus que jamais indispensable<\/p>\n<p class=\"wp-block-paragraph\">Un repas festif largement m\u00e9rit\u00e9 et qui devrait laisser place pour le dessert \u00e0 l\u2019arriv\u00e9e du chef Philippe Etchebest, qui distribuera pour l\u2019occasion de succulentes bananes flamb\u00e9es au rhum pr\u00e9par\u00e9es \u00e0 m\u00eame le sol \u00e0 l\u2019ensemble des habitants.\u00a0<\/p>\n","protected":false},"excerpt":{"rendered":"C\u2019est la fin de plusieurs semaines de cauchemar que la mairie de Bordeaux a d\u00e9cid\u00e9 de c\u00e9l\u00e9brer ce&hellip;\n","protected":false},"author":2,"featured_media":1138525,"comment_status":"","ping_status":"","sticky":false,"template":"","format":"standard","meta":{"footnotes":"","_share_on_mastodon":"0"},"categories":[2817],"tags":[1111,11,1997,1777,674,11615,1011,27,5383,12,2219,25],"class_list":["post-1138524","post","type-post","status-publish","format-standard","has-post-thumbnail","category-bordeaux","tag-actu","tag-actualites","tag-bordeaux","tag-eu","tag-europe","tag-featured","tag-fr","tag-france","tag-incendies","tag-news","tag-nouvelle-aquitaine","tag-republique-francaise"],"share_on_mastodon":{"url":"https:\/\/pubeurope.com\/@fr\/117128496966865161","error":""},"_links":{"self":[{"href":"https:\/\/www.europesays.com\/fr\/wp-json\/wp\/v2\/posts\/1138524","targetHints":{"allow":["GET"]}}],"collection":[{"href":"https:\/\/www.europesays.com\/fr\/wp-json\/wp\/v2\/posts"}],"about":[{"href":"https:\/\/www.europesays.com\/fr\/wp-json\/wp\/v2\/types\/post"}],"author":[{"embeddable":true,"href":"https:\/\/www.europesays.com\/fr\/wp-json\/wp\/v2\/users\/2"}],"replies":[{"embeddable":true,"href":"https:\/\/www.europesays.com\/fr\/wp-json\/wp\/v2\/comments?post=1138524"}],"version-history":[{"count":0,"href":"https:\/\/www.europesays.com\/fr\/wp-json\/wp\/v2\/posts\/1138524\/revisions"}],"wp:featuredmedia":[{"embeddable":true,"href":"https:\/\/www.europesays.com\/fr\/wp-json\/wp\/v2\/media\/1138525"}],"wp:attachment":[{"href":"https:\/\/www.europesays.com\/fr\/wp-json\/wp\/v2\/media?parent=1138524"}],"wp:term":[{"taxonomy":"category","embeddable":true,"href":"https:\/\/www.europesays.com\/fr\/wp-json\/wp\/v2\/categories?post=1138524"},{"taxonomy":"post_tag","embeddable":true,"href":"https:\/\/www.europesays.com\/fr\/wp-json\/wp\/v2\/tags?post=1138524"}],"curies":[{"name":"wp","href":"https:\/\/api.w.org\/{rel}","templated":true}]}}