{"id":113855,"date":"2025-05-20T08:21:12","date_gmt":"2025-05-20T08:21:12","guid":{"rendered":"https:\/\/www.europesays.com\/fr\/113855\/"},"modified":"2025-05-20T08:21:12","modified_gmt":"2025-05-20T08:21:12","slug":"lenny-kravitz-a-quoi-ressemble-son-incroyable-hotel-particulier-a-paris","status":"publish","type":"post","link":"https:\/\/www.europesays.com\/fr\/113855\/","title":{"rendered":"Lenny Kravitz : \u00e0 quoi ressemble son incroyable h\u00f4tel particulier \u00e0 Paris ?"},"content":{"rendered":"<p>Quand on pense \u00e0 <a href=\"https:\/\/www.closermag.fr\/people\/lenny-kravitz-ses-tendres-revelations-sur-sa-relation-avec-sa-fille-zoe-kravitz-1179203\" target=\"_blank\" rel=\"noopener\"><br \/>\nLenny Kravitz<\/a>, on imagine imm\u00e9diatement <strong>une silhouette<br \/>\nrock, une voix suave, et un style inimitable<\/strong>. Mais<br \/>\nderri\u00e8re le chanteur, il y a aussi un passionn\u00e9 de design et de<br \/>\nd\u00e9coration d\u2019int\u00e9rieur. Et \u00e0 Paris, dans le tr\u00e8s hupp\u00e9 XVIe<br \/>\narrondissement, l\u2019artiste a donn\u00e9 vie \u00e0 un lieu unique : <strong>un<br \/>\nh\u00f4tel particulier de 1500 m\u00b2, r\u00e9nov\u00e9 \u00e0 son image<\/strong>.<\/p>\n<p>Acquise au d\u00e9but des ann\u00e9es 2000, cette b\u00e2tisse des ann\u00e9es 1920<br \/>\nappartenait autrefois \u00e0 la comtesse Anne d\u2019Ornano. Kravitz l\u2019a<br \/>\nrebaptis\u00e9e \u00ab\u00a0H\u00f4tel de Roxie\u00a0\u00bb, en hommage \u00e0 sa m\u00e8re, Roxie<br \/>\nRoker, actrice am\u00e9ricaine connue pour son r\u00f4le dans la s\u00e9rie<br \/>\nThe Jeffersons. <strong>Plus qu\u2019un clin d\u2019\u0153il, c\u2019est une<br \/>\nd\u00e9claration d\u2019amour \u00e0 la femme qui l\u2019a \u00e9lev\u00e9 et<br \/>\ninspir\u00e9<\/strong>.<\/p>\n<p>Une maison charg\u00e9e d\u2019histoire et de sens<\/p>\n<p>See more of the musician&rsquo;s Paris home:<br \/>\nhttps:\/\/www.architecturaldigest.com\/gallery\/inside-lenny-kravitzs-paris-refuge<br \/>\nShop picks inspired by the musician\u2019s home:<br \/>\nhttps:\/\/www.architecturaldigest.com\/shopping\/lenny-kravitz-open-door<br \/>\nArtwork \u00a9 Nathaniel Mary Quinn 00:00 Intro 00:28 Entry Hall 03:11<br \/>\nPetit Salon 05:09 Grand Salon 07:28 Dining Room 09:17 Library 10:11<br \/>\nStudio 10:58 Bedroom 13:27 Basement Club Feeling inspired?<br \/>\nSubscribe to AD and get a free tote with your subscription! \u2192<br \/>\nhttps:\/\/bit.ly\/4jBCUMl Still haven\u2019t subscribed to Architectural<br \/>\nDigest on YouTube? \u25ba\u25ba http:\/\/bit.ly\/2zl7s34 ABOUT ARCHITECTURAL<br \/>\nDIGEST The leading international design authority, Architectural<br \/>\nDigest features articles and videos of the best in architecture,<br \/>\nstyle, culture, travel, and shopping.\u00a0\u00bb&gt;<\/p>\n<p>D\u00e8s l\u2019entr\u00e9e, le ton est donn\u00e9. Un piano Steinway, qu\u2019il a<br \/>\nlui-m\u00eame dessin\u00e9, tr\u00f4ne majestueusement au pied d\u2019un escalier<br \/>\nsculptural. <strong>Chaque pi\u00e8ce est pens\u00e9e comme un tableau<br \/>\nvivant, o\u00f9 les objets choisis racontent une partie de son<br \/>\nhistoire<\/strong>. On y croise des \u0153uvres sign\u00e9es Basquiat ou<br \/>\nWarhol, des sculptures africaines, et du mobilier vintage des<br \/>\nann\u00e9es 60 et 70 soigneusement s\u00e9lectionn\u00e9.<\/p>\n<p>La salle \u00e0 manger, chaleureuse et graphique, s\u2019organise autour<br \/>\nd\u2019une table de Karl Springer, entour\u00e9e de chaises \u00ab\u00a0Africa\u00a0\u00bb<br \/>\ndessin\u00e9es par Scarpa. Dans la biblioth\u00e8que, c\u2019est l\u2019\u00e9motion qui<br \/>\ndomine : <strong>les bottes de<\/strong> <a href=\"https:\/\/www.closermag.fr\/people\/mick-jagger-produit-un-biopic-consacre-a-james-brown-120520\" target=\"_blank\" rel=\"noopener\"><br \/>\nJames Brown<\/a><strong>, un portrait de Diahann Carroll, sa<br \/>\nmarraine, et les livres ayant appartenu \u00e0 sa m\u00e8re<\/strong> y sont<br \/>\nexpos\u00e9s avec une simplicit\u00e9 d\u00e9sarmante. Rien n\u2019est fig\u00e9, tout est<br \/>\nhabit\u00e9.<\/p>\n<p>Une Chaufferie transform\u00e9e en club<br \/>\npriv\u00e9<\/p>\n<p>Mais le clou du spectacle se trouve au sous-sol. L\u00e0, l\u2019ancienne<br \/>\nchaufferie a \u00e9t\u00e9 r\u00e9invent\u00e9e en club priv\u00e9 aux airs de speakeasy.<br \/>\n<strong>Lumi\u00e8re tamis\u00e9e, boule \u00e0 facettes vintage, calandre de<br \/>\nvoiture incrust\u00e9e dans un mur, et tables chin\u00e9es aux puces de<br \/>\nSaint-Ouen donnent le ton<\/strong>. C\u2019est ici que <a href=\"https:\/\/www.closermag.fr\/people\/zoe-kravitz-et-karl-glusman-officiellement-divorces-1385359\" target=\"_blank\" rel=\"noopener\"><br \/>\nsa fille Zo\u00eb<\/a> organise des soir\u00e9es intimistes, dans une ambiance<br \/>\nfeutr\u00e9e mais r\u00e9solument festive.<\/p>\n<p>On y danse, on y rit, on y vit. Loin des clich\u00e9s d\u2019une rockstar<br \/>\nrecluse, <strong>Lenny Kravitz a imagin\u00e9 un lieu de vie o\u00f9 l\u2019art,<br \/>\nla musique, et les racines se r\u00e9pondent<\/strong>. Un espace o\u00f9 le<br \/>\nluxe se fait discret, et o\u00f9 l\u2019\u00e9l\u00e9gance prend des airs d\u2019humanit\u00e9. \u00c0<br \/>\ntravers son agence Kravitz Design, l\u2019artiste a supervis\u00e9 chaque<br \/>\nd\u00e9tail, insufflant \u00e0 la maison sa philosophie du \u00ab\u00a0soulful<br \/>\nelegance\u00a0\u00bb : <strong>une \u00e9l\u00e9gance incarn\u00e9e, sensible,<br \/>\npersonnelle<\/strong>.<\/p>\n<p>Diaporama<br \/>\n<img decoding=\"async\" class=\"diapo_img img-responsive lazy-load\" loading=\"lazy\" src=\"https:\/\/www.europesays.com\/fr\/wp-content\/uploads\/2025\/05\/capture-decran-356.png\"\/><\/p>\n<p>Architectural Digest<\/p>\n<p>1\/4 Hall d\u2019entr\u00e9e grandiose et graphique<\/p>\n<p>Sol en damier noir et blanc, escalier \u00e0<br \/>\nbalustres en fer forg\u00e9, piano \u00e0 queue et \u0153uvres contemporaines\u2026<br \/>\nL\u2019entr\u00e9e donne imm\u00e9diatement le ton : \u00e9l\u00e9gance, personnalit\u00e9, et<br \/>\npassion pour les formes intemporelles et les contrastes<br \/>\nforts.<\/p>\n<p>Sol en damier noir et blanc, escalier \u00e0 balustres en fer forg\u00e9,<br \/>\npiano \u00e0 queue et \u0153uvres contemporaines\u2026 L\u2019entr\u00e9e donne<br \/>\nimm\u00e9diatement le ton : \u00e9l\u00e9gance, personnalit\u00e9, et passion pour les<br \/>\nformes intemporelles et les contrastes forts.<\/p>\n<p><img decoding=\"async\" class=\"diapo_img img-responsive lazy-load\" loading=\"lazy\" src=\"https:\/\/www.europesays.com\/fr\/wp-content\/uploads\/2025\/05\/capture-decran-357.png\"\/><\/p>\n<p>Architectural Digest<\/p>\n<p>2\/4 Salle \u00e0 manger sculpturale et<br \/>\nprofonde<\/p>\n<p>Ici, le noir r\u00e8gne en ma\u00eetre. La table<br \/>\nde repas en marbre sombre s&rsquo;\u00e9tire sous un chandelier de cristal<br \/>\nimposant. Chaises en bois nervur\u00e9, fauteuils en osier, et \u0153uvres<br \/>\nd\u2019art africaines viennent rappeler les racines culturelles ch\u00e8res \u00e0<br \/>\nl\u2019artiste.<\/p>\n<p>Ici, le noir r\u00e8gne en ma\u00eetre. La table de repas en marbre sombre<br \/>\ns&rsquo;\u00e9tire sous un chandelier de cristal imposant. Chaises en bois<br \/>\nnervur\u00e9, fauteuils en osier, et \u0153uvres d\u2019art africaines viennent<br \/>\nrappeler les racines culturelles ch\u00e8res \u00e0 l\u2019artiste.<\/p>\n<p><img decoding=\"async\" class=\"diapo_img img-responsive lazy-load\" loading=\"lazy\" src=\"https:\/\/www.europesays.com\/fr\/wp-content\/uploads\/2025\/05\/capture-decran-355.png\"\/><\/p>\n<p>Architectural Digest<\/p>\n<p>3\/4 Salon lounge aux accents seventies<\/p>\n<p>Dans une ambiance feutr\u00e9e et solaire, un<br \/>\ncanap\u00e9 en velours ocre dialogue avec une table basse en laiton<br \/>\nbross\u00e9. Le lustre monumental en verres suspendus ajoute une touche<br \/>\nspectaculaire \u00e0 cette pi\u00e8ce pens\u00e9e comme un \u00e9crin de d\u00e9tente<br \/>\nchic.<\/p>\n<p>Dans une ambiance feutr\u00e9e et solaire, un canap\u00e9 en velours ocre<br \/>\ndialogue avec une table basse en laiton bross\u00e9. Le lustre<br \/>\nmonumental en verres suspendus ajoute une touche spectaculaire \u00e0<br \/>\ncette pi\u00e8ce pens\u00e9e comme un \u00e9crin de d\u00e9tente chic.<\/p>\n<p><img decoding=\"async\" class=\"diapo_img img-responsive lazy-load\" loading=\"lazy\" src=\"https:\/\/www.europesays.com\/fr\/wp-content\/uploads\/2025\/05\/capture-decran-354.png\"\/><\/p>\n<p>Architectural Digest<\/p>\n<p>4\/4 Salle de bain royale au marbre noir<\/p>\n<p>Une baignoire sculpt\u00e9e dans un bloc de<br \/>\nmarbre noir tr\u00f4ne face aux grandes fen\u00eatres haussmanniennes. Le<br \/>\ntout est sublim\u00e9 par des lustres en cristal et une chaise-sculpture<br \/>\ndor\u00e9e en forme de main, m\u00ealant classicisme et excentricit\u00e9<br \/>\nartistique.<\/p>\n<p>Une baignoire sculpt\u00e9e dans un bloc de marbre noir tr\u00f4ne face aux<br \/>\ngrandes fen\u00eatres haussmanniennes. Le tout est sublim\u00e9 par des<br \/>\nlustres en cristal et une chaise-sculpture dor\u00e9e en forme de main,<br \/>\nm\u00ealant classicisme et excentricit\u00e9 artistique.<\/p>\n","protected":false},"excerpt":{"rendered":"Quand on pense \u00e0 Lenny Kravitz, on imagine imm\u00e9diatement une silhouette rock, une voix suave, et un style&hellip;\n","protected":false},"author":2,"featured_media":113856,"comment_status":"","ping_status":"","sticky":false,"template":"","format":"standard","meta":{"footnotes":""},"categories":[1888],"tags":[11,1777,674,1011,27,1638,9715,8414,12,626,25,729],"class_list":{"0":"post-113855","1":"post","2":"type-post","3":"status-publish","4":"format-standard","5":"has-post-thumbnail","7":"category-paris","8":"tag-actualites","9":"tag-eu","10":"tag-europe","11":"tag-fr","12":"tag-france","13":"tag-has_diapo","14":"tag-lenny-kravitz","15":"tag-maisons-de-stars","16":"tag-news","17":"tag-paris","18":"tag-republique-francaise","19":"tag-yout_video"},"share_on_mastodon":{"url":"https:\/\/pubeurope.com\/@fr\/114539193168267516","error":""},"_links":{"self":[{"href":"https:\/\/www.europesays.com\/fr\/wp-json\/wp\/v2\/posts\/113855","targetHints":{"allow":["GET"]}}],"collection":[{"href":"https:\/\/www.europesays.com\/fr\/wp-json\/wp\/v2\/posts"}],"about":[{"href":"https:\/\/www.europesays.com\/fr\/wp-json\/wp\/v2\/types\/post"}],"author":[{"embeddable":true,"href":"https:\/\/www.europesays.com\/fr\/wp-json\/wp\/v2\/users\/2"}],"replies":[{"embeddable":true,"href":"https:\/\/www.europesays.com\/fr\/wp-json\/wp\/v2\/comments?post=113855"}],"version-history":[{"count":0,"href":"https:\/\/www.europesays.com\/fr\/wp-json\/wp\/v2\/posts\/113855\/revisions"}],"wp:featuredmedia":[{"embeddable":true,"href":"https:\/\/www.europesays.com\/fr\/wp-json\/wp\/v2\/media\/113856"}],"wp:attachment":[{"href":"https:\/\/www.europesays.com\/fr\/wp-json\/wp\/v2\/media?parent=113855"}],"wp:term":[{"taxonomy":"category","embeddable":true,"href":"https:\/\/www.europesays.com\/fr\/wp-json\/wp\/v2\/categories?post=113855"},{"taxonomy":"post_tag","embeddable":true,"href":"https:\/\/www.europesays.com\/fr\/wp-json\/wp\/v2\/tags?post=113855"}],"curies":[{"name":"wp","href":"https:\/\/api.w.org\/{rel}","templated":true}]}}