{"id":113863,"date":"2025-05-20T08:24:09","date_gmt":"2025-05-20T08:24:09","guid":{"rendered":"https:\/\/www.europesays.com\/fr\/113863\/"},"modified":"2025-05-20T08:24:09","modified_gmt":"2025-05-20T08:24:09","slug":"les-etats-unis-seront-contents-de-refiler-le-baton-merdeux-au-vatican-tacle-dominique-de-villepin","status":"publish","type":"post","link":"https:\/\/www.europesays.com\/fr\/113863\/","title":{"rendered":"\u00abLes \u00c9tats-Unis seront contents de refiler le b\u00e2ton merdeux au Vatican\u00bb, tacle Dominique de Villepin"},"content":{"rendered":"<p>Ce lundi, Donald Trump et Vladimir Poutine se sont longuement entretenus pour \u00e9voquer la situation en Ukraine. Pour l\u2019ancien chef de la diplomatie fran\u00e7aise, ni l\u2019un ni l\u2019autre ne sont d\u00e9cid\u00e9s \u00e0 avancer vers la paix.<\/p>\n<p class=\"fig-paragraph\">Au lendemain d\u2019une discussion de plus de deux heures par t\u00e9l\u00e9phone entre\u00a0<a href=\"http:\/\/www.lefigaro.fr\/international\/guerre-en-ukraine-poutine-s-engage-devant-trump-a-discuter-d-un-cessez-le-feu-20250519\" data-fig-type=\"Article\" data-gtm-custom-categorie=\"navigation\" data-gtm-custom-action=\"crossclick\" data-gtm-custom-label=\"Contextuel\" data-gtm-event=\"customEventSPE\" data-fig-domain=\"LEFIGARO\" rel=\"nofollow noopener\" target=\"_blank\">Donald Trump et Vladimir Poutine<\/a>\u00a0au sujet de la<a href=\"http:\/\/www.lefigaro.fr\/international\/dossier\/guerre-en-ukraine-les-reportages-du-figaro\" data-fig-type=\"Topic\" data-gtm-custom-categorie=\"navigation\" data-gtm-custom-action=\"crossclick\" data-gtm-custom-label=\"Contextuel\" data-gtm-event=\"customEventSPE\" data-fig-domain=\"LEFIGARO\" rel=\"nofollow noopener\" target=\"_blank\">\u00a0guerre en Ukraine<\/a>,\u00a0<a href=\"http:\/\/www.lefigaro.fr\/politique\/a-deux-ans-de-la-presidentielle-dominique-de-villepin-goute-a-une-popularite-retrouvee-et-entretient-le-mystere-20250308\" data-fig-type=\"Article\" data-gtm-custom-categorie=\"navigation\" data-gtm-custom-action=\"crossclick\" data-gtm-custom-label=\"Contextuel\" data-gtm-event=\"customEventSPE\" data-fig-domain=\"LEFIGARO\" rel=\"nofollow noopener\" target=\"_blank\">Dominique de Villepin<\/a>\u00a0a rappel\u00e9 au micro de France Info ce mardi matin que si cette discussion est parue \u00abutile\u00bb aux yeux du dirigeant russe, celui-ci reste camp\u00e9 sur ses positions. \u00abVladimir Poutine n\u2019a pas boug\u00e9 d\u2019un iota\u00bb, a indiqu\u00e9 l\u2019ancien premier ministre. Ce qui convient bien aux \u00c9tats-Unis. \u00abNous sommes devant un jeu de r\u00f4le, pour ne pas dire une mascarade. Donald Trump et Vladimir Poutine ne sont pas d\u00e9cid\u00e9s \u00e0 v\u00e9ritablement avancer. Ce qui est important pour Donald Trump, ce n\u2019est pas l\u2019Ukraine, c\u2019est la relation bilat\u00e9rale avec la Russie et les perspectives immenses de d\u00e9veloppement \u00e9conomique qu\u2019offre le territoire russe\u00bb, a-t-il ajout\u00e9.<\/p>\n<p class=\"fig-paragraph\">Pour Dominique de Villepin, cette rencontre entre les deux dirigeants russe et am\u00e9ricain \u00abn\u2019est que du th\u00e9\u00e2tre, il faut se rendre \u00e0 l\u2019\u00e9vidence\u00bb. \u00abCe qui se joue, c\u2019est l\u2019espoir du c\u00f4t\u00e9 des Europ\u00e9ens et des Ukrainiens que Donald Trump ouvre les yeux pour sanctionner la Russie. Tout le monde joue un r\u00f4le parfaitement hypocrite\u00bb, a-t-il poursuivi.<\/p>\n<p>\u00abLe Vatican ne peut pas rapidement imaginer un cessez-le-feu\u00bb<\/p>\n<p class=\"fig-paragraph\">\u00c0 l\u2019issue de ses \u00e9changes avec Vladimir Poutine, Donald Trump a fait savoir que le\u00a0<a href=\"http:\/\/www.lefigaro.fr\/actualite-france\/ce-pape-me-donne-soudain-envie-de-retourner-a-l-eglise-reportage-au-vatican-apres-l-election-de-leon-xiv-20250514\" data-fig-type=\"Article\" data-gtm-custom-categorie=\"navigation\" data-gtm-custom-action=\"crossclick\" data-gtm-custom-label=\"Contextuel\" data-gtm-event=\"customEventSPE\" data-fig-domain=\"LEFIGARO\" rel=\"nofollow noopener\" target=\"_blank\">Vatican<\/a>, repr\u00e9sent\u00e9 par le\u00a0<a href=\"http:\/\/www.lefigaro.fr\/actualite-france\/dossier\/leon-xiv-tout-savoir-sur-le-nouveau-pape\" data-fig-type=\"Topic\" data-gtm-custom-categorie=\"navigation\" data-gtm-custom-action=\"crossclick\" data-gtm-custom-label=\"Contextuel\" data-gtm-event=\"customEventSPE\" data-fig-domain=\"LEFIGARO\" rel=\"nofollow noopener\" target=\"_blank\">pape<\/a>, pourrait prendre part aux \u00e9changes. Ce qui, selon Dominique de Villepin, semble \u00eatre int\u00e9ressant pour les \u00c9tats-Unis. \u00abSi \u00e0 un moment donn\u00e9 tout cela est bloqu\u00e9, les \u00c9tats-Unis seront tr\u00e8s contents de refiler le b\u00e2ton merdeux au Vatican ou \u00e0 un autre n\u00e9gociateur\u00bb, a d\u00e9clar\u00e9 l\u2019ancien premier ministre. Avant de pr\u00e9ciser que \u00able Vatican, compte tenu de ses relations avec l\u2019\u00c9glise orthodoxe peut nouer des liens, mais il ne peut pas rapidement imaginer un cessez-le-feu\u00bb.<\/p>\n<p class=\"fig-paragraph\">Dominique de Villepin a par la suite rappel\u00e9 l\u2019importance et l\u2019urgence d\u2019\u00abune proposition de paix\u00bb. \u00abLa faiblesse des Europ\u00e9ens dans les n\u00e9gociations est de ne pas \u00eatre arriv\u00e9s avec les Ukrainiens \u00e0 une vraie feuille de route, une vraie offre de paix\u00bb, a-t-il compl\u00e9t\u00e9.<\/p>\n","protected":false},"excerpt":{"rendered":"Ce lundi, Donald Trump et Vladimir Poutine se sont longuement entretenus pour \u00e9voquer la situation en Ukraine. Pour&hellip;\n","protected":false},"author":2,"featured_media":113864,"comment_status":"","ping_status":"","sticky":false,"template":"","format":"standard","meta":{"footnotes":""},"categories":[1589],"tags":[259,11,260,23385,73,1866,131,14,261,12,262,1864,1865,1863,308],"class_list":{"0":"post-113863","1":"post","2":"type-post","3":"status-publish","4":"format-standard","5":"has-post-thumbnail","7":"category-etats-unis","8":"tag-actualite-internationale","9":"tag-actualites","10":"tag-affaires-etrangeres","11":"tag-dominique-de-villepin","12":"tag-etats-unis","13":"tag-etats-unis-damerique","14":"tag-guerre-en-ukraine","15":"tag-international","16":"tag-ministere-des-affaires-etrangeres","17":"tag-news","18":"tag-politique-etrangere","19":"tag-united-states","20":"tag-united-states-of-america","21":"tag-us","22":"tag-usa"},"share_on_mastodon":{"url":"https:\/\/pubeurope.com\/@fr\/114539204685565738","error":""},"_links":{"self":[{"href":"https:\/\/www.europesays.com\/fr\/wp-json\/wp\/v2\/posts\/113863","targetHints":{"allow":["GET"]}}],"collection":[{"href":"https:\/\/www.europesays.com\/fr\/wp-json\/wp\/v2\/posts"}],"about":[{"href":"https:\/\/www.europesays.com\/fr\/wp-json\/wp\/v2\/types\/post"}],"author":[{"embeddable":true,"href":"https:\/\/www.europesays.com\/fr\/wp-json\/wp\/v2\/users\/2"}],"replies":[{"embeddable":true,"href":"https:\/\/www.europesays.com\/fr\/wp-json\/wp\/v2\/comments?post=113863"}],"version-history":[{"count":0,"href":"https:\/\/www.europesays.com\/fr\/wp-json\/wp\/v2\/posts\/113863\/revisions"}],"wp:featuredmedia":[{"embeddable":true,"href":"https:\/\/www.europesays.com\/fr\/wp-json\/wp\/v2\/media\/113864"}],"wp:attachment":[{"href":"https:\/\/www.europesays.com\/fr\/wp-json\/wp\/v2\/media?parent=113863"}],"wp:term":[{"taxonomy":"category","embeddable":true,"href":"https:\/\/www.europesays.com\/fr\/wp-json\/wp\/v2\/categories?post=113863"},{"taxonomy":"post_tag","embeddable":true,"href":"https:\/\/www.europesays.com\/fr\/wp-json\/wp\/v2\/tags?post=113863"}],"curies":[{"name":"wp","href":"https:\/\/api.w.org\/{rel}","templated":true}]}}