{"id":113869,"date":"2025-05-20T08:28:18","date_gmt":"2025-05-20T08:28:18","guid":{"rendered":"https:\/\/www.europesays.com\/fr\/113869\/"},"modified":"2025-05-20T08:28:18","modified_gmt":"2025-05-20T08:28:18","slug":"le-royaume-uni-et-lue-concluent-un-accord-post-brexit-sur-la-defense-et-le-commerce","status":"publish","type":"post","link":"https:\/\/www.europesays.com\/fr\/113869\/","title":{"rendered":"Le Royaume-Uni et l&rsquo;UE concluent un accord post-Brexit sur la d\u00e9fense et le commerce"},"content":{"rendered":"<p>Le Royaume-Uni et l&rsquo;Union europ\u00e9enne ont conclu un accord couvrant la d\u00e9fense, le commerce et d&rsquo;autres domaines pour tenter de r\u00e9parer les liens tendus depuis le Brexit en\u202f2020. <\/p>\n<p>Le premier ministre britannique Keir Starmer, le pr\u00e9sident du Conseil europ\u00e9en Antonio Costa et la pr\u00e9sidente de la Commission europ\u00e9enne Ursula von der Leyen se sont rencontr\u00e9s \u00e0 Londres lundi pour le premier sommet r\u00e9gulier entre le Royaume-Uni et l&rsquo;UE depuis le Brexit. <\/p>\n<p>Ils ont convenu d&rsquo;un partenariat en mati\u00e8re de s\u00e9curit\u00e9 et de d\u00e9fense qui ouvrira la voie \u00e0 la participation des entreprises britanniques \u00e0 un programme de l&rsquo;UE pour l&rsquo;achat d&rsquo;armes. <\/p>\n<p>Les deux parties ont \u00e9galement convenu de simplifier les proc\u00e9dures d&rsquo;importation et d&rsquo;exportation des produits agricoles, et d&rsquo;entamer des n\u00e9gociations sur l&rsquo;introduction d&rsquo;un visa de travail \u00e0 court terme pour les jeunes. <\/p>\n<p>Le premier ministre britannique, qui a pris ses fonctions l&rsquo;ann\u00e9e derni\u00e8re, s&rsquo;est efforc\u00e9 de r\u00e9tablir les relations avec l&rsquo;UE, principal partenaire commercial du Royaume-Uni. <\/p>\n<p>Il a d\u00e9clar\u00e9 \u00e0 la presse, \u00e0 l&rsquo;issue des discussions, que son pays \u00e9tait \u00ab\u202fde retour sur la sc\u00e8ne internationale\u202f\u00bb. <\/p>\n<p>Mme Von der Leyen a de son c\u00f4t\u00e9 d\u00e9clar\u00e9\u202f: \u00ab\u202fNous ouvrons un nouveau chapitre de notre relation unique.\u202f\u00bb<\/p>\n<p>L&rsquo;accord pr\u00e9voit \u00e9galement d&rsquo;autoriser les bateaux de p\u00eache de l&rsquo;UE \u00e0 acc\u00e9der aux eaux britanniques jusqu&rsquo;en\u202f2038. Les politiciens de l&rsquo;opposition au Royaume-Uni ont qualifi\u00e9e cette mesure de \u00ab\u202fcapitulation\u202f\u00bb devant l&rsquo;UE. <\/p>\n<p>Les responsables europ\u00e9ens se sont montr\u00e9s r\u00e9ticents \u00e0 l&rsquo;id\u00e9e de r\u00e9tablir les liens avec le Royaume-Uni qui a choisi de quitter l&rsquo;Union. Malgr\u00e9 tout, l&rsquo;UE a r\u00e9pondu favorablement \u00e0 la demande du Royaume-Uni de resserrer ses liens, alors que l&rsquo;administration du pr\u00e9sident am\u00e9ricain Donald Trump se tient \u00e0 distance de l&rsquo;Europe dans les domaines de la d\u00e9fense et de l&rsquo;\u00e9conomie.<\/p>\n","protected":false},"excerpt":{"rendered":"Le Royaume-Uni et l&rsquo;Union europ\u00e9enne ont conclu un accord couvrant la d\u00e9fense, le commerce et d&rsquo;autres domaines pour&hellip;\n","protected":false},"author":2,"featured_media":113870,"comment_status":"","ping_status":"","sticky":false,"template":"","format":"standard","meta":{"footnotes":""},"categories":[1586],"tags":[11,16595,16597,1777,674,1779,1011,27,16594,16599,12,16598,16602,16603,16604,16601,16596,16600,16605,25,16033,1778,364,28],"class_list":{"0":"post-113869","1":"post","2":"type-post","3":"status-publish","4":"format-standard","5":"has-post-thumbnail","7":"category-europe","8":"tag-actualites","9":"tag-asia","10":"tag-biz","11":"tag-eu","12":"tag-europe","13":"tag-european-union","14":"tag-fr","15":"tag-france","16":"tag-japan","17":"tag-japan-broadcasting-corporation","18":"tag-news","19":"tag-nhk","20":"tag-nhk-world","21":"tag-nhk-world-premium","22":"tag-nhk-world-tv","23":"tag-nhkworld","24":"tag-nuclear","25":"tag-public-broadcaster","26":"tag-radio-japan","27":"tag-republique-francaise","28":"tag-tech","29":"tag-ue","30":"tag-union-europeenne","31":"tag-world"},"share_on_mastodon":{"url":"https:\/\/pubeurope.com\/@fr\/114539220392980408","error":""},"_links":{"self":[{"href":"https:\/\/www.europesays.com\/fr\/wp-json\/wp\/v2\/posts\/113869","targetHints":{"allow":["GET"]}}],"collection":[{"href":"https:\/\/www.europesays.com\/fr\/wp-json\/wp\/v2\/posts"}],"about":[{"href":"https:\/\/www.europesays.com\/fr\/wp-json\/wp\/v2\/types\/post"}],"author":[{"embeddable":true,"href":"https:\/\/www.europesays.com\/fr\/wp-json\/wp\/v2\/users\/2"}],"replies":[{"embeddable":true,"href":"https:\/\/www.europesays.com\/fr\/wp-json\/wp\/v2\/comments?post=113869"}],"version-history":[{"count":0,"href":"https:\/\/www.europesays.com\/fr\/wp-json\/wp\/v2\/posts\/113869\/revisions"}],"wp:featuredmedia":[{"embeddable":true,"href":"https:\/\/www.europesays.com\/fr\/wp-json\/wp\/v2\/media\/113870"}],"wp:attachment":[{"href":"https:\/\/www.europesays.com\/fr\/wp-json\/wp\/v2\/media?parent=113869"}],"wp:term":[{"taxonomy":"category","embeddable":true,"href":"https:\/\/www.europesays.com\/fr\/wp-json\/wp\/v2\/categories?post=113869"},{"taxonomy":"post_tag","embeddable":true,"href":"https:\/\/www.europesays.com\/fr\/wp-json\/wp\/v2\/tags?post=113869"}],"curies":[{"name":"wp","href":"https:\/\/api.w.org\/{rel}","templated":true}]}}