{"id":11387,"date":"2025-04-08T23:49:47","date_gmt":"2025-04-08T23:49:47","guid":{"rendered":"https:\/\/www.europesays.com\/fr\/11387\/"},"modified":"2025-04-08T23:49:47","modified_gmt":"2025-04-08T23:49:47","slug":"la-russie-est-prete-a-tout-faire-pour-resoudre-les-tensions-nucleaires-entre-lamerique-et-liran","status":"publish","type":"post","link":"https:\/\/www.europesays.com\/fr\/11387\/","title":{"rendered":"La Russie est pr\u00eate \u00e0 tout faire pour r\u00e9soudre les tensions nucl\u00e9aires entre l&rsquo;Am\u00e9rique et l&rsquo;Iran"},"content":{"rendered":"<p>ARTA &#8211; Le porte-parole du Kremlin a d\u00e9clar\u00e9 lundi que la Russie \u00e9tait pr\u00eate \u00e0 faire tout pour aider \u00e0 r\u00e9soudre les tensions entre les \u00c9tats-Unis et l\u2019Iran autour du programme nucl\u00e9aire de T\u00e9h\u00e9ran, alors que Washington exige que T\u00e9h\u00e9ran conclue un accord nucl\u00e9aire avec lui ou bombarde.<\/p>\n<p>Moscou s\u2019est propos\u00e9 \u00e0 plusieurs reprises d\u2019\u00eatre un interm\u00e9diaire entre les deux parties, apr\u00e8s que les avertissements contre une action militaire contre l\u2019Iran par le pr\u00e9sident am\u00e9ricain Donald Trump aient secou\u00e9 toute la r\u00e9gion.<\/p>\n<p>\u00bb Nous continuons de nous consulter avec nos partenaires iraniens, y compris sur le sujet de l\u2019accord nucl\u00e9aire \u00bb, a d\u00e9clar\u00e9 le porte-parole du Kremlin, Dmitri Peskov, aux journalistes.<\/p>\n<p>r\u00e9nal. \u00ab Ce processus se poursuivra, y compris dans un proche avenir. Et, bien s\u00fbr, la Russie est pr\u00eate \u00e0 faire tout ce que nous pouvons pour faire pour contribuer \u00e0 la r\u00e9solution de cette question par des moyens politiques et diplomatiques \u00bb, a d\u00e9clar\u00e9 Peskov.<\/p>\n<p>Trump a retir\u00e9 le pays de l\u2019oncle Sam d\u2019un accord de 2015 entre l\u2019Iran et les grandes puissances mondiales imposant des restrictions strictes sur les activit\u00e9s nucl\u00e9aires contest\u00e9es de T\u00e9h\u00e9ran en \u00e9change d\u2019une lev\u00e9e des sanctions au cours de son premier mandat.<\/p>\n<p>ronyme : l&rsquo;Iran lui-m\u00eame a d\u00e9clar\u00e9 qu&rsquo;il avait besoin d&rsquo;une \u00e9nergie nucl\u00e9aire \u00e0 des fins pacifiques, d\u00e9menti les all\u00e9gations selon lesquelles il a tent\u00e9 d&rsquo;acqu\u00e9rir d&rsquo;armes nucl\u00e9aires.<\/p>\n<p>raman a rejet\u00e9 les demandes du pr\u00e9sident Trump de n\u00e9gociations directes, un haut responsable iranien ayant \u00e9mis un avertissement ce week-end aux pays voisins qui accueillent une base am\u00e9ricaine qu\u2019ils pourraient \u00eatre des cibles de tir.<\/p>\n<p>ronyme : La semaine derni\u00e8re, le vice-ministre russe des Affaires \u00e9trang\u00e8res Sergue\u00ef Riabkov a d\u00e9clar\u00e9 que les commentaires du pr\u00e9sident Trump sur les bombardements iraniens ne \u00ab compliqueraient la situation \u00bb et a averti que l\u2019attaque pourrait \u00eatre une \u00ab catastrophe \u00bb pour une r\u00e9gion plus large.<\/p>\n<p>ronyme : La Russie s&rsquo;est abstenue pour la plupart d&rsquo;une telle d\u00e9charge de critiques contre le pr\u00e9sident Trump.<\/p>\n<p>ronyme : Le pr\u00e9sident Vladimir Poutine lui-m\u00eame a agi rapidement depuis que le pr\u00e9sident Trump a pris ses fonctions pour am\u00e9liorer les relations avec les \u00c9tats-Unis dans le r\u00e9tablissement des relations qui sont consid\u00e9r\u00e9es comme des pr\u00e9occupations de la part de l\u2019Ukraine et de ses alli\u00e9s en Europe.<\/p>\n<p>d\u2019autre part, Moscou avait \u00e9galement d\u00e9j\u00e0 approfondu les relations avec T\u00e9h\u00e9ran depuis le d\u00e9but du conflit \u00e0 grande \u00e9chelle en Ukraine, les deux ont sign\u00e9 des accords de partenariat strat\u00e9gique en janvier.<\/p>\n<p>The English, Chinese, Japanese, Arabic, and French versions are automatically generated by the AI. So there may still be inaccuracies in translating, please always see Indonesian as our main language.<br \/>\n                                    (system supported by DigitalSiber.id)<\/p>\n","protected":false},"excerpt":{"rendered":"ARTA &#8211; Le porte-parole du Kremlin a d\u00e9clar\u00e9 lundi que la Russie \u00e9tait pr\u00eate \u00e0 faire tout pour&hellip;\n","protected":false},"author":2,"featured_media":11388,"comment_status":"","ping_status":"","sticky":false,"template":"","format":"standard","meta":{"footnotes":""},"categories":[1591],"tags":[5437,11,5436,5438,1887,3019,12,1885,1886,132,308],"class_list":{"0":"post-11387","1":"post","2":"type-post","3":"status-publish","4":"format-standard","5":"has-post-thumbnail","7":"category-russie","8":"tag-accords-nucleaire","9":"tag-actualites","10":"tag-ar","11":"tag-dmitri-peskov","12":"tag-federation-de-russie","13":"tag-iran","14":"tag-news","15":"tag-russia","16":"tag-russian-federation","17":"tag-russie","18":"tag-usa"},"share_on_mastodon":{"url":"https:\/\/pubeurope.com\/@fr\/114305028759986583","error":""},"_links":{"self":[{"href":"https:\/\/www.europesays.com\/fr\/wp-json\/wp\/v2\/posts\/11387","targetHints":{"allow":["GET"]}}],"collection":[{"href":"https:\/\/www.europesays.com\/fr\/wp-json\/wp\/v2\/posts"}],"about":[{"href":"https:\/\/www.europesays.com\/fr\/wp-json\/wp\/v2\/types\/post"}],"author":[{"embeddable":true,"href":"https:\/\/www.europesays.com\/fr\/wp-json\/wp\/v2\/users\/2"}],"replies":[{"embeddable":true,"href":"https:\/\/www.europesays.com\/fr\/wp-json\/wp\/v2\/comments?post=11387"}],"version-history":[{"count":0,"href":"https:\/\/www.europesays.com\/fr\/wp-json\/wp\/v2\/posts\/11387\/revisions"}],"wp:featuredmedia":[{"embeddable":true,"href":"https:\/\/www.europesays.com\/fr\/wp-json\/wp\/v2\/media\/11388"}],"wp:attachment":[{"href":"https:\/\/www.europesays.com\/fr\/wp-json\/wp\/v2\/media?parent=11387"}],"wp:term":[{"taxonomy":"category","embeddable":true,"href":"https:\/\/www.europesays.com\/fr\/wp-json\/wp\/v2\/categories?post=11387"},{"taxonomy":"post_tag","embeddable":true,"href":"https:\/\/www.europesays.com\/fr\/wp-json\/wp\/v2\/tags?post=11387"}],"curies":[{"name":"wp","href":"https:\/\/api.w.org\/{rel}","templated":true}]}}