{"id":113882,"date":"2025-05-20T08:39:09","date_gmt":"2025-05-20T08:39:09","guid":{"rendered":"https:\/\/www.europesays.com\/fr\/113882\/"},"modified":"2025-05-20T08:39:09","modified_gmt":"2025-05-20T08:39:09","slug":"wout-van-aert-va-prendre-le-depart-du-chrono-de-pise-avec-une-selle-a-1250-e-jai-tendance-a-glisser","status":"publish","type":"post","link":"https:\/\/www.europesays.com\/fr\/113882\/","title":{"rendered":"Wout van Aert va prendre le d\u00e9part du chrono de Pise avec une selle \u00e0 &#8230; 1250 \u20ac : \u00ab\u00a0J&rsquo;ai tendance \u00e0 glisser\u00a0\u00bb"},"content":{"rendered":"<p class=\"ap-StoryElement ap-StoryElement--mb ap-StoryText\">Un nouveau Giro commence pour Wout van Aert. <a href=\"https:\/\/www.dhnet.be\/sports\/cyclisme\/2025\/05\/18\/wout-van-aert-apres-sa-victoire-sur-letape-des-chemins-blancs-du-giro-peu-de-gens-savent-ce-que-cela-ma-demande-comme-forces-G44BBWBJIVBGNN7QQBRLXQ73BM\/\" target=\"_blank\" rel=\"noopener\">Apr\u00e8s sa superbe victoire \u00e0 Sienne<\/a>, le Belge &#8211; qui a re\u00e7u des centaines de messages de f\u00e9licitations &#8211; a profit\u00e9 d&rsquo;une journ\u00e9e de repos en Toscane, une r\u00e9gion qu&rsquo;il adore. \u00ab\u00a0Je n&rsquo;ai dormi que cinq heures durant la nuit de dimanche \u00e0 lundi \u00e0 cause de l&rsquo;adr\u00e9naline donc ce jour de repos m&rsquo;a fait du bien, car je me suis r\u00e9veill\u00e9 fatigu\u00e9\u00a0\u00bb, avouait-il lundi soir en conf\u00e9rence de presse.<\/p>\n<p class=\"ap-StoryElement ap-StoryElement--mb ap-StoryText\">Ce mardi, place au chrono plat entre Lucques et Pise (28,6 km) pour le coureur de Visma | Lease a bike, qui s&rsquo;\u00e9lancera \u00e0 14h34, tandis que les favoris du classement g\u00e9n\u00e9ral partiront deux heures plus tard. \u00ab\u00a0C&rsquo;est un parcours pour les vrais sp\u00e9cialistes\u00a0\u00bb, pr\u00e9cise-t-il, tout en pointant Joshua Tarling (<a href=\"https:\/\/www.dhnet.be\/sports\/cyclisme\/giro\/2025\/05\/10\/joshua-tarling-a-vecu-une-apres-midi-stressante-dan-le-hot-seat-du-giro-mais-cest-la-plus-grande-victoire-de-ma-carriere-AVGJELEJMVCL3BY6PNPYYUXHPI\/\" target=\"_blank\" rel=\"noopener\">d\u00e9j\u00e0 vainqueur du contre-la-montre \u00e0 Tirana<\/a>, et qui s&rsquo;\u00e9lancera deux minutes apr\u00e8s van Aert) comme grand favori.<\/p>\n","protected":false},"excerpt":{"rendered":"Un nouveau Giro commence pour Wout van Aert. Apr\u00e8s sa superbe victoire \u00e0 Sienne, le Belge &#8211; qui&hellip;\n","protected":false},"author":2,"featured_media":113883,"comment_status":"","ping_status":"","sticky":false,"template":"","format":"standard","meta":{"footnotes":""},"categories":[1411],"tags":[1154,207,1011,27,3996,13074,60],"class_list":{"0":"post-113882","1":"post","2":"type-post","3":"status-publish","4":"format-standard","5":"has-post-thumbnail","7":"category-cyclisme","8":"tag-cycling","9":"tag-cyclisme","10":"tag-fr","11":"tag-france","12":"tag-jeux-olympiques","13":"tag-le-giro-le-tour-ditalie","14":"tag-sports"},"share_on_mastodon":{"url":"https:\/\/pubeurope.com\/@fr\/114539263658451963","error":""},"_links":{"self":[{"href":"https:\/\/www.europesays.com\/fr\/wp-json\/wp\/v2\/posts\/113882","targetHints":{"allow":["GET"]}}],"collection":[{"href":"https:\/\/www.europesays.com\/fr\/wp-json\/wp\/v2\/posts"}],"about":[{"href":"https:\/\/www.europesays.com\/fr\/wp-json\/wp\/v2\/types\/post"}],"author":[{"embeddable":true,"href":"https:\/\/www.europesays.com\/fr\/wp-json\/wp\/v2\/users\/2"}],"replies":[{"embeddable":true,"href":"https:\/\/www.europesays.com\/fr\/wp-json\/wp\/v2\/comments?post=113882"}],"version-history":[{"count":0,"href":"https:\/\/www.europesays.com\/fr\/wp-json\/wp\/v2\/posts\/113882\/revisions"}],"wp:featuredmedia":[{"embeddable":true,"href":"https:\/\/www.europesays.com\/fr\/wp-json\/wp\/v2\/media\/113883"}],"wp:attachment":[{"href":"https:\/\/www.europesays.com\/fr\/wp-json\/wp\/v2\/media?parent=113882"}],"wp:term":[{"taxonomy":"category","embeddable":true,"href":"https:\/\/www.europesays.com\/fr\/wp-json\/wp\/v2\/categories?post=113882"},{"taxonomy":"post_tag","embeddable":true,"href":"https:\/\/www.europesays.com\/fr\/wp-json\/wp\/v2\/tags?post=113882"}],"curies":[{"name":"wp","href":"https:\/\/api.w.org\/{rel}","templated":true}]}}