{"id":1138824,"date":"2026-08-20T18:30:27","date_gmt":"2026-08-20T18:30:27","guid":{"rendered":"https:\/\/www.europesays.com\/fr\/1138824\/"},"modified":"2026-08-20T18:30:27","modified_gmt":"2026-08-20T18:30:27","slug":"alain-delon-limprobable-contenu-de-son-cercueil-de-douchy-devoile-par-son-fils-alain-fabien","status":"publish","type":"post","link":"https:\/\/www.europesays.com\/fr\/1138824\/","title":{"rendered":"Alain Delon\u00a0: L&rsquo;improbable contenu de son cercueil de Douchy, d\u00e9voil\u00e9 par son fils Alain-Fabien"},"content":{"rendered":"<p>\n                            C&rsquo;est dans sa propri\u00e9t\u00e9 du Loiret qu&rsquo;est enterr\u00e9 Alain Delon. Et son fils, Alain-Fabien, vient de d\u00e9voiler ce que comporte le cercueil du d\u00e9funt com\u00e9dien, mort il y a d\u00e9j\u00e0 deux ans.<\/p>\n<p>L&rsquo;heure est aux confidences pour Alain-Fabien Delon, le fils cadet du regrett\u00e9 acteur <a href=\"https:\/\/www.journaldesfemmes.fr\/people\/alain-delon\/\" title=\"Alain Delon\" rel=\"nofollow noopener\" target=\"_blank\">Alain Delon<\/a>, d\u00e9sormais \u00e2g\u00e9 de 32 ans. Longuement interrog\u00e9 par le magazine Paris Match, il a \u00e9voqu\u00e9 le combat judiciaire qu&rsquo;il m\u00e8ne contre sa s\u0153ur Anouchka, <a href=\"https:\/\/www.journaldesfemmes.fr\/people\/magazine\/3275149-actualite-info-people-france-aout-hayden-panettiere-patrick-bruel-mathilde-favier\/3275485-alain-fabien-delon\" rel=\"nofollow noopener\" target=\"_blank\">au point d&rsquo;en \u00eatre endett\u00e9<\/a>, mais est \u00e9galement revenu sur sa vie \u00e0 Douchy. C&rsquo;est ici qu&rsquo;il vit depuis quelques ann\u00e9es et qu&rsquo;a \u00e9t\u00e9 enterr\u00e9 son illustre p\u00e8re.<\/p>\n<p>Alain Delon enterr\u00e9 \u00e0 Douchy : dans son cercueil, il y a&#8230;\u00a0<\/p>\n<p>Selon sa volont\u00e9, l&rsquo;acteur de\u00a0Rocco et ses fr\u00e8res a donc \u00e9t\u00e9 enterr\u00e9 sur <a href=\"https:\/\/www.journaldesfemmes.fr\/people\/actus\/3195550-alain-delon-et-son-domaine-de-douchy-ce-detail-meconnu-revele-par-un-proche\/\" rel=\"nofollow noopener\" target=\"_blank\">son domaine de Douchy<\/a>, une immense propri\u00e9t\u00e9 du Loiret, o\u00f9 il a habit\u00e9 dans les ann\u00e9es 1980 avant un passage en Suisse puis un retour au bercail les derni\u00e8res ann\u00e9es de sa vie. Ici se trouve notamment une chapelle dans laquelle repose Alain Delon, mort le 18 ao\u00fbt 2024. Et, dans le cercueil de l&rsquo;acteur, plusieurs choses ont \u00e9t\u00e9 gliss\u00e9es par son fils comme il le lui avait r\u00e9clam\u00e9 avant sa mort : \u00ab\u00a0Dans mon cercueil, tu mettras \u00e7a et \u00e7a\u2026\u00a0\u00bb<\/p>\n<p><a class=\"fancy\" href=\"https:\/\/img-3.journaldesfemmes.fr\/OANmkIGxCwJs6A4UAW2C_O6M-FM=\/1080x\/smart\/f100cd33371045a3842a147276371c44\/ccmcms-jdf\/40093177.jpg\" rel=\"nofollow noopener\" target=\"_blank\"><img decoding=\"async\" alt=\"\" src=\"https:\/\/www.europesays.com\/fr\/wp-content\/uploads\/2026\/08\/40093177.jpg\"\/><\/a><\/p>\n<p>Anthony et Alain-Fabien Delon devant Douchy \u00a9\u00a0PATRICK GELY\/SIPA <\/p>\n<p>Mais alors, que trouve-t-on dans le cercueil d&rsquo;Alain Delon ? Avant tout, un t\u00e9moignage concret de son amour absolu pour les animaux.\u00a0\u00ab\u00a0J&rsquo;ai mis dans son cercueil, cal\u00e9 sous son bras son chat congel\u00e9 Poupouss, un moineau congel\u00e9 \u00e9galement qu&rsquo;il aimait, la patte empaill\u00e9e de Manu &#8211; un mastiff napolitain qu&rsquo;il adorait &#8211; qu&rsquo;il avait toujours \u00e0 son chevet et un pistolet d&rsquo;alarme avec lequel il dormait\u00a0\u00bb, a r\u00e9v\u00e9l\u00e9 Alain-Fabien.\u00a0\u00a0<\/p>\n<p>La chapelle qui abrite Alain Delon ouverte au public ?<\/p>\n<p>Il a donc respect\u00e9 les derni\u00e8res volont\u00e9s de son papa, qui avait plusieurs fois \u00e9mis le souhait de reposer pour l&rsquo;\u00e9ternit\u00e9 \u00e0 Douchy. Comme le soulignait France Dimanche, la star avait pr\u00e9vu sa tombe \u00ab\u00a0derri\u00e8re l&rsquo;autel de la chapelle\u00a0\u00bb et \u00ab\u00a0non loin de celle-ci se trouvent celles de ses nombreux chiens tant adul\u00e9s\u00a0\u00bb.\u00a0Une chapelle que le fils de l&rsquo;acteur veut ouvrir au public\u00a0: \u00ab\u00a0Je n&rsquo;ai pas envie que mon p\u00e8re tombe dans l&rsquo;oubli.\u00a0\u00bb<\/p>\n<p>Toutefois, comme le souligne <a href=\"https:\/\/www.parismatch.com\/People\/alain-fabien-delon-peut-il-decider-seul-douvrir-la-chapelle-de-douchy-lavis-de-maitre-nathalie-couzigou-suhas-274366\" target=\"_blank\" rel=\"nofollow noopener\">Paris Match<\/a>, qui a sollicit\u00e9 l&rsquo;avis d&rsquo;une sp\u00e9cialiste du droit, ce n&rsquo;est pas gagn\u00e9 d&rsquo;avance. \u00ab\u00a0Pour autoriser cet acc\u00e8s aux fans, le droit de l&rsquo;indivision, r\u00e9gi par l&rsquo;article 815\u00a0du code civil, est tr\u00e8s clair. Il faut l&rsquo;unanimit\u00e9, donc qu&rsquo;il faut l&rsquo;autorisation des trois enfants d&rsquo;Alain Delon\u00a0\u00bb, peut-on lire. Reste \u00e0 savoir ce qu&rsquo;en pensent Anthony et Anouchka.<\/p>\n","protected":false},"excerpt":{"rendered":"C&rsquo;est dans sa propri\u00e9t\u00e9 du Loiret qu&rsquo;est enterr\u00e9 Alain Delon. Et son fils, Alain-Fabien, vient de d\u00e9voiler ce&hellip;\n","protected":false},"author":2,"featured_media":1138825,"comment_status":"","ping_status":"","sticky":false,"template":"","format":"standard","meta":{"footnotes":"","_share_on_mastodon":"0"},"categories":[8],"tags":[3723,5960,116673,51761,58,59,51763,1011,27,51766,51767],"class_list":["post-1138824","post","type-post","status-publish","format-standard","has-post-thumbnail","category-divertissement","tag-actus","tag-alain-delon","tag-cms-journaldesfemmes-3275555","tag-controller-content","tag-divertissement","tag-entertainment","tag-format-papier","tag-fr","tag-france","tag-les-histoires-du-jdf","tag-parallaxeinfeed"],"share_on_mastodon":{"url":"https:\/\/pubeurope.com\/@fr\/117129265342208747","error":""},"_links":{"self":[{"href":"https:\/\/www.europesays.com\/fr\/wp-json\/wp\/v2\/posts\/1138824","targetHints":{"allow":["GET"]}}],"collection":[{"href":"https:\/\/www.europesays.com\/fr\/wp-json\/wp\/v2\/posts"}],"about":[{"href":"https:\/\/www.europesays.com\/fr\/wp-json\/wp\/v2\/types\/post"}],"author":[{"embeddable":true,"href":"https:\/\/www.europesays.com\/fr\/wp-json\/wp\/v2\/users\/2"}],"replies":[{"embeddable":true,"href":"https:\/\/www.europesays.com\/fr\/wp-json\/wp\/v2\/comments?post=1138824"}],"version-history":[{"count":0,"href":"https:\/\/www.europesays.com\/fr\/wp-json\/wp\/v2\/posts\/1138824\/revisions"}],"wp:featuredmedia":[{"embeddable":true,"href":"https:\/\/www.europesays.com\/fr\/wp-json\/wp\/v2\/media\/1138825"}],"wp:attachment":[{"href":"https:\/\/www.europesays.com\/fr\/wp-json\/wp\/v2\/media?parent=1138824"}],"wp:term":[{"taxonomy":"category","embeddable":true,"href":"https:\/\/www.europesays.com\/fr\/wp-json\/wp\/v2\/categories?post=1138824"},{"taxonomy":"post_tag","embeddable":true,"href":"https:\/\/www.europesays.com\/fr\/wp-json\/wp\/v2\/tags?post=1138824"}],"curies":[{"name":"wp","href":"https:\/\/api.w.org\/{rel}","templated":true}]}}