{"id":113886,"date":"2025-05-20T08:41:09","date_gmt":"2025-05-20T08:41:09","guid":{"rendered":"https:\/\/www.europesays.com\/fr\/113886\/"},"modified":"2025-05-20T08:41:09","modified_gmt":"2025-05-20T08:41:09","slug":"emilien-pousse-vers-la-sortie-la-belle-me","status":"publish","type":"post","link":"https:\/\/www.europesays.com\/fr\/113886\/","title":{"rendered":"Emilien pouss\u00e9 vers la sortie, la belle-m\u00e8 &#8230;"},"content":{"rendered":"<p class=\"tls__ed-content__exc\">Dans les 12 coups de midi, Emilien<br \/>\ncontinue son ascension au grand d\u00e9sespoir de la belle-m\u00e8re de<br \/>\nl\u00a0\u00bbanimateur Jean-Luc Reichmann.<\/p>\n<p>EN BREF<\/p>\n<ul class=\"bloc_resume_post_list\">\n<li>Depuis septembre 2023, \u00c9milien, un \u00e9tudiant en Histoire,<br \/>\nest le ma\u00eetre de midi dans l&rsquo;\u00e9mission &lsquo;Les 12 coups de midi&rsquo; anim\u00e9e<br \/>\npar Jean-Luc Reichmann sur TF1.<\/li>\n<li>La belle-m\u00e8re de Jean-Luc Reichmann a exprim\u00e9 son souhait<br \/>\nde voir un nouveau ma\u00eetre de midi, estimant que cela apporterait<br \/>\nplus de dynamisme \u00e0 l&rsquo;\u00e9mission.<\/li>\n<li>D\u00e9couvrez comment les opinions divergentes sur la<br \/>\nlong\u00e9vit\u00e9 d&rsquo;\u00c9milien refl\u00e8tent un d\u00e9sir de renouveau parmi certains<br \/>\nt\u00e9l\u00e9spectateurs.<\/li>\n<\/ul>\n<p>Dans l\u2019\u00e9mission populaire <a href=\"https:\/\/www.telestar.fr\/actu_tv\/les-12-coups-de-midi-emilien-bat-un-record-du-monde-1723062\" rel=\"nofollow noopener\" target=\"_blank\"><br \/>\nLes 12 coups de midi sur TF1<\/a>, l\u2019actuel ma\u00eetre de midi,<br \/>\nEmilien, impressionne par <a href=\"https:\/\/www.telestar.fr\/actu_tv\/les-12-coups-de-midi-confettis-et-grosse-emotion-emilien-tombe-des-nues-apres-une-annonce-de-jean-luc-reichmann-1723193\" rel=\"nofollow noopener\" target=\"_blank\"><br \/>\nsa long\u00e9vit\u00e9 et ses connaissances.<\/a> Depuis septembre 2023, il<br \/>\nr\u00e8gne en ma\u00eetre sur le plateau du jeu de Jean-Luc Reichmann. Le<br \/>\njeune \u00e9tudiant en Histoire est bien d\u00e9cid\u00e9 \u00e0 conserver encore son<br \/>\npr\u00e9cieux troph\u00e9e. Cependant, cette pr\u00e9sence prolong\u00e9e <strong>ne<br \/>\nfait pas l\u2019unanimit\u00e9,<\/strong> m\u00eame dans l\u2019entourage proche de<br \/>\nl\u2019animateur Jean-Luc Reichmann.<\/p>\n<p>Selon l\u2019article de Voici, la belle-m\u00e8re de <a href=\"https:\/\/www.closermag.fr\/tv_tele_realite\/emilien-coute-une-blinde-dans-les-12-coups-de-midi-jean-luc-reichmann-ne-sait-plus-quoi-faire-3537964\" rel=\"nofollow noopener\" target=\"_blank\"><br \/>\nJean-Luc Reichmann<\/a> a r\u00e9cemment confi\u00e9, sans d\u00e9tour, qu\u2019elle<br \/>\naimerait voir un nouveau ma\u00eetre de midi. Elle trouve qu\u2019il serait<br \/>\ntemps qu\u2019Emilien c\u00e8de sa place, non pas par animosit\u00e9, mais parce<br \/>\nqu\u2019elle trouve l\u2019\u00e9mission plus palpitante avec du renouvellement et<br \/>\n<strong>de nouveaux visages.<\/strong> Et cet avis semble \u00eatre<br \/>\npartag\u00e9 par plusieurs personnes.<\/p>\n<p>\u00ab\u00a0On aimerait bien voir un nouveau ma\u00eetre de midi\u00a0\u00bb<\/p>\n<p>Ce lundi 19 mai 2025, Jean-Luc Reichmann a d\u00e9voil\u00e9 une vid\u00e9o sur<br \/>\nses r\u00e9seaux sociaux. L\u2019occasion pour le pr\u00e9sentateur d\u2019interroger<br \/>\nsa belle-m\u00e8re Roselyne. \u00ab\u00a0Alors \u00c9milien, tu es toujours en piste<br \/>\n? \u00c9coute, <strong>je vais t\u2019avouer quelque chose\u2026<\/strong>Je<br \/>\npensais que, peut-\u00eatre, tu allais d\u00e9cider, comme Xavier l\u2019avait<br \/>\nfait, mais pour d\u2019autres raisons, de t\u2019en aller\u2026\u00a0\u00bb, a-t-elle<br \/>\nd\u00e9clar\u00e9.<\/p>\n<p>La belle-m\u00e8re de l&rsquo;animateur a ensuite poursuivi : \u00ab\u00a0Et puis,<br \/>\nje vais quand m\u00eame t\u2019avouer que, avec tout le respect que j\u2019ai pour<br \/>\ntoi, on aimerait bien voir <strong>un nouveau ma\u00eetre de<br \/>\nmidi\u00a0\u00bb,<\/strong> a-t-elle compl\u00e9t\u00e9 au au sujet d&rsquo;Emilien.<br \/>\n\u00ab\u00a0Voil\u00e0, c\u2019\u00e9tait le petit message de ma belle-m\u00e8re. Elle a<br \/>\ntoujours dit ce qu\u2019elle pensait\u00a0\u00bb, a conclu l&rsquo;animateur de TF1,<br \/>\nun brin amus\u00e9 par la situation.<\/p>\n<p>Le parcours d&rsquo;Emilien dans Les 12 coups<br \/>\nde midi<\/p>\n<p>Cette d\u00e9claration rejoint le sentiment de certains<br \/>\nt\u00e9l\u00e9spectateurs qui, malgr\u00e9 l\u2019admiration <strong>pour le parcours<br \/>\nd\u2019Emilien,<\/strong> souhaitent davantage de suspense et de<br \/>\nrebondissements dans l\u2019\u00e9mission. La long\u00e9vit\u00e9 exceptionnelle d\u2019un<br \/>\ncandidat peut parfois lasser une partie du public, avide de<br \/>\nsurprises.<\/p>\n<p>Jean-Luc Reichmann, quant \u00e0 lui, reste toujours bienveillant<br \/>\nenvers ses champions et souligne r\u00e9guli\u00e8rement <strong>la<br \/>\ndifficult\u00e9 d\u2019un tel parcours.<\/strong> Il respecte les avis, y<br \/>\ncompris ceux de sa belle-m\u00e8re, mais rappelle que le jeu repose sur<br \/>\nle m\u00e9rite et la performance des candidats.<\/p>\n","protected":false},"excerpt":{"rendered":"Dans les 12 coups de midi, Emilien continue son ascension au grand d\u00e9sespoir de la belle-m\u00e8re de l\u00a0\u00bbanimateur&hellip;\n","protected":false},"author":2,"featured_media":113887,"comment_status":"","ping_status":"","sticky":false,"template":"","format":"standard","meta":{"footnotes":""},"categories":[1359],"tags":[548,58,59,1011,27,466,973],"class_list":{"0":"post-113886","1":"post","2":"type-post","3":"status-publish","4":"format-standard","5":"has-post-thumbnail","7":"category-people","8":"tag-article-simple","9":"tag-divertissement","10":"tag-entertainment","11":"tag-fr","12":"tag-france","13":"tag-les-12-coups-de-midi","14":"tag-people"},"share_on_mastodon":{"url":"https:\/\/pubeurope.com\/@fr\/114539271547617438","error":""},"_links":{"self":[{"href":"https:\/\/www.europesays.com\/fr\/wp-json\/wp\/v2\/posts\/113886","targetHints":{"allow":["GET"]}}],"collection":[{"href":"https:\/\/www.europesays.com\/fr\/wp-json\/wp\/v2\/posts"}],"about":[{"href":"https:\/\/www.europesays.com\/fr\/wp-json\/wp\/v2\/types\/post"}],"author":[{"embeddable":true,"href":"https:\/\/www.europesays.com\/fr\/wp-json\/wp\/v2\/users\/2"}],"replies":[{"embeddable":true,"href":"https:\/\/www.europesays.com\/fr\/wp-json\/wp\/v2\/comments?post=113886"}],"version-history":[{"count":0,"href":"https:\/\/www.europesays.com\/fr\/wp-json\/wp\/v2\/posts\/113886\/revisions"}],"wp:featuredmedia":[{"embeddable":true,"href":"https:\/\/www.europesays.com\/fr\/wp-json\/wp\/v2\/media\/113887"}],"wp:attachment":[{"href":"https:\/\/www.europesays.com\/fr\/wp-json\/wp\/v2\/media?parent=113886"}],"wp:term":[{"taxonomy":"category","embeddable":true,"href":"https:\/\/www.europesays.com\/fr\/wp-json\/wp\/v2\/categories?post=113886"},{"taxonomy":"post_tag","embeddable":true,"href":"https:\/\/www.europesays.com\/fr\/wp-json\/wp\/v2\/tags?post=113886"}],"curies":[{"name":"wp","href":"https:\/\/api.w.org\/{rel}","templated":true}]}}