{"id":113888,"date":"2025-05-20T08:42:09","date_gmt":"2025-05-20T08:42:09","guid":{"rendered":"https:\/\/www.europesays.com\/fr\/113888\/"},"modified":"2025-05-20T08:42:09","modified_gmt":"2025-05-20T08:42:09","slug":"une-galerie-darts-inauguree-rue-victor-hugo-a-amboise","status":"publish","type":"post","link":"https:\/\/www.europesays.com\/fr\/113888\/","title":{"rendered":"Une galerie d\u2019arts inaugur\u00e9e rue Victor-Hugo \u00e0 Amboise"},"content":{"rendered":"<p>Apr\u00e8s deux expositions comme galop d\u2019essai\u00a0courant mai, la galerie Victor-Hugo, 60, rue Victor-Hugo \u00e0 Amboise inaugure officiellement ses locaux, samedi 24\u00a0mai 2025. Comme l\u2019explique Patrice Poidevin, l\u2019un des deux responsables\u00a0: \u00ab\u00a0Cette galerie, n\u00e9e d\u2019une passion et d\u2019un r\u00eave, est le fruit de notre engagement, Genevi\u00e8ve Deplati\u00e8re et moi-m\u00eame, pour donner \u00e0 l\u2019art sont plein droit de cit\u00e9 en le rendant accessible \u00e0 tous.\u00a0\u00bb<\/p>\n<p>\u00ab\u00a0Notre programme est complet pour 2025\u00a0\u00bb<\/p>\n<p>Patrice Poidevin et Genevi\u00e8ve\u00a0Deplati\u00e8re sont arriv\u00e9s \u00e0 Amboise en 2016. En 2021, ils cr\u00e9ent <a target=\"_self\" href=\"https:\/\/www.lanouvellerepublique.fr\/indre-et-loire\/commune\/poce-sur-cisse\/pres-d-amboise-deuxieme-jour-du-premier-festival-des-arts\" rel=\"noopener\">l\u2019association\u00a0Artistes en Val d\u2019Amboise<\/a>.\u00a0Comme le raconte Patrice\u00a0Poidevin\u00a0: \u00ab\u00a0Apr\u00e8s une carri\u00e8re professionnelle tr\u00e8s vari\u00e9e qui m\u2019a fait exercer des professions telles que Directeur Financier, agent immobilier ou h\u00f4telier \u00e0 Belle-\u00cele-en-Mer, je me suis consacr\u00e9 plus intensivement \u00e0 la peinture en 2013, ayant la possibilit\u00e9 d\u2019y passer plus de temps. En 2021, j\u2019ai voulu exposer mes toiles \u00e0 Saint-Florentin mais la ville m\u2019a r\u00e9pondu que je devais faire partie d\u2019une association. Nous avons alors cr\u00e9\u00e9\u00a0Artiste en Val d\u2019Amboise dont je suis pr\u00e9sident et Genevi\u00e8ve secr\u00e9taire. Mais comme j\u2019\u00e9tais lass\u00e9 de passer trop de temps \u00e0 exposer \u00e0 droite et \u00e0 gauche, nous avons d\u00e9cid\u00e9 de cr\u00e9er notre propre galerie rue Victor-Hugo tout en continuant de nous occuper de l\u2019association.\u00a0\u00bb<\/p>\n<p>C\u2019est sur une maison de la fin du 17e\u00a0si\u00e8cle que Genevi\u00e8ve\u00a0Deplati\u00e8re et Patrice Poidevin ont jet\u00e9 leur d\u00e9volu en 2024. Apr\u00e8s des travaux d\u2019am\u00e9nagement cons\u00e9quents, ils disposent d\u2019un lieu adapt\u00e9 \u00e0 cette activit\u00e9\u00a0: \u00ab\u00a0Nous avons une surface au sol de 100 m\u00b2 et 120 m\u00b2 d&rsquo;exposition aux murs. La galerie comporte sept salles dont une d\u00e9di\u00e9e \u00e0 la sculpture. Nous ouvrons la galerie \u00e0 tout le monde. Notre programme est complet pour 2025 o\u00f9 nous aurons trois sessions de six semaines. Chaque session comportera six peintres ou photographe et deux sculpteurs\u00a0\u00bb, pr\u00e9cise encore Patrice.<\/p>\n<p>La rue Victor-Hugo, un choix \u00ab\u00a0pas anodin\u00a0\u00bb<\/p>\n<p>La po\u00e9sie, activit\u00e9 artistique de Genevi\u00e8ve Deplati\u00e8re, a aussi sa place dans la galerie. Des rencontres po\u00e9tiques doivent s\u2019y tenir et, en juillet, une journ\u00e9e permettra le partage de la lecture de po\u00e8me avec la pr\u00e9sentation d\u2019\u0153uvres de Fred L\u00e9na.<\/p>\n<p>\u00ab\u00a0Le choix de la rue Victor-Hugo n\u2019est pas anodin. C\u2019est un passage oblig\u00e9 pour les visiteurs de la derni\u00e8re demeure de L\u00e9onard de Vinci. Cette rue va d\u2019ailleurs bient\u00f4t disposer de trois galeries d\u2019art dont la n\u00f4tre ce qui favorise l\u2019attractivit\u00e9\u00a0\u00bb, ajoute Patrice Poidevin.<\/p>\n<p>Pour sa premi\u00e8re session la galerie va recevoir jusqu\u2019au 6\u00a0juillet les peintres\u00a0: Nicole Avezard, Anna Coccia, Annie Raveau, Jean-Pierre Sall\u00e9 ainsi que les sculptures de Christine Chastenet et de Sofi.<\/p>\n<p>Galerie Victor Hugo, 60, rue Victor-Hugo \u00e0 Amboise. Vernissage de l\u2019exposition vendredi 23\u00a0mai \u00e0 partir de 17\u00a0h. Inauguration de la galerie le 24\u00a0mai \u00e0 partir de 14\u00a0h.<\/p>\n","protected":false},"excerpt":{"rendered":"Apr\u00e8s deux expositions comme galop d\u2019essai\u00a0courant mai, la galerie Victor-Hugo, 60, rue Victor-Hugo \u00e0 Amboise inaugure officiellement ses&hellip;\n","protected":false},"author":2,"featured_media":113889,"comment_status":"","ping_status":"","sticky":false,"template":"","format":"standard","meta":{"footnotes":""},"categories":[1358],"tags":[1392,7502,1348,1384,1385,215,1386,58,59,1349,1011,27,1393],"class_list":{"0":"post-113888","1":"post","2":"type-post","3":"status-publish","4":"format-standard","5":"has-post-thumbnail","7":"category-arts-et-design","8":"tag-a-la-une-local","9":"tag-amboise","10":"tag-arts","11":"tag-arts-and-design","12":"tag-arts-et-design","13":"tag-commerce","14":"tag-design","15":"tag-divertissement","16":"tag-entertainment","17":"tag-expositions","18":"tag-fr","19":"tag-france","20":"tag-loisirs"},"share_on_mastodon":{"url":"https:\/\/pubeurope.com\/@fr\/114539275492589336","error":""},"_links":{"self":[{"href":"https:\/\/www.europesays.com\/fr\/wp-json\/wp\/v2\/posts\/113888","targetHints":{"allow":["GET"]}}],"collection":[{"href":"https:\/\/www.europesays.com\/fr\/wp-json\/wp\/v2\/posts"}],"about":[{"href":"https:\/\/www.europesays.com\/fr\/wp-json\/wp\/v2\/types\/post"}],"author":[{"embeddable":true,"href":"https:\/\/www.europesays.com\/fr\/wp-json\/wp\/v2\/users\/2"}],"replies":[{"embeddable":true,"href":"https:\/\/www.europesays.com\/fr\/wp-json\/wp\/v2\/comments?post=113888"}],"version-history":[{"count":0,"href":"https:\/\/www.europesays.com\/fr\/wp-json\/wp\/v2\/posts\/113888\/revisions"}],"wp:featuredmedia":[{"embeddable":true,"href":"https:\/\/www.europesays.com\/fr\/wp-json\/wp\/v2\/media\/113889"}],"wp:attachment":[{"href":"https:\/\/www.europesays.com\/fr\/wp-json\/wp\/v2\/media?parent=113888"}],"wp:term":[{"taxonomy":"category","embeddable":true,"href":"https:\/\/www.europesays.com\/fr\/wp-json\/wp\/v2\/categories?post=113888"},{"taxonomy":"post_tag","embeddable":true,"href":"https:\/\/www.europesays.com\/fr\/wp-json\/wp\/v2\/tags?post=113888"}],"curies":[{"name":"wp","href":"https:\/\/api.w.org\/{rel}","templated":true}]}}