{"id":113898,"date":"2025-05-20T08:47:07","date_gmt":"2025-05-20T08:47:07","guid":{"rendered":"https:\/\/www.europesays.com\/fr\/113898\/"},"modified":"2025-05-20T08:47:07","modified_gmt":"2025-05-20T08:47:07","slug":"cette-tres-mauvaise-habitude-de-millions-de-francais-qui-augmente-les-risques","status":"publish","type":"post","link":"https:\/\/www.europesays.com\/fr\/113898\/","title":{"rendered":"cette (tr\u00e8s) mauvaise habitude de millions de Fran\u00e7ais qui augmente les risques"},"content":{"rendered":"<p>            Par<br \/>\n        <strong><br \/>\n            <a href=\"https:\/\/actu.fr\/auteur\/redaction-actu\" title=\"Consulter tous les articles de R\u00e9daction Actu\" rel=\"nofollow noopener\" target=\"_blank\">R\u00e9daction Actu<\/a><br \/>\n        <\/strong><\/p>\n<p>        Publi\u00e9 le<\/p>\n<p>            20 mai 2025 \u00e0 5h32        <\/p>\n<p>Le lien entre tabagisme et cancer de la vessie est encore trop peu connu. Pourtant, premier facteur de risque, le tabac est responsable de plus de 50 % des cancers de la vessie.<\/p>\n<p>\u00a0\u00ab\u00a0Un des cancers qui tue le plus\u00a0\u00bb<\/p>\n<p class=\" wall-content\">En France, <strong>entre 13 000 et 20 000 cancers<\/strong> de la vessie sont diagnostiqu\u00e9s chaque ann\u00e9e. Pourquoi une fourchette aussi large ?<\/p>\n<blockquote class=\"ac-article-quote wall-content\">\n<p>Beaucoup de cancers \u00e9tant diagnostiqu\u00e9s \u00e0 un stade pr\u00e9coce \u2013 non-infiltrant le muscle -, il subsiste une ambigu\u00eft\u00e9 sur le plan anatomopathologique sur le terme de cancer. Certaines tumeurs plus superficielles ne sont pas consid\u00e9r\u00e9es comme \u00e9tant des cancers. Pourtant, ces patients souffrent d\u2019une pathologie canc\u00e9reuse, \u00e0 risque de r\u00e9cidive.<\/p>\n<p>    <strong>Pr. Yann Neuzillet<\/strong><br \/>\n        Urologue \u00e0 l\u2019h\u00f4pital Foch et secr\u00e9taire g\u00e9n\u00e9ral de l\u2019Association fran\u00e7aise d\u2019urologie (AFU), lors d\u2019une conf\u00e9rence de presse organis\u00e9e le 29 avril 2025.    <\/p><\/blockquote>\n<p class=\" wall-content\">Ainsi, <a href=\"https:\/\/actu.fr\/societe\/du-sang-dans-votre-urine-pourquoi-il-faut-s-inquieter-et-rapidement-consulter-un-medecin_62609496.html\" rel=\"nofollow noopener\" target=\"_blank\">le cancer de la vessie<\/a> est une pathologie assez courante,\u00a0\u00ab\u00a0quatri\u00e8me cancer en incidence dans le monde et un des cancers qui tue le plus. Il s\u2019agit d\u2019un cancer beaucoup plus fr\u00e9quent\u00a0et beaucoup plus grave qu\u2019on ne le pense\u00a0\u00bb,\u00a0compl\u00e8te Benjamin Prad\u00e8re, urologue \u00e0 Toulouse et membre de l\u2019AFU.<\/p>\n<p class=\" wall-content\">Le tabac, consomm\u00e9 par 15 millions de Fran\u00e7ais, dont 12 millions de fa\u00e7on quotidienne, est aujourd\u2019hui le premier facteur de risque du cancer de la vessie.\u00a0<\/p>\n<p>Vid\u00e9os : en ce moment sur Actu<\/p>\n<blockquote class=\"ac-article-quote wall-content\">\n<p>Les carcinog\u00e8nes que nous inhalons et principalement ceux du tabac sont \u00e9limin\u00e9s dans les urines. La vessie jouant un r\u00f4le de r\u00e9servoir, elle stocke ces carcinog\u00e8nes durant de longues heures. La muqueuse uroth\u00e9liale est donc expos\u00e9e \u00e0 leur agressivit\u00e9 qui favorise la survenue de mutations g\u00e9n\u00e9tiques pouvant \u00e9voluer vers un cancer. <\/p>\n<p>    <strong>Pr. Yann Neuzillet<\/strong><br \/>\n        Urologue \u00e0 l\u2019h\u00f4pital Foch et secr\u00e9taire g\u00e9n\u00e9ral de l\u2019Association fran\u00e7aise d\u2019urologie (AFU)    <\/p><\/blockquote>\n<p class=\" wall-content\">Et selon le Dr. Prad\u00e8re,\u00a0\u00ab\u00a0<strong>plus de 50 % des patients atteints d\u2019un cancer de la vessie ont \u00e9t\u00e9 ou sont fumeurs<\/strong>\u00a0\u00bb.<\/p>\n<p>Pr\u00e8s de 6 fois plus de risque de cancer de la vessie chez les fumeurs<\/p>\n<p class=\" wall-content\">Le tabac est class\u00e9 comme canc\u00e9rig\u00e8ne certain par le Centre international de recherche sur le cancer et selon le centre anti-cancer L\u00e9on-Berard de Lyon, le lien de causalit\u00e9 entre le tabac et le cancer de la vessie a \u00e9t\u00e9 \u00e9tabli en 1985 par les experts.<\/p>\n<p class=\" wall-content\">Sur les 4 000 produits chimiques contenus <a href=\"https:\/\/actu.fr\/societe\/tabac-voici-combien-de-minutes-de-vie-vous-fait-perdre-chaque-cigarette-fumee_62064102.html\" rel=\"nofollow noopener\" target=\"_blank\">dans la fum\u00e9e de tabac<\/a>, certains ont \u00e9t\u00e9 sp\u00e9cifiquement identifi\u00e9s comme favorisant le cancer de la vessie.<\/p>\n<p class=\" wall-content\">Selon le site de l\u2019AFU, \u00ab\u00a0plus la consommation est ancienne et intense, plus le risque est \u00e9lev\u00e9 \u00bb.\u00a0On consid\u00e8re aujourd\u2019hui que le risque d\u2019un fumeur de d\u00e9velopper un cancer de la vessie est <strong>5,5 fois sup\u00e9rieur \u00e0 celui d\u2019un non-fumeur<\/strong>.<\/p>\n<p class=\" wall-content\">\u00c0 noter que sous certaines conditions, le cancer de la vessie peut \u00eatre reconnu comme une maladie professionnelle. En cause, l\u2019exposition professionnelle \u00e0 des substances canc\u00e9rog\u00e8nes telles que les amines aromatiques et les hydrocarbures.<\/p>\n<p class=\" wall-content\">Coiffure, esth\u00e9tique, fabrication ou utilisation d\u2019encres et de peintures, industries (colorants, caoutchouc, textile, imprimerie\u2026), fonderie, m\u00e9tallurgie, charbon\u2026 sont autant de secteurs o\u00f9 le risque existe.<\/p>\n<p class=\" wall-content\">Avec Destination Sant\u00e9<\/p>\n<p class=\" wall-content\">Suivez toute l\u2019actualit\u00e9 de vos villes et m\u00e9dias favoris en vous inscrivant \u00e0 <a href=\"https:\/\/moncompte.actu.fr\" title=\"D\u00e9couvez Mon Actu\" rel=\"nofollow noopener\" data-trk=\"{&quot;cta&quot;:{&quot;action&quot;:&quot;https:\\\/\\\/moncompte.actu.fr&quot;,&quot;category&quot;:&quot;mon compte&quot;,&quot;from&quot;:&quot;article footer&quot;,&quot;name&quot;:&quot;Mon actu&quot;,&quot;type&quot;:&quot;cta&quot;}}\" target=\"_blank\">Mon Actu<\/a>.<\/p>\n","protected":false},"excerpt":{"rendered":"Par R\u00e9daction Actu Publi\u00e9 le 20 mai 2025 \u00e0 5h32 Le lien entre tabagisme et cancer de la&hellip;\n","protected":false},"author":2,"featured_media":113899,"comment_status":"","ping_status":"","sticky":false,"template":"","format":"standard","meta":{"footnotes":""},"categories":[10],"tags":[101,1011,27,72,71,104,6582],"class_list":{"0":"post-113898","1":"post","2":"type-post","3":"status-publish","4":"format-standard","5":"has-post-thumbnail","7":"category-sante","8":"tag-cancer","9":"tag-fr","10":"tag-france","11":"tag-health","12":"tag-sante","13":"tag-societe","14":"tag-tabac"},"share_on_mastodon":{"url":"https:\/\/pubeurope.com\/@fr\/114539295178170946","error":""},"_links":{"self":[{"href":"https:\/\/www.europesays.com\/fr\/wp-json\/wp\/v2\/posts\/113898","targetHints":{"allow":["GET"]}}],"collection":[{"href":"https:\/\/www.europesays.com\/fr\/wp-json\/wp\/v2\/posts"}],"about":[{"href":"https:\/\/www.europesays.com\/fr\/wp-json\/wp\/v2\/types\/post"}],"author":[{"embeddable":true,"href":"https:\/\/www.europesays.com\/fr\/wp-json\/wp\/v2\/users\/2"}],"replies":[{"embeddable":true,"href":"https:\/\/www.europesays.com\/fr\/wp-json\/wp\/v2\/comments?post=113898"}],"version-history":[{"count":0,"href":"https:\/\/www.europesays.com\/fr\/wp-json\/wp\/v2\/posts\/113898\/revisions"}],"wp:featuredmedia":[{"embeddable":true,"href":"https:\/\/www.europesays.com\/fr\/wp-json\/wp\/v2\/media\/113899"}],"wp:attachment":[{"href":"https:\/\/www.europesays.com\/fr\/wp-json\/wp\/v2\/media?parent=113898"}],"wp:term":[{"taxonomy":"category","embeddable":true,"href":"https:\/\/www.europesays.com\/fr\/wp-json\/wp\/v2\/categories?post=113898"},{"taxonomy":"post_tag","embeddable":true,"href":"https:\/\/www.europesays.com\/fr\/wp-json\/wp\/v2\/tags?post=113898"}],"curies":[{"name":"wp","href":"https:\/\/api.w.org\/{rel}","templated":true}]}}