{"id":1139047,"date":"2026-08-20T20:58:24","date_gmt":"2026-08-20T20:58:24","guid":{"rendered":"https:\/\/www.europesays.com\/fr\/1139047\/"},"modified":"2026-08-20T20:58:24","modified_gmt":"2026-08-20T20:58:24","slug":"vainqueur-du-gornik-zabrze-monaco-prend-une-option-en-barrages-aller-de-la-ligue-conference-lequipe","status":"publish","type":"post","link":"https:\/\/www.europesays.com\/fr\/1139047\/","title":{"rendered":"Vainqueur du Gornik Zabrze, Monaco prend une option en barrages aller de la Ligue Conf\u00e9rence &#8211; L&#039;\u00c9quipe"},"content":{"rendered":"<ol>\n<li><a href=\"https:\/\/news.google.com\/rss\/articles\/CBMi2gFBVV95cUxPWXlTQ2EtOExqTEdrTmxLdU5fSkVLQk9WLTMyVklVTDRzNUNzSHQzUzRNLXVjNHZOaUR0Q2xXZk93VnFjeUptbWkwN2x6UHlZWWlydWJGcTl0MF82NEVsQzR5aE9PSUg1NW1OMWExVXVTbVU4S05KdkJMVW1FZ25WZmRXMGliUFBJVDVlN2lHUVFGTGhlS2lrVjhtUG1ObFRoRlhROTBBYmJNeERzcEsyYzU0SEM0SkF0NjQxWFZ2cFpHWU1zZkt1WXZ1amdsV2lWSnBPOHdlNlBCdw?oc=5\" target=\"_blank\" rel=\"nofollow noopener\">Vainqueur du Gornik Zabrze, Monaco prend une option en barrages aller de la Ligue Conf\u00e9rence<\/a>&nbsp;&nbsp;L&rsquo;\u00c9quipe<\/li>\n<li><a href=\"https:\/\/news.google.com\/rss\/articles\/CBMilgJBVV95cUxNUTRWWGhBWTZzT2FIbjlPSno0Zm9naDAwNy1GV0tmd3NCSk9FdGVicGY3TUFkWnllVGNhNHBmVnZPWUJ2MHc1djVSZGFGSlZHN0hRd3N3ZnJ4WEZHMERoMzlKM3gxWEdaMDdqbXNkaWdrVkR2TzhfdllXcU9acG9velpIVzlSeHFtSldLLU15bmRrbzU0N3V3THhaQXp0WXVFcElVZzUwUUZZa2tCYU9nT0dvd2xmRE10SVc4Q2lzMGtUV29HUzM0VFFkaERGU1hJeEdjZG55UEZGNll3ci11YXpuWXVjNTJzVzhRX1M5WTc5NGV6bXVpTGpfWUVMQTJpVlJuT0tka1kyV0NNemtGZjdoS192dw?oc=5\" target=\"_blank\" rel=\"nofollow noopener\">Monaco s&rsquo;impose \u00e0 Zabrze et entrevoit la qualif&rsquo;<\/a>&nbsp;&nbsp;Eurosport<\/li>\n<li><a href=\"https:\/\/news.google.com\/rss\/articles\/CBMi5gFBVV95cUxNMzRGWU4xMGo5bGlOcXNjWlFlWkdVeEpRZm1vUjNhU004YmVHZVphdGhkNFo4eDhEa29iTFRjOUFYWGh1NnpCRy1LNExQRWp6eGt2V3BTbzBoOEJkbGtmNXVQYWRmcDE4YUVDU0hLd1J6clhNMmF3cEh2M2Q5X3dtbFBxckNPeEJHNFdPLWp1bHV5V2xOUUJzUFdpUTREd1JTWXIweEprMGxtamprdThGMXNIbm52dzRrLVZKQkp4WFlURG5aTF80eEFXdmV0QVh4a2RPZ3ltYjRpSVN0RE5ueUtZaTczZ9IB5AFBVV95cUxQQnZQWHBpYnlVbzhIbXhtT3M1aDdEY0RhaUgyRG0xU3JybjNCcVlOcktCVnB3alFQRGwyWEhSTlpva04zNFdSazlxSGR0UFJRbGlXbHBsTUthRGMtdFZENHlydDNuQl9iTHNaNE5TTGY5MzRib0tHN2FfZkhOWlJXQzVod3RRM1dGRVZLTzFWSlFnX1VUMS1oRmlZVm5TUWFPN3VTUHZqenBZT2tPdjY4U1NOdFRmNEVIazQ0ZTdDZmdkaktVbDZnZ3ExSTNERVFtSGlJbWZhblowTXlkYll6NnZjUF8?oc=5\" target=\"_blank\" rel=\"nofollow noopener\">Ligue Conf\u00e9rence (barrages) : Monaco prend une option sur la qualification : Sports &#8211; Orange<\/a>&nbsp;&nbsp;Sports &#8211; Orange<\/li>\n<li><a href=\"https:\/\/news.google.com\/rss\/articles\/CBMiggJBVV95cUxPUVdyWU51QlI5UExGc3lzUWc2aG0xaVdtQmtPTXZmMno1U1FGOUgtMUNUVGFzaWdIRTJ6Z1l2NlpHa01VV09Dd1NPN1dHT2FBSzB5LUlEYlByNTB4RzU4UGtMYW9BNEpYVU1Va3VUOFJxNUw3c3BjczlGLUd5RDJ1c1N2b2gtMTY2YjIzcEJFYXloX0s4dXA5RU9PVGc2dWEzT00wdk8zNkhQZWlIb2JPWU9ydFBEWm5yUHJRbUQ1S2czOHB1TVBGbG5salZaLWJKQ3N2UjdoOXhlekMzbjBMU3JPMnhQR0NkenZpTmRITzMzZVRCT0F2NEpiSVBZcEcweFE?oc=5\" target=\"_blank\" rel=\"nofollow noopener\">DIRECT. Gornik Zabrze-Monaco: les Polonais r\u00e9duisent encore l&rsquo;\u00e9cart, l&rsquo;ASM se fait peur<\/a>&nbsp;&nbsp;RMC Sport<\/li>\n<li><a href=\"https:\/\/news.google.com\/rss\/articles\/CBMi2gFBVV95cUxOV001dUs0NXU3eVE5Y25hbHJ2bE1zbmUzWXZQWVFza0xJaGw0LTZyZW0zc3NWSTM3enJCWmtGdWxEcUhBR0RPanl2UHVSRXJjSU81cDRfZjRVUUdSOXdoVjBKUThwQ01Na3FyQ3JxcWltOHFPdHJhcUtPS2c4QVE4aDVPRlNOemdudko2VUdJVGpSTUpWdUlCbjI1RWpUbkNWdUhENGRKMG9hNzNoNkd5VGVYUDJCaGJBUzJkUHBJaDZpOHZJTnpYWlhhVlJmdDlITjZ6c1VQNEUtdw?oc=5\" target=\"_blank\" rel=\"nofollow noopener\">Ligue Europa Conf\u00e9rence : Monaco assure l\u2019essentiel face au Gornik Zabrze lors du match aller<\/a>&nbsp;&nbsp;Foot Mercato<\/li>\n<\/ol>\n","protected":false},"excerpt":{"rendered":"Vainqueur du Gornik Zabrze, Monaco prend une option en barrages aller de la Ligue Conf\u00e9rence&nbsp;&nbsp;L&rsquo;\u00c9quipe Monaco s&rsquo;impose \u00e0&hellip;\n","protected":false},"author":2,"featured_media":1139048,"comment_status":"","ping_status":"","sticky":false,"template":"","format":"standard","meta":{"footnotes":"","_share_on_mastodon":"0"},"categories":[1410],"tags":[116689,63,1011,27,86931,43670,3127,86796,60],"class_list":["post-1139047","post","type-post","status-publish","format-standard","has-post-thumbnail","category-football","tag-barrages-aller","tag-football","tag-fr","tag-france","tag-franck-le-dorze","tag-ligue-conference","tag-monaco","tag-resumes-et-cr","tag-sports"],"share_on_mastodon":{"url":"https:\/\/pubeurope.com\/@fr\/117129845781524395","error":""},"_links":{"self":[{"href":"https:\/\/www.europesays.com\/fr\/wp-json\/wp\/v2\/posts\/1139047","targetHints":{"allow":["GET"]}}],"collection":[{"href":"https:\/\/www.europesays.com\/fr\/wp-json\/wp\/v2\/posts"}],"about":[{"href":"https:\/\/www.europesays.com\/fr\/wp-json\/wp\/v2\/types\/post"}],"author":[{"embeddable":true,"href":"https:\/\/www.europesays.com\/fr\/wp-json\/wp\/v2\/users\/2"}],"replies":[{"embeddable":true,"href":"https:\/\/www.europesays.com\/fr\/wp-json\/wp\/v2\/comments?post=1139047"}],"version-history":[{"count":0,"href":"https:\/\/www.europesays.com\/fr\/wp-json\/wp\/v2\/posts\/1139047\/revisions"}],"wp:featuredmedia":[{"embeddable":true,"href":"https:\/\/www.europesays.com\/fr\/wp-json\/wp\/v2\/media\/1139048"}],"wp:attachment":[{"href":"https:\/\/www.europesays.com\/fr\/wp-json\/wp\/v2\/media?parent=1139047"}],"wp:term":[{"taxonomy":"category","embeddable":true,"href":"https:\/\/www.europesays.com\/fr\/wp-json\/wp\/v2\/categories?post=1139047"},{"taxonomy":"post_tag","embeddable":true,"href":"https:\/\/www.europesays.com\/fr\/wp-json\/wp\/v2\/tags?post=1139047"}],"curies":[{"name":"wp","href":"https:\/\/api.w.org\/{rel}","templated":true}]}}